{"id":97095,"date":"2016-12-29T07:00:15","date_gmt":"2016-12-29T09:00:15","guid":{"rendered":"http:\/\/www.blogdopilako.com.br\/wp\/?p=97095"},"modified":"2016-12-29T01:31:14","modified_gmt":"2016-12-29T03:31:14","slug":"retrospectiva-2016-fatos-politicos-e-administrativos","status":"publish","type":"post","link":"https:\/\/www.blogdopilako.com.br\/wp\/2016\/12\/29\/retrospectiva-2016-fatos-politicos-e-administrativos\/","title":{"rendered":"RETROSPECTIVA 2016: Fatos Pol\u00edticos e Administrativos"},"content":{"rendered":"\n\t\t\t\t<div class=\"mr_social_sharing_wrapper\">\n\t\t\t\t<!-- Social Sharing Toolkit v2.2 --><span class=\"mr_social_sharing_top\"><span style=\"display: inline-block; width: 55px; height: 62px; overflow: hidden;\"><div class=\"fb-like\" data-href=\"https:\/\/www.blogdopilako.com.br\/wp\/2016\/12\/29\/retrospectiva-2016-fatos-politicos-e-administrativos\/\" data-send=\"false\" data-layout=\"box_count\" data-width=\"55\" data-show-faces=\"false\"><\/div><\/span><\/span><span class=\"mr_social_sharing_top\"><fb:share-button type=\"box_count\" href=\"https:\/\/www.blogdopilako.com.br\/wp\/2016\/12\/29\/retrospectiva-2016-fatos-politicos-e-administrativos\/\"><\/fb:share-button><\/span><span class=\"mr_social_sharing\"><a rel=\"nofollow\" class=\"linksalpha_button linksalpha_link\" href=\"\/\/www.linksalpha.com\/social\/mobile\" data-url=\"https:\/\/www.blogdopilako.com.br\/wp\/2016\/12\/29\/retrospectiva-2016-fatos-politicos-e-administrativos\/\" data-text=\"RETROSPECTIVA 2016: Fatos Pol\u00edticos e Administrativos\" data-desc=\"CARNAVAL SEM INVESTIMENTO A gest\u00e3o do Governo de Todos encerra o seu ciclo de oito anos na coordena\u00e7\u00e3o do carnaval vitoriense, em 2016, de forma melanc\u00f3lica. Sem nenhum investimento nas agremia\u00e7\u00f5es carnavalescas,\u00a0 a prefeitura promoveu um carnaval sucateado: sem ornamenta\u00e7\u00e3o, sem\" data-image=\"http:\/\/www.blogdopilako.com.br\/wp\/wp-content\/uploads\/2016\/12\/retros.jpg\" data-button=\"none\">\n\t\t\t\t\t<img src=\"\/\/www.linksalpha.com\/images\/social_share_button.png\" alt=\"Share\" class=\"linksalpha_image\" \/>\n\t\t\t\t\t<\/a><script type=\"text\/javascript\" src=\"\/\/www.linksalpha.com\/scripts\/loader_iconbox.js?v=2.4\"><\/script><\/span><\/div><p><a href=\"http:\/\/www.blogdopilako.com.br\/wp\/wp-content\/uploads\/2016\/12\/retros.jpg\"><img loading=\"lazy\" class=\"aligncenter size-full wp-image-96645\" src=\"http:\/\/www.blogdopilako.com.br\/wp\/wp-content\/uploads\/2016\/12\/retros.jpg\" alt=\"\" width=\"485\" height=\"250\" srcset=\"https:\/\/www.blogdopilako.com.br\/wp\/wp-content\/uploads\/2016\/12\/retros.jpg 485w, https:\/\/www.blogdopilako.com.br\/wp\/wp-content\/uploads\/2016\/12\/retros-300x155.jpg 300w\" sizes=\"(max-width: 485px) 100vw, 485px\" \/><\/a><\/p>\n<p><a href=\"http:\/\/www.blogdopilako.com.br\/wp\/wp-content\/uploads\/2016\/12\/fevereiro.jpg\"><img loading=\"lazy\" class=\"aligncenter size-full wp-image-97096\" src=\"http:\/\/www.blogdopilako.com.br\/wp\/wp-content\/uploads\/2016\/12\/fevereiro.jpg\" alt=\"\" width=\"600\" height=\"40\" srcset=\"https:\/\/www.blogdopilako.com.br\/wp\/wp-content\/uploads\/2016\/12\/fevereiro.jpg 600w, https:\/\/www.blogdopilako.com.br\/wp\/wp-content\/uploads\/2016\/12\/fevereiro-300x20.jpg 300w\" sizes=\"(max-width: 600px) 100vw, 600px\" \/><\/a><\/p>\n<p><strong>CARNAVAL SEM INVESTIMENTO<\/strong><\/p>\n<p style=\"text-align: justify;\"><img loading=\"lazy\" class=\"alignleft\" src=\"http:\/\/www.crlemberg.com.br\/crianca\/poepc\/suppoe\/017ren_palhacotriste.jpg\" width=\"203\" height=\"152\" \/>A gest\u00e3o do Governo de Todos encerra o seu ciclo de oito anos na coordena\u00e7\u00e3o do carnaval vitoriense, em 2016, de forma melanc\u00f3lica. <strong>Sem nenhum investimento nas agremia\u00e7\u00f5es carnavalescas<\/strong>,\u00a0 a prefeitura promoveu um carnaval sucateado: sem ornamenta\u00e7\u00e3o, sem ilumina\u00e7\u00e3o e sem a menor organiza\u00e7\u00e3o.<\/p>\n<p><a href=\"http:\/\/www.blogdopilako.com.br\/wp\/wp-content\/uploads\/2016\/12\/maio-1.jpg\"><img loading=\"lazy\" class=\"aligncenter size-full wp-image-97097\" src=\"http:\/\/www.blogdopilako.com.br\/wp\/wp-content\/uploads\/2016\/12\/maio-1.jpg\" alt=\"\" width=\"600\" height=\"40\" srcset=\"https:\/\/www.blogdopilako.com.br\/wp\/wp-content\/uploads\/2016\/12\/maio-1.jpg 600w, https:\/\/www.blogdopilako.com.br\/wp\/wp-content\/uploads\/2016\/12\/maio-1-300x20.jpg 300w\" sizes=\"(max-width: 600px) 100vw, 600px\" \/><\/a><\/p>\n<p><strong>A CIDADE NO ESCURO<\/strong><\/p>\n<p style=\"text-align: justify;\"><img loading=\"lazy\" class=\"alignleft\" src=\"http:\/\/www.blogdopilako.com.br\/wp\/wp-content\/uploads\/80e33bda35d2620b86a2cb625ac5fb90.jpg\" width=\"185\" height=\"173\" \/>O ano na cidade da Vit\u00f3ria tamb\u00e9m foi marcado pela escurid\u00e3o nas ruas, em praticamente todos os bairros do munic\u00edpio. Com a transfer\u00eancia dos servi\u00e7os de ilumina\u00e7\u00e3o p\u00fablica da <strong>CELPE<\/strong> para a gest\u00e3o do <strong>Governo de Todo<\/strong>s, o setor foi <strong>sucateado<\/strong> e at\u00e9 a ilumina\u00e7\u00e3o do\u00a0 Centro Comercial foi esquecida.<\/p>\n<p style=\"text-align: justify;\"><a href=\"http:\/\/www.blogdopilako.com.br\/wp\/wp-content\/uploads\/2016\/12\/divisoria.png\"><img loading=\"lazy\" class=\"aligncenter size-large wp-image-97082\" src=\"http:\/\/www.blogdopilako.com.br\/wp\/wp-content\/uploads\/2016\/12\/divisoria-1024x105.png\" alt=\"\" width=\"640\" height=\"66\" srcset=\"https:\/\/www.blogdopilako.com.br\/wp\/wp-content\/uploads\/2016\/12\/divisoria-1024x105.png 1024w, https:\/\/www.blogdopilako.com.br\/wp\/wp-content\/uploads\/2016\/12\/divisoria-300x31.png 300w, https:\/\/www.blogdopilako.com.br\/wp\/wp-content\/uploads\/2016\/12\/divisoria-768x79.png 768w, https:\/\/www.blogdopilako.com.br\/wp\/wp-content\/uploads\/2016\/12\/divisoria.png 1200w\" sizes=\"(max-width: 640px) 100vw, 640px\" \/><\/a><\/p>\n<p style=\"text-align: justify;\"><strong>IMOVEIS DO MUNIC\u00cdPIO S\u00c3O NEGOCIADOS.<\/strong><\/p>\n<p style=\"text-align: justify;\"><img loading=\"lazy\" class=\"alignleft\" src=\"http:\/\/direitoadm.com.br\/wp-content\/uploads\/2012\/09\/desafeta%C3%A7%C3%A3o.png\" width=\"190\" height=\"127\" \/>O prefeito <strong>Elias Lira<\/strong> promove a maior sequ\u00eancia de\u00a0 <strong>desafeta\u00e7\u00e3o<\/strong> da hist\u00f3ria do munic\u00edpio. Ruas, pr\u00e9dios no Centro Comercial e galp\u00e3o as margens da BR 232, s\u00e3o transacionadas em troca de asfaltamento de ruas, cal\u00e7amento de ruas e constru\u00e7\u00e3o de ponte. Algumas opera\u00e7\u00f5es foram questionadas pela justi\u00e7a.<\/p>\n<p><a href=\"http:\/\/www.blogdopilako.com.br\/wp\/wp-content\/uploads\/2016\/12\/julho.jpg\"><img loading=\"lazy\" class=\"aligncenter size-full wp-image-97098\" src=\"http:\/\/www.blogdopilako.com.br\/wp\/wp-content\/uploads\/2016\/12\/julho.jpg\" alt=\"\" width=\"600\" height=\"40\" srcset=\"https:\/\/www.blogdopilako.com.br\/wp\/wp-content\/uploads\/2016\/12\/julho.jpg 600w, https:\/\/www.blogdopilako.com.br\/wp\/wp-content\/uploads\/2016\/12\/julho-300x20.jpg 300w\" sizes=\"(max-width: 600px) 100vw, 600px\" \/><\/a><\/p>\n<p><strong>ESCOLHA DO CANDIDATO PELO PREFEITO.<\/strong><\/p>\n<p style=\"text-align: justify;\"><a href=\"http:\/\/www.blogdopilako.com.br\/wp\/wp-content\/uploads\/2016\/12\/timthumb.jpeg\"><img loading=\"lazy\" class=\" wp-image-97099 alignleft\" src=\"http:\/\/www.blogdopilako.com.br\/wp\/wp-content\/uploads\/2016\/12\/timthumb.jpeg\" alt=\"\" width=\"210\" height=\"131\" srcset=\"https:\/\/www.blogdopilako.com.br\/wp\/wp-content\/uploads\/2016\/12\/timthumb.jpeg 394w, https:\/\/www.blogdopilako.com.br\/wp\/wp-content\/uploads\/2016\/12\/timthumb-300x187.jpeg 300w\" sizes=\"(max-width: 210px) 100vw, 210px\" \/><\/a>A escolha do candidato a prefeito do grupo liderado por Elias Lira foi traum\u00e1tica para seus liderados. Os secret\u00e1rios <strong>Ozias Valentim e Paulo Roberto<\/strong> travaram uma verdadeira guerra interna que rachou o conjunto. Paulo Roberto acabou ganhando a parada e Ozias cedeu, ocupando a vaga de vice na chapa majorit\u00e1ria. A decis\u00e3o unilateral de Elias Lira n\u00e3o agradou a maioria do grupo &#8220;amarelo&#8221;.<\/p>\n<p><a href=\"http:\/\/www.blogdopilako.com.br\/wp\/wp-content\/uploads\/2016\/12\/agosto.jpg\"><img loading=\"lazy\" class=\"aligncenter size-full wp-image-97077\" src=\"http:\/\/www.blogdopilako.com.br\/wp\/wp-content\/uploads\/2016\/12\/agosto.jpg\" alt=\"\" width=\"600\" height=\"40\" srcset=\"https:\/\/www.blogdopilako.com.br\/wp\/wp-content\/uploads\/2016\/12\/agosto.jpg 600w, https:\/\/www.blogdopilako.com.br\/wp\/wp-content\/uploads\/2016\/12\/agosto-300x20.jpg 300w\" sizes=\"(max-width: 600px) 100vw, 600px\" \/><\/a><\/p>\n<p><strong>INVAS\u00c3O AOS ESPA\u00c7OS P\u00daBLICOS<\/strong><\/p>\n<p style=\"text-align: justify;\"><img loading=\"lazy\" class=\"alignleft\" src=\"http:\/\/www.blogdopilako.com.br\/wp\/wp-content\/uploads\/IMG_6538.jpg\" width=\"203\" height=\"153\" \/>O ano de 2016 tamb\u00e9m foi marcado por <strong>invas\u00f5es<\/strong> a espa\u00e7o p\u00fablico. Al\u00e9m dos pr\u00e9dios no Centro Comercial e \u00e0s\u00a0 margens da movimentada Avenida Henrique de Holanda a pr\u00f3pria prefeitura, por ocasi\u00e3o de uma reforma em um posto de sa\u00fade no bairro de \u00c1guas Branca, tamb\u00e9m invadiu o passeio p\u00fablico.<\/p>\n<p><a href=\"http:\/\/www.blogdopilako.com.br\/wp\/wp-content\/uploads\/2016\/12\/setembro.jpg\"><img loading=\"lazy\" class=\"aligncenter size-full wp-image-97078\" src=\"http:\/\/www.blogdopilako.com.br\/wp\/wp-content\/uploads\/2016\/12\/setembro.jpg\" alt=\"\" width=\"600\" height=\"40\" srcset=\"https:\/\/www.blogdopilako.com.br\/wp\/wp-content\/uploads\/2016\/12\/setembro.jpg 600w, https:\/\/www.blogdopilako.com.br\/wp\/wp-content\/uploads\/2016\/12\/setembro-300x20.jpg 300w\" sizes=\"(max-width: 600px) 100vw, 600px\" \/><\/a><\/p>\n<p><strong>O PR\u00c9-CANDIDATO A PRESIDENTE \u00c1LVARO DIAS EM VIT\u00d3RIA.<\/strong><\/p>\n<p style=\"text-align: justify;\"><img loading=\"lazy\" class=\"alignleft\" src=\"http:\/\/www.blogdopilako.com.br\/wp\/wp-content\/uploads\/2016\/09\/pilako.jpg\" width=\"195\" height=\"146\" \/>No feriado da independ\u00eancia, 07 de setembro, o senador pelo estado do Paran\u00e1 e pr\u00e9-candidato a presidente da Rep\u00fablica, \u00c1lvaro Dias, visitou a cidade em agenda pol\u00edtica, com o ent\u00e3o candidato a prefeito Z\u00e9 Catinga.<\/p>\n<p><a href=\"http:\/\/www.blogdopilako.com.br\/wp\/wp-content\/uploads\/2016\/12\/divisoria.png\"><img loading=\"lazy\" class=\"aligncenter size-large wp-image-97082\" src=\"http:\/\/www.blogdopilako.com.br\/wp\/wp-content\/uploads\/2016\/12\/divisoria-1024x105.png\" alt=\"\" width=\"640\" height=\"66\" srcset=\"https:\/\/www.blogdopilako.com.br\/wp\/wp-content\/uploads\/2016\/12\/divisoria-1024x105.png 1024w, https:\/\/www.blogdopilako.com.br\/wp\/wp-content\/uploads\/2016\/12\/divisoria-300x31.png 300w, https:\/\/www.blogdopilako.com.br\/wp\/wp-content\/uploads\/2016\/12\/divisoria-768x79.png 768w, https:\/\/www.blogdopilako.com.br\/wp\/wp-content\/uploads\/2016\/12\/divisoria.png 1200w\" sizes=\"(max-width: 640px) 100vw, 640px\" \/><\/a><\/p>\n<p><strong>FUNCION\u00c1RIO DA PREFEITURA EM GREVE POR SAL\u00c1RIOS ATRASADOS<\/strong><\/p>\n<p style=\"text-align: justify;\"><img loading=\"lazy\" class=\"alignleft\" src=\"http:\/\/www.blogdopilako.com.br\/wp\/wp-content\/uploads\/2016\/09\/IMG_1257.jpg\" width=\"197\" height=\"148\" \/>No\u00a0 m\u00eas de setembro a cidade tamb\u00e9m ficou marcada pelos movimentos grevistas deflagrados pelo funcionalismo p\u00fablico municipal. Atrasos de sal\u00e1rios, entre outras reivindica\u00e7\u00f5es, foram os motivos pelo os quais \u00a0levaram as pessoas \u00e0s ruas para cobrar \u00a0dignidade e respeito.<\/p>\n<p><a href=\"http:\/\/www.blogdopilako.com.br\/wp\/wp-content\/uploads\/2016\/12\/divisoria.png\"><img loading=\"lazy\" class=\"aligncenter size-large wp-image-97082\" src=\"http:\/\/www.blogdopilako.com.br\/wp\/wp-content\/uploads\/2016\/12\/divisoria-1024x105.png\" alt=\"\" width=\"640\" height=\"66\" srcset=\"https:\/\/www.blogdopilako.com.br\/wp\/wp-content\/uploads\/2016\/12\/divisoria-1024x105.png 1024w, https:\/\/www.blogdopilako.com.br\/wp\/wp-content\/uploads\/2016\/12\/divisoria-300x31.png 300w, https:\/\/www.blogdopilako.com.br\/wp\/wp-content\/uploads\/2016\/12\/divisoria-768x79.png 768w, https:\/\/www.blogdopilako.com.br\/wp\/wp-content\/uploads\/2016\/12\/divisoria.png 1200w\" sizes=\"(max-width: 640px) 100vw, 640px\" \/><\/a><\/p>\n<p><strong>ESPIONAGEM, PERSEGUI\u00c7\u00c3O E AGRESS\u00c3O NA CAMPANHA ELEITORAL.<\/strong><\/p>\n<p style=\"text-align: justify;\"><img loading=\"lazy\" class=\"alignleft\" src=\"http:\/\/www.blogdopilako.com.br\/wp\/wp-content\/uploads\/2016\/09\/IMG_1404.jpg\" width=\"196\" height=\"147\" \/>O processo eleitoral tamb\u00e9m foi marcado por cenas de filmes de James Bond. O candidato a prefeito <strong>Paulo Roberto<\/strong>, ao saber que estava sendo filmado, \u00a0em um ato de campanha no bairro da Militina, no dia 13 de setembro, perde o controle emocional e, em persegui\u00e7\u00e3o automobil\u00edstica, parte para agress\u00e3o. As cenas s\u00e3o gravadas e disponibilizadas atrav\u00e9s das redes sociais.<\/p>\n<p><a href=\"http:\/\/www.blogdopilako.com.br\/wp\/wp-content\/uploads\/2016\/12\/divisoria.png\"><img loading=\"lazy\" class=\"aligncenter size-large wp-image-97082\" src=\"http:\/\/www.blogdopilako.com.br\/wp\/wp-content\/uploads\/2016\/12\/divisoria-1024x105.png\" alt=\"\" width=\"640\" height=\"66\" srcset=\"https:\/\/www.blogdopilako.com.br\/wp\/wp-content\/uploads\/2016\/12\/divisoria-1024x105.png 1024w, https:\/\/www.blogdopilako.com.br\/wp\/wp-content\/uploads\/2016\/12\/divisoria-300x31.png 300w, https:\/\/www.blogdopilako.com.br\/wp\/wp-content\/uploads\/2016\/12\/divisoria-768x79.png 768w, https:\/\/www.blogdopilako.com.br\/wp\/wp-content\/uploads\/2016\/12\/divisoria.png 1200w\" sizes=\"(max-width: 640px) 100vw, 640px\" \/><\/a><\/p>\n<p><strong>ESTUDANTES UNIVERSIT\u00c1RIOS PROTESTAM PELO SUCATEAMENTO DOS \u00d4NIBUS.<\/strong><\/p>\n<p style=\"text-align: justify;\"><img loading=\"lazy\" class=\"alignleft\" src=\"http:\/\/www.blogdopilako.com.br\/wp\/wp-content\/uploads\/2016\/09\/IMG_1271.jpg\" width=\"206\" height=\"155\" \/>Durante v\u00e1rios s\u00e1bados do m\u00eas de setembro os estudantes universit\u00e1rios, atrav\u00e9s do movimento <strong>#RegulaBus\u00e3o,<\/strong> ocuparam a Avenida Mariana Am\u00e1lia para protestar contra o \u00a0sucateamento dos \u00f4nibus dos estudantes, promovido pela gest\u00e3o do Governo de Todos.<\/p>\n<p><a href=\"http:\/\/www.blogdopilako.com.br\/wp\/wp-content\/uploads\/2016\/12\/divisoria.png\"><img loading=\"lazy\" class=\"aligncenter size-large wp-image-97082\" src=\"http:\/\/www.blogdopilako.com.br\/wp\/wp-content\/uploads\/2016\/12\/divisoria-1024x105.png\" alt=\"\" width=\"640\" height=\"66\" srcset=\"https:\/\/www.blogdopilako.com.br\/wp\/wp-content\/uploads\/2016\/12\/divisoria-1024x105.png 1024w, https:\/\/www.blogdopilako.com.br\/wp\/wp-content\/uploads\/2016\/12\/divisoria-300x31.png 300w, https:\/\/www.blogdopilako.com.br\/wp\/wp-content\/uploads\/2016\/12\/divisoria-768x79.png 768w, https:\/\/www.blogdopilako.com.br\/wp\/wp-content\/uploads\/2016\/12\/divisoria.png 1200w\" sizes=\"(max-width: 640px) 100vw, 640px\" \/><\/a><\/p>\n<p><strong>DEBATE ELEITORAL NO CAV.<\/strong><\/p>\n<p style=\"text-align: justify;\"><img loading=\"lazy\" class=\"alignleft\" src=\"http:\/\/www.blogdopilako.com.br\/wp\/wp-content\/uploads\/2016\/09\/20160920_162645.jpg\" width=\"195\" height=\"110\" \/>No dia 20 de setembro aconteceu o primeiro debate eleitoral na nossa cidade, promovido por uma institui\u00e7\u00e3o independente. O evento de car\u00e1ter c\u00edvico eleitoral foi promovido pela \u00a0<strong>ADUFEPE \u2013 Associa\u00e7\u00e3o dos Docentes da Universidade Federal de Pernambuco <\/strong>e ocorreu na Quadra do CAV. Dos cinco postulantes, apenas tr\u00eas compareceram: Henrique Filho, Edmo Neves e Z\u00e9 Catinga.<\/p>\n<p><a href=\"http:\/\/www.blogdopilako.com.br\/wp\/wp-content\/uploads\/2016\/12\/outubro-1.jpg\"><img loading=\"lazy\" class=\"aligncenter size-full wp-image-97092\" src=\"http:\/\/www.blogdopilako.com.br\/wp\/wp-content\/uploads\/2016\/12\/outubro-1.jpg\" alt=\"\" width=\"600\" height=\"40\" srcset=\"https:\/\/www.blogdopilako.com.br\/wp\/wp-content\/uploads\/2016\/12\/outubro-1.jpg 600w, https:\/\/www.blogdopilako.com.br\/wp\/wp-content\/uploads\/2016\/12\/outubro-1-300x20.jpg 300w\" sizes=\"(max-width: 600px) 100vw, 600px\" \/><\/a><\/p>\n<p><strong>AGLAILSON JUNIOR \u00c9 ELEITO PREFEITO DA VIT\u00d3RIA.<\/strong><\/p>\n<p style=\"text-align: justify;\"><img loading=\"lazy\" class=\"alignleft\" src=\"http:\/\/www.blogdopilako.com.br\/wp\/wp-content\/uploads\/2016\/10\/IMG_2041.jpg\" width=\"200\" height=\"150\" \/>No domingo 02 de outubro a chapa formada pelo deputado <strong>Aglailson Junior (PSB)<\/strong> e pelo vereador <strong>Doutor Saulo (SD)<\/strong>, prefeito e vice, \u00a0respectivamente, \u00e9 consagrada vencedora na disputa eleitoral local, com 30.935 sufr\u00e1gios. Na mesma noite, em movimento festivo, vencedores e correligion\u00e1rios comemoraram pelas principais ruas da cidade.<\/p>\n<p style=\"text-align: justify;\"><a href=\"http:\/\/www.blogdopilako.com.br\/wp\/wp-content\/uploads\/2016\/12\/divisoria.png\"><img loading=\"lazy\" class=\"aligncenter size-large wp-image-97082\" src=\"http:\/\/www.blogdopilako.com.br\/wp\/wp-content\/uploads\/2016\/12\/divisoria-1024x105.png\" alt=\"\" width=\"640\" height=\"66\" srcset=\"https:\/\/www.blogdopilako.com.br\/wp\/wp-content\/uploads\/2016\/12\/divisoria-1024x105.png 1024w, https:\/\/www.blogdopilako.com.br\/wp\/wp-content\/uploads\/2016\/12\/divisoria-300x31.png 300w, https:\/\/www.blogdopilako.com.br\/wp\/wp-content\/uploads\/2016\/12\/divisoria-768x79.png 768w, https:\/\/www.blogdopilako.com.br\/wp\/wp-content\/uploads\/2016\/12\/divisoria.png 1200w\" sizes=\"(max-width: 640px) 100vw, 640px\" \/><\/a><\/p>\n<p><strong>CASA DIOGO DE BRAGA COM 19 VEREADORES.<\/strong><\/p>\n<p style=\"text-align: justify;\"><img loading=\"lazy\" class=\"alignleft\" src=\"http:\/\/www.blogdopilako.com.br\/wp\/wp-content\/uploads\/331.jpg\" width=\"207\" height=\"144\" \/>Eleitores vitorienses elegeram pela primeira vez <strong>dezenove vereadores<\/strong> para representa-los. A saber: Marcone da Charque \u2013 PSD (2.858), Irm\u00e3o Duda \u2013 PSDC (2.812), Andr\u00e9 de Bau PSD (2.744), Mano Holanda \u2013 DEM (2.693), Lourinaldo Junior \u2013 PMDB (2431), Celso Bezerra \u2013 PSDB (2.240), Romero Quer\u00e1lvares \u2013 PSB (2.068), Edmilson de V\u00e1rzea Grande \u2013 PMDB (1.937), Jota Domingos \u2013 PTC (1.842), Novo da Banca \u2013 PSD (1.757), Xanuca \u2013 PSD (1.574), Toninho \u2013 PRB (1.502), Marcos da Presta\u00e7\u00e3o \u2013 PV (1.493), Silvia do Geral \u2013 PSB (1.413), Danda da Feijoada \u2013 PPS (1.292), Zequinha Moto Taxi \u2013 DEM (1.139), Baixa Emiliano \u2013 PTC (993), Geraldo Filho \u2013 PR (875) e Fraz\u00e3o \u2013 PRP (740). Todos diplomados no dia 19 de dezembro.<\/p>\n<p style=\"text-align: justify;\"><a href=\"http:\/\/www.blogdopilako.com.br\/wp\/wp-content\/uploads\/2016\/12\/divisoria.png\"><img loading=\"lazy\" class=\"aligncenter size-large wp-image-97082\" src=\"http:\/\/www.blogdopilako.com.br\/wp\/wp-content\/uploads\/2016\/12\/divisoria-1024x105.png\" alt=\"\" width=\"640\" height=\"66\" srcset=\"https:\/\/www.blogdopilako.com.br\/wp\/wp-content\/uploads\/2016\/12\/divisoria-1024x105.png 1024w, https:\/\/www.blogdopilako.com.br\/wp\/wp-content\/uploads\/2016\/12\/divisoria-300x31.png 300w, https:\/\/www.blogdopilako.com.br\/wp\/wp-content\/uploads\/2016\/12\/divisoria-768x79.png 768w, https:\/\/www.blogdopilako.com.br\/wp\/wp-content\/uploads\/2016\/12\/divisoria.png 1200w\" sizes=\"(max-width: 640px) 100vw, 640px\" \/><\/a><\/p>\n<p><strong>MAIS UMA MULHER NO PARLAMENTO.\u00a0<\/strong><\/p>\n<p style=\"text-align: justify;\"><img loading=\"lazy\" class=\"alignleft\" src=\"http:\/\/www.blogdopilako.com.br\/wp\/wp-content\/uploads\/2016\/06\/pastedImage-4.png\" width=\"191\" height=\"143\" \/>A T\u00e9cnica em Enfermagem,<strong> Silvia Moura de Jesus \u2013 Silvia do Geral<\/strong> \u2013 foi a quarta mulher da hist\u00f3ria pol\u00edtica local a conseguir um assento na Casa Diogo de Braga. Com \u00a0forte trabalho\u00a0 social na \u00e1rea da sa\u00fade,\u00a0 Silvia j\u00e1 havia disputado o mesmo cargo antes, sem sucesso.<\/p>\n<p style=\"text-align: justify;\"><a href=\"http:\/\/www.blogdopilako.com.br\/wp\/wp-content\/uploads\/2016\/12\/divisoria.png\"><img loading=\"lazy\" class=\"aligncenter size-large wp-image-97082\" src=\"http:\/\/www.blogdopilako.com.br\/wp\/wp-content\/uploads\/2016\/12\/divisoria-1024x105.png\" alt=\"\" width=\"640\" height=\"66\" srcset=\"https:\/\/www.blogdopilako.com.br\/wp\/wp-content\/uploads\/2016\/12\/divisoria-1024x105.png 1024w, https:\/\/www.blogdopilako.com.br\/wp\/wp-content\/uploads\/2016\/12\/divisoria-300x31.png 300w, https:\/\/www.blogdopilako.com.br\/wp\/wp-content\/uploads\/2016\/12\/divisoria-768x79.png 768w, https:\/\/www.blogdopilako.com.br\/wp\/wp-content\/uploads\/2016\/12\/divisoria.png 1200w\" sizes=\"(max-width: 640px) 100vw, 640px\" \/><\/a><\/p>\n<p><strong>ANDR\u00c9 CARVALHO: UMA VOTA\u00c7\u00c3O EXPRESSIVA.\u00a0<\/strong><\/p>\n<p style=\"text-align: justify;\"><img loading=\"lazy\" class=\"alignleft\" src=\"http:\/\/www.blogdopilako.com.br\/wp\/wp-content\/uploads\/2016\/09\/IMG_1892.jpg\" width=\"194\" height=\"146\" \/>Com a proposta de um mandato colaborativo o jovem ativista social,\u00a0<strong> Andr\u00e9 Carvalho,\u00a0<\/strong> n\u00e3o conseguiu um assento na C\u00e2mara de Vereadores, mas saiu das urnas com a oitava maior vota\u00e7\u00e3o individual da elei\u00e7\u00e3o. Filiado ao <strong>PSOL,\u00a0<\/strong> Andr\u00e9 teve no movimento estudantil sua mais forte bandeira.<\/p>\n<p><a href=\"http:\/\/www.blogdopilako.com.br\/wp\/wp-content\/uploads\/2016\/12\/divisoria.png\"><img loading=\"lazy\" class=\"aligncenter size-large wp-image-97082\" src=\"http:\/\/www.blogdopilako.com.br\/wp\/wp-content\/uploads\/2016\/12\/divisoria-1024x105.png\" alt=\"\" width=\"640\" height=\"66\" srcset=\"https:\/\/www.blogdopilako.com.br\/wp\/wp-content\/uploads\/2016\/12\/divisoria-1024x105.png 1024w, https:\/\/www.blogdopilako.com.br\/wp\/wp-content\/uploads\/2016\/12\/divisoria-300x31.png 300w, https:\/\/www.blogdopilako.com.br\/wp\/wp-content\/uploads\/2016\/12\/divisoria-768x79.png 768w, https:\/\/www.blogdopilako.com.br\/wp\/wp-content\/uploads\/2016\/12\/divisoria.png 1200w\" sizes=\"(max-width: 640px) 100vw, 640px\" \/><\/a><\/p>\n<p><strong>DESMONTE DA M\u00c1QUINA ADMINISTRATIVA.<\/strong><\/p>\n<p style=\"text-align: justify;\"><img loading=\"lazy\" class=\"alignleft\" src=\"http:\/\/www.blogdopilako.com.br\/wp\/wp-content\/uploads\/2016\/10\/IMG_2115.jpg\" width=\"192\" height=\"144\" \/>A gest\u00e3o do Governo de Todos na primeira semana ap\u00f3s as elei\u00e7\u00f5es municipais, realizada no dia 02 de outubro, promoveu um verdadeiro desmonte administrativo: demitiu funcion\u00e1rios n\u00e3o efetivos, fechou unidades de sa\u00fade e cancelou servi\u00e7os essenciais \u00e0 popula\u00e7\u00e3o, sobretudo aos mais carentes.<\/p>\n<p style=\"text-align: justify;\"><a href=\"http:\/\/www.blogdopilako.com.br\/wp\/wp-content\/uploads\/2016\/12\/divisoria.png\"><img loading=\"lazy\" class=\"aligncenter size-large wp-image-97082\" src=\"http:\/\/www.blogdopilako.com.br\/wp\/wp-content\/uploads\/2016\/12\/divisoria-1024x105.png\" alt=\"\" width=\"640\" height=\"66\" srcset=\"https:\/\/www.blogdopilako.com.br\/wp\/wp-content\/uploads\/2016\/12\/divisoria-1024x105.png 1024w, https:\/\/www.blogdopilako.com.br\/wp\/wp-content\/uploads\/2016\/12\/divisoria-300x31.png 300w, https:\/\/www.blogdopilako.com.br\/wp\/wp-content\/uploads\/2016\/12\/divisoria-768x79.png 768w, https:\/\/www.blogdopilako.com.br\/wp\/wp-content\/uploads\/2016\/12\/divisoria.png 1200w\" sizes=\"(max-width: 640px) 100vw, 640px\" \/><\/a><\/p>\n<p><strong>COLETIVA DE IMPRENSA: EQUIPE DE TRANSI\u00c7\u00c3O.\u00a0<\/strong><\/p>\n<p style=\"text-align: justify;\"><img loading=\"lazy\" class=\"alignleft\" src=\"http:\/\/www.blogdopilako.com.br\/wp\/wp-content\/uploads\/2016\/10\/IMG_2313.jpg\" width=\"203\" height=\"152\" \/>No dia 20 de outubro o prefeito eleito<strong> Aglailson Junior<\/strong> convocou uma coletiva de imprensa para anunciar sua equipe de transi\u00e7\u00e3o. O evento aconteceu no Teatro Silogeu. L\u00edvio de Oliveira Amorim foi nomeado o coordenador geral da equipe.<\/p>\n<p><a href=\"http:\/\/www.blogdopilako.com.br\/wp\/wp-content\/uploads\/2016\/12\/divisoria.png\"><img loading=\"lazy\" class=\"aligncenter size-large wp-image-97082\" src=\"http:\/\/www.blogdopilako.com.br\/wp\/wp-content\/uploads\/2016\/12\/divisoria-1024x105.png\" alt=\"\" width=\"640\" height=\"66\" srcset=\"https:\/\/www.blogdopilako.com.br\/wp\/wp-content\/uploads\/2016\/12\/divisoria-1024x105.png 1024w, https:\/\/www.blogdopilako.com.br\/wp\/wp-content\/uploads\/2016\/12\/divisoria-300x31.png 300w, https:\/\/www.blogdopilako.com.br\/wp\/wp-content\/uploads\/2016\/12\/divisoria-768x79.png 768w, https:\/\/www.blogdopilako.com.br\/wp\/wp-content\/uploads\/2016\/12\/divisoria.png 1200w\" sizes=\"(max-width: 640px) 100vw, 640px\" \/><\/a><\/p>\n<p><strong>ENTREGA DOS APARTAMENTOS: MINHA CASA, MINHA VIDA.<\/strong><\/p>\n<p style=\"text-align: justify;\"><img loading=\"lazy\" class=\"alignleft\" src=\"http:\/\/www.prefeituradavitoria.pe.gov.br\/www3\/wp-content\/uploads\/2016\/05\/DSC_0583.jpg\" width=\"211\" height=\"140\" \/>No final do m\u00eas de outubro a prefeitura da Vit\u00f3ria e a Caixa Econ\u00f4mica Federal promovem sorteio e a entrega dos \u00faltimos apartamentos do conjunto residencial Jardins da Vit\u00f3ria, localizado no bairro de <strong>Militina<\/strong>, dentro do projeto do Governo\u00a0 Federal &#8211;\u00a0 <strong>Minha Casa, Minha Vida<\/strong>. Ao total,\u00a0 896 novas unidades foram entregues.<\/p>\n<p><a href=\"http:\/\/www.blogdopilako.com.br\/wp\/wp-content\/uploads\/2016\/12\/novembro.jpg\"><img loading=\"lazy\" class=\"aligncenter size-full wp-image-97086\" src=\"http:\/\/www.blogdopilako.com.br\/wp\/wp-content\/uploads\/2016\/12\/novembro.jpg\" alt=\"\" width=\"600\" height=\"40\" srcset=\"https:\/\/www.blogdopilako.com.br\/wp\/wp-content\/uploads\/2016\/12\/novembro.jpg 600w, https:\/\/www.blogdopilako.com.br\/wp\/wp-content\/uploads\/2016\/12\/novembro-300x20.jpg 300w\" sizes=\"(max-width: 600px) 100vw, 600px\" \/><\/a><\/p>\n<p><strong>\u00d4NIBUS DOS ESTUDANTES PARAM<\/strong><\/p>\n<p style=\"text-align: justify;\"><img loading=\"lazy\" class=\"alignleft\" src=\"http:\/\/www.blogdopilako.com.br\/wp\/wp-content\/uploads\/Onibus-Estudantes.jpg\" width=\"192\" height=\"144\" \/>Ap\u00f3s in\u00fameros protestos e muitos coment\u00e1rios nas redes sociais,\u00a0 sobre \u00e0s prec\u00e1rias condi\u00e7\u00f5es e inseguran\u00e7a no transporte coletivo oferecido aos estudantes, sob a coordena\u00e7\u00e3o do Poder P\u00fablico Munic\u00edpio, o prefeito Elias Lira retira-os de circula\u00e7\u00e3o, \u00a0deixando os universit\u00e1rios sem transporte para conclus\u00e3o do anos letivo de 2016.<\/p>\n<p style=\"text-align: justify;\"><a href=\"http:\/\/www.blogdopilako.com.br\/wp\/wp-content\/uploads\/2016\/12\/divisoria.png\"><img loading=\"lazy\" class=\"aligncenter size-large wp-image-97082\" src=\"http:\/\/www.blogdopilako.com.br\/wp\/wp-content\/uploads\/2016\/12\/divisoria-1024x105.png\" alt=\"\" width=\"640\" height=\"66\" srcset=\"https:\/\/www.blogdopilako.com.br\/wp\/wp-content\/uploads\/2016\/12\/divisoria-1024x105.png 1024w, https:\/\/www.blogdopilako.com.br\/wp\/wp-content\/uploads\/2016\/12\/divisoria-300x31.png 300w, https:\/\/www.blogdopilako.com.br\/wp\/wp-content\/uploads\/2016\/12\/divisoria-768x79.png 768w, https:\/\/www.blogdopilako.com.br\/wp\/wp-content\/uploads\/2016\/12\/divisoria.png 1200w\" sizes=\"(max-width: 640px) 100vw, 640px\" \/><\/a><\/p>\n<p><strong>AMBULANTES INVADEM AS CAL\u00c7ADAS NOVAMENTE<\/strong><\/p>\n<p style=\"text-align: justify;\"><img loading=\"lazy\" class=\"alignleft\" src=\"http:\/\/www.blogdopilako.com.br\/wp\/wp-content\/uploads\/2016\/11\/IMG_3125.jpg\" width=\"180\" height=\"135\" \/>A gest\u00e3o do Governo de Todos, \u00a0numa a\u00e7\u00e3o orquestrada, \u00a0permitiu, logo ap\u00f3s as elei\u00e7\u00f5es municipais, que os comerciantes ambulantes invadissem as cal\u00e7adas do Centro Comercial e as pra\u00e7as da cidade. A a\u00e7\u00e3o fez parte do desmonte administrativo municipal, promovido pelo prefeito Elias Lira.<\/p>\n<p>&nbsp;<\/p>\n<p><a href=\"http:\/\/www.blogdopilako.com.br\/wp\/wp-content\/uploads\/2016\/12\/dezembro.jpg\"><img loading=\"lazy\" class=\"aligncenter size-full wp-image-97080\" src=\"http:\/\/www.blogdopilako.com.br\/wp\/wp-content\/uploads\/2016\/12\/dezembro.jpg\" alt=\"\" width=\"600\" height=\"40\" srcset=\"https:\/\/www.blogdopilako.com.br\/wp\/wp-content\/uploads\/2016\/12\/dezembro.jpg 600w, https:\/\/www.blogdopilako.com.br\/wp\/wp-content\/uploads\/2016\/12\/dezembro-300x20.jpg 300w\" sizes=\"(max-width: 600px) 100vw, 600px\" \/><\/a><\/p>\n<p><strong>DIPLOMA\u00c7\u00c3O DOS ELEITOS<\/strong><\/p>\n<p style=\"text-align: justify;\"><img loading=\"lazy\" class=\"alignleft\" src=\"http:\/\/www.avozdavitoria.com\/wp-content\/uploads\/2016\/12\/Aglailson-diplomado.jpg\" width=\"211\" height=\"100\" \/>No dia 19 de dezembro aconteceu no audit\u00f3rio do Minist\u00e9rio Publico da nossa Comarca a solenidade de\u00a0 <strong>diploma\u00e7\u00e3o<\/strong>\u00a0dos eleitos nas elei\u00e7\u00f5es de outubro. No evento compareceram todos eleitos no pleito. O evento foi coordenado pela ju\u00edza \u00a0da 18\u00aa Zona Eleitoral,\u00a0 Malu Marinho Sette e pela\u00a0 promotora p\u00fablica Joana Cavalcanti.<\/p>\n<p style=\"text-align: justify;\"><a href=\"http:\/\/www.blogdopilako.com.br\/wp\/wp-content\/uploads\/2016\/12\/divisoria.png\"><img loading=\"lazy\" class=\"aligncenter size-large wp-image-97082\" src=\"http:\/\/www.blogdopilako.com.br\/wp\/wp-content\/uploads\/2016\/12\/divisoria-1024x105.png\" alt=\"\" width=\"640\" height=\"66\" srcset=\"https:\/\/www.blogdopilako.com.br\/wp\/wp-content\/uploads\/2016\/12\/divisoria-1024x105.png 1024w, https:\/\/www.blogdopilako.com.br\/wp\/wp-content\/uploads\/2016\/12\/divisoria-300x31.png 300w, https:\/\/www.blogdopilako.com.br\/wp\/wp-content\/uploads\/2016\/12\/divisoria-768x79.png 768w, https:\/\/www.blogdopilako.com.br\/wp\/wp-content\/uploads\/2016\/12\/divisoria.png 1200w\" sizes=\"(max-width: 640px) 100vw, 640px\" \/><\/a><\/p>\n<p><strong>FUNCION\u00c1RIOS OCUPAM PR\u00c9DIO DA PREFEITURA<\/strong><\/p>\n<p style=\"text-align: justify;\"><img loading=\"lazy\" class=\"alignleft\" src=\"http:\/\/www.blogdopilako.com.br\/wp\/wp-content\/uploads\/2016\/12\/IMG_3653.jpg\" width=\"187\" height=\"140\" \/>O dia 21 de dezembro \u00e9 marcado pela \u00a0<strong>ocupa\u00e7\u00e3o<\/strong> no pr\u00e9dio da prefeitura. Ap\u00f3s atrasos nos sal\u00e1rios e o n\u00e3o pagamento do d\u00e9cimo terceiro a parcela dos \u00a0funcion\u00e1rios e aposentados, manifestantes ocupam depend\u00eancias do pr\u00e9dio \u00a0sede do Poder Municipal, prometendo s\u00f3 sair com o restabelecimento dos respectivos pagamentos. \u00a0Gestores silenciam.<\/p>\n\n\t\t\t\t<div class=\"mr_social_sharing_wrapper\">\n\t\t\t\t<!-- Social Sharing Toolkit v2.2 --><span class=\"mr_social_sharing_top\"><span style=\"display: inline-block; width: 55px; height: 62px; overflow: hidden;\"><div class=\"fb-like\" data-href=\"https:\/\/www.blogdopilako.com.br\/wp\/2016\/12\/29\/retrospectiva-2016-fatos-politicos-e-administrativos\/\" data-send=\"false\" data-layout=\"box_count\" data-width=\"55\" data-show-faces=\"false\"><\/div><\/span><\/span><span class=\"mr_social_sharing_top\"><fb:share-button type=\"box_count\" href=\"https:\/\/www.blogdopilako.com.br\/wp\/2016\/12\/29\/retrospectiva-2016-fatos-politicos-e-administrativos\/\"><\/fb:share-button><\/span><span class=\"mr_social_sharing\"><a rel=\"nofollow\" class=\"linksalpha_button linksalpha_link\" href=\"\/\/www.linksalpha.com\/social\/mobile\" data-url=\"https:\/\/www.blogdopilako.com.br\/wp\/2016\/12\/29\/retrospectiva-2016-fatos-politicos-e-administrativos\/\" data-text=\"RETROSPECTIVA 2016: Fatos Pol\u00edticos e Administrativos\" data-desc=\"CARNAVAL SEM INVESTIMENTO A gest\u00e3o do Governo de Todos encerra o seu ciclo de oito anos na coordena\u00e7\u00e3o do carnaval vitoriense, em 2016, de forma melanc\u00f3lica. Sem nenhum investimento nas agremia\u00e7\u00f5es carnavalescas,\u00a0 a prefeitura promoveu um carnaval sucateado: sem ornamenta\u00e7\u00e3o, sem\" data-image=\"http:\/\/www.blogdopilako.com.br\/wp\/wp-content\/uploads\/2016\/12\/retros.jpg\" data-button=\"none\">\n\t\t\t\t\t<img src=\"\/\/www.linksalpha.com\/images\/social_share_button.png\" alt=\"Share\" class=\"linksalpha_image\" \/>\n\t\t\t\t\t<\/a><script type=\"text\/javascript\" src=\"\/\/www.linksalpha.com\/scripts\/loader_iconbox.js?v=2.4\"><\/script><\/span><\/div>","protected":false},"excerpt":{"rendered":"\n\t\t\t\t<div class=\"mr_social_sharing_wrapper\">\n\t\t\t\t<!-- Social Sharing Toolkit v2.2 --><span class=\"mr_social_sharing_top\"><span style=\"display: inline-block; width: 55px; height: 62px; overflow: hidden;\"><div class=\"fb-like\" data-href=\"https:\/\/www.blogdopilako.com.br\/wp\/2016\/12\/29\/retrospectiva-2016-fatos-politicos-e-administrativos\/\" data-send=\"false\" data-layout=\"box_count\" data-width=\"55\" data-show-faces=\"false\"><\/div><\/span><\/span><span class=\"mr_social_sharing_top\"><fb:share-button type=\"box_count\" href=\"https:\/\/www.blogdopilako.com.br\/wp\/2016\/12\/29\/retrospectiva-2016-fatos-politicos-e-administrativos\/\"><\/fb:share-button><\/span><span class=\"mr_social_sharing\"><a rel=\"nofollow\" class=\"linksalpha_button linksalpha_link\" href=\"\/\/www.linksalpha.com\/social\/mobile\" data-url=\"https:\/\/www.blogdopilako.com.br\/wp\/2016\/12\/29\/retrospectiva-2016-fatos-politicos-e-administrativos\/\" data-text=\"RETROSPECTIVA 2016: Fatos Pol\u00edticos e Administrativos\" data-desc=\"CARNAVAL SEM INVESTIMENTO A gest\u00e3o do Governo de Todos encerra o seu ciclo de oito anos na coordena\u00e7\u00e3o do carnaval vitoriense, em 2016, de forma melanc\u00f3lica. Sem nenhum investimento nas agremia\u00e7\u00f5es carnavalescas,\u00a0 a prefeitura promoveu um carnaval sucateado: sem ornamenta\u00e7\u00e3o, sem\" data-image=\"\" data-button=\"none\">\n\t\t\t\t\t<img src=\"\/\/www.linksalpha.com\/images\/social_share_button.png\" alt=\"Share\" class=\"linksalpha_image\" \/>\n\t\t\t\t\t<\/a><script type=\"text\/javascript\" src=\"\/\/www.linksalpha.com\/scripts\/loader_iconbox.js?v=2.4\"><\/script><\/span><\/div><p>CARNAVAL SEM INVESTIMENTO A gest\u00e3o do Governo de Todos encerra o seu ciclo de oito anos na coordena\u00e7\u00e3o do carnaval vitoriense, em 2016, de forma melanc\u00f3lica. Sem nenhum investimento nas agremia\u00e7\u00f5es carnavalescas,\u00a0 a prefeitura promoveu um carnaval sucateado: sem ornamenta\u00e7\u00e3o, &hellip; <a href=\"https:\/\/www.blogdopilako.com.br\/wp\/2016\/12\/29\/retrospectiva-2016-fatos-politicos-e-administrativos\/\">Continue lendo <span class=\"meta-nav\">&rarr;<\/span><\/a><\/p>\n\n\t\t\t\t<div class=\"mr_social_sharing_wrapper\">\n\t\t\t\t<!-- Social Sharing Toolkit v2.2 --><span class=\"mr_social_sharing_top\"><span style=\"display: inline-block; width: 55px; height: 62px; overflow: hidden;\"><div class=\"fb-like\" data-href=\"https:\/\/www.blogdopilako.com.br\/wp\/2016\/12\/29\/retrospectiva-2016-fatos-politicos-e-administrativos\/\" data-send=\"false\" data-layout=\"box_count\" data-width=\"55\" data-show-faces=\"false\"><\/div><\/span><\/span><span class=\"mr_social_sharing_top\"><fb:share-button type=\"box_count\" href=\"https:\/\/www.blogdopilako.com.br\/wp\/2016\/12\/29\/retrospectiva-2016-fatos-politicos-e-administrativos\/\"><\/fb:share-button><\/span><span class=\"mr_social_sharing\"><a rel=\"nofollow\" class=\"linksalpha_button linksalpha_link\" href=\"\/\/www.linksalpha.com\/social\/mobile\" data-url=\"https:\/\/www.blogdopilako.com.br\/wp\/2016\/12\/29\/retrospectiva-2016-fatos-politicos-e-administrativos\/\" data-text=\"RETROSPECTIVA 2016: Fatos Pol\u00edticos e Administrativos\" data-desc=\"CARNAVAL SEM INVESTIMENTO A gest\u00e3o do Governo de Todos encerra o seu ciclo de oito anos na coordena\u00e7\u00e3o do carnaval vitoriense, em 2016, de forma melanc\u00f3lica. Sem nenhum investimento nas agremia\u00e7\u00f5es carnavalescas,\u00a0 a prefeitura promoveu um carnaval sucateado: sem ornamenta\u00e7\u00e3o, sem\" data-image=\"\" data-button=\"none\">\n\t\t\t\t\t<img src=\"\/\/www.linksalpha.com\/images\/social_share_button.png\" alt=\"Share\" class=\"linksalpha_image\" \/>\n\t\t\t\t\t<\/a><script type=\"text\/javascript\" src=\"\/\/www.linksalpha.com\/scripts\/loader_iconbox.js?v=2.4\"><\/script><\/span><\/div>","protected":false},"author":1,"featured_media":0,"comment_status":"open","ping_status":"open","sticky":false,"template":"","format":"standard","meta":[],"categories":[148],"tags":[],"_links":{"self":[{"href":"https:\/\/www.blogdopilako.com.br\/wp\/wp-json\/wp\/v2\/posts\/97095"}],"collection":[{"href":"https:\/\/www.blogdopilako.com.br\/wp\/wp-json\/wp\/v2\/posts"}],"about":[{"href":"https:\/\/www.blogdopilako.com.br\/wp\/wp-json\/wp\/v2\/types\/post"}],"author":[{"embeddable":true,"href":"https:\/\/www.blogdopilako.com.br\/wp\/wp-json\/wp\/v2\/users\/1"}],"replies":[{"embeddable":true,"href":"https:\/\/www.blogdopilako.com.br\/wp\/wp-json\/wp\/v2\/comments?post=97095"}],"version-history":[{"count":5,"href":"https:\/\/www.blogdopilako.com.br\/wp\/wp-json\/wp\/v2\/posts\/97095\/revisions"}],"predecessor-version":[{"id":97126,"href":"https:\/\/www.blogdopilako.com.br\/wp\/wp-json\/wp\/v2\/posts\/97095\/revisions\/97126"}],"wp:attachment":[{"href":"https:\/\/www.blogdopilako.com.br\/wp\/wp-json\/wp\/v2\/media?parent=97095"}],"wp:term":[{"taxonomy":"category","embeddable":true,"href":"https:\/\/www.blogdopilako.com.br\/wp\/wp-json\/wp\/v2\/categories?post=97095"},{"taxonomy":"post_tag","embeddable":true,"href":"https:\/\/www.blogdopilako.com.br\/wp\/wp-json\/wp\/v2\/tags?post=97095"}],"curies":[{"name":"wp","href":"https:\/\/api.w.org\/{rel}","templated":true}]}}