{"id":93529,"date":"2016-09-13T14:42:38","date_gmt":"2016-09-13T17:42:38","guid":{"rendered":"http:\/\/www.blogdopilako.com.br\/wp\/?p=93529"},"modified":"2016-09-13T14:42:38","modified_gmt":"2016-09-13T17:42:38","slug":"momento-vitoria-park-shopping-212","status":"publish","type":"post","link":"https:\/\/www.blogdopilako.com.br\/wp\/2016\/09\/13\/momento-vitoria-park-shopping-212\/","title":{"rendered":"Momento Vit\u00f3ria Park Shopping"},"content":{"rendered":"\n\t\t\t\t<div class=\"mr_social_sharing_wrapper\">\n\t\t\t\t<!-- Social Sharing Toolkit v2.2 --><span class=\"mr_social_sharing_top\"><span style=\"display: inline-block; width: 55px; height: 62px; overflow: hidden;\"><div class=\"fb-like\" data-href=\"https:\/\/www.blogdopilako.com.br\/wp\/2016\/09\/13\/momento-vitoria-park-shopping-212\/\" data-send=\"false\" data-layout=\"box_count\" data-width=\"55\" data-show-faces=\"false\"><\/div><\/span><\/span><span class=\"mr_social_sharing_top\"><fb:share-button type=\"box_count\" href=\"https:\/\/www.blogdopilako.com.br\/wp\/2016\/09\/13\/momento-vitoria-park-shopping-212\/\"><\/fb:share-button><\/span><span class=\"mr_social_sharing\"><a rel=\"nofollow\" class=\"linksalpha_button linksalpha_link\" href=\"\/\/www.linksalpha.com\/social\/mobile\" data-url=\"https:\/\/www.blogdopilako.com.br\/wp\/2016\/09\/13\/momento-vitoria-park-shopping-212\/\" data-text=\"Momento Vit\u00f3ria Park Shopping\" data-desc=\"Com o 3\u00ba Encontro de Literatura Infantil a divers\u00e3o da crian\u00e7ada est\u00e1 garantida! Voc\u00ea n\u00e3o pode perder, \u00e9 no pr\u00f3ximo domingo, dia 18 de setembro, na pra\u00e7a de eventos 1!\" data-image=\"http:\/\/www.blogdopilako.com.br\/wp\/wp-content\/uploads\/2016\/09\/14358999_658626277621633_4564767538451189186_n.jpg\" data-button=\"none\">\n\t\t\t\t\t<img src=\"\/\/www.linksalpha.com\/images\/social_share_button.png\" alt=\"Share\" class=\"linksalpha_image\" \/>\n\t\t\t\t\t<\/a><script type=\"text\/javascript\" src=\"\/\/www.linksalpha.com\/scripts\/loader_iconbox.js?v=2.4\"><\/script><\/span><\/div><p style=\"text-align: justify;\"><a href=\"http:\/\/www.blogdopilako.com.br\/wp\/wp-content\/uploads\/2016\/09\/14358999_658626277621633_4564767538451189186_n.jpg\"><img loading=\"lazy\" class=\"aligncenter size-full wp-image-93530\" src=\"http:\/\/www.blogdopilako.com.br\/wp\/wp-content\/uploads\/2016\/09\/14358999_658626277621633_4564767538451189186_n.jpg\" alt=\"14358999_658626277621633_4564767538451189186_n\" width=\"480\" height=\"480\" srcset=\"https:\/\/www.blogdopilako.com.br\/wp\/wp-content\/uploads\/2016\/09\/14358999_658626277621633_4564767538451189186_n.jpg 480w, https:\/\/www.blogdopilako.com.br\/wp\/wp-content\/uploads\/2016\/09\/14358999_658626277621633_4564767538451189186_n-150x150.jpg 150w, https:\/\/www.blogdopilako.com.br\/wp\/wp-content\/uploads\/2016\/09\/14358999_658626277621633_4564767538451189186_n-300x300.jpg 300w\" sizes=\"(max-width: 480px) 100vw, 480px\" \/><\/a><\/p>\n<p style=\"text-align: justify;\">Com o <strong>3\u00ba Encontro de Literatura Infantil<\/strong> a divers\u00e3o da crian\u00e7ada est\u00e1 garantida! Voc\u00ea n\u00e3o pode perder, \u00e9 no pr\u00f3ximo domingo, dia 18 de setembro, na pra\u00e7a de eventos 1!<\/p>\n\n\t\t\t\t<div class=\"mr_social_sharing_wrapper\">\n\t\t\t\t<!-- Social Sharing Toolkit v2.2 --><span class=\"mr_social_sharing_top\"><span style=\"display: inline-block; width: 55px; height: 62px; overflow: hidden;\"><div class=\"fb-like\" data-href=\"https:\/\/www.blogdopilako.com.br\/wp\/2016\/09\/13\/momento-vitoria-park-shopping-212\/\" data-send=\"false\" data-layout=\"box_count\" data-width=\"55\" data-show-faces=\"false\"><\/div><\/span><\/span><span class=\"mr_social_sharing_top\"><fb:share-button type=\"box_count\" href=\"https:\/\/www.blogdopilako.com.br\/wp\/2016\/09\/13\/momento-vitoria-park-shopping-212\/\"><\/fb:share-button><\/span><span class=\"mr_social_sharing\"><a rel=\"nofollow\" class=\"linksalpha_button linksalpha_link\" href=\"\/\/www.linksalpha.com\/social\/mobile\" data-url=\"https:\/\/www.blogdopilako.com.br\/wp\/2016\/09\/13\/momento-vitoria-park-shopping-212\/\" data-text=\"Momento Vit\u00f3ria Park Shopping\" data-desc=\"Com o 3\u00ba Encontro de Literatura Infantil a divers\u00e3o da crian\u00e7ada est\u00e1 garantida! Voc\u00ea n\u00e3o pode perder, \u00e9 no pr\u00f3ximo domingo, dia 18 de setembro, na pra\u00e7a de eventos 1!\" data-image=\"http:\/\/www.blogdopilako.com.br\/wp\/wp-content\/uploads\/2016\/09\/14358999_658626277621633_4564767538451189186_n.jpg\" data-button=\"none\">\n\t\t\t\t\t<img src=\"\/\/www.linksalpha.com\/images\/social_share_button.png\" alt=\"Share\" class=\"linksalpha_image\" \/>\n\t\t\t\t\t<\/a><script type=\"text\/javascript\" src=\"\/\/www.linksalpha.com\/scripts\/loader_iconbox.js?v=2.4\"><\/script><\/span><\/div>","protected":false},"excerpt":{"rendered":"\n\t\t\t\t<div class=\"mr_social_sharing_wrapper\">\n\t\t\t\t<!-- Social Sharing Toolkit v2.2 --><span class=\"mr_social_sharing_top\"><span style=\"display: inline-block; width: 55px; height: 62px; overflow: hidden;\"><div class=\"fb-like\" data-href=\"https:\/\/www.blogdopilako.com.br\/wp\/2016\/09\/13\/momento-vitoria-park-shopping-212\/\" data-send=\"false\" data-layout=\"box_count\" data-width=\"55\" data-show-faces=\"false\"><\/div><\/span><\/span><span class=\"mr_social_sharing_top\"><fb:share-button type=\"box_count\" href=\"https:\/\/www.blogdopilako.com.br\/wp\/2016\/09\/13\/momento-vitoria-park-shopping-212\/\"><\/fb:share-button><\/span><span class=\"mr_social_sharing\"><a rel=\"nofollow\" class=\"linksalpha_button linksalpha_link\" href=\"\/\/www.linksalpha.com\/social\/mobile\" data-url=\"https:\/\/www.blogdopilako.com.br\/wp\/2016\/09\/13\/momento-vitoria-park-shopping-212\/\" data-text=\"Momento Vit\u00f3ria Park Shopping\" data-desc=\"Com o 3\u00ba Encontro de Literatura Infantil a divers\u00e3o da crian\u00e7ada est\u00e1 garantida! Voc\u00ea n\u00e3o pode perder, \u00e9 no pr\u00f3ximo domingo, dia 18 de setembro, na pra\u00e7a de eventos 1!\" data-image=\"\" data-button=\"none\">\n\t\t\t\t\t<img src=\"\/\/www.linksalpha.com\/images\/social_share_button.png\" alt=\"Share\" class=\"linksalpha_image\" \/>\n\t\t\t\t\t<\/a><script type=\"text\/javascript\" src=\"\/\/www.linksalpha.com\/scripts\/loader_iconbox.js?v=2.4\"><\/script><\/span><\/div><p>Com o 3\u00ba Encontro de Literatura Infantil a divers\u00e3o da crian\u00e7ada est\u00e1 garantida! Voc\u00ea n\u00e3o pode perder, \u00e9 no pr\u00f3ximo domingo, dia 18 de setembro, na pra\u00e7a de eventos 1!<\/p>\n\n\t\t\t\t<div class=\"mr_social_sharing_wrapper\">\n\t\t\t\t<!-- Social Sharing Toolkit v2.2 --><span class=\"mr_social_sharing_top\"><span style=\"display: inline-block; width: 55px; height: 62px; overflow: hidden;\"><div class=\"fb-like\" data-href=\"https:\/\/www.blogdopilako.com.br\/wp\/2016\/09\/13\/momento-vitoria-park-shopping-212\/\" data-send=\"false\" data-layout=\"box_count\" data-width=\"55\" data-show-faces=\"false\"><\/div><\/span><\/span><span class=\"mr_social_sharing_top\"><fb:share-button type=\"box_count\" href=\"https:\/\/www.blogdopilako.com.br\/wp\/2016\/09\/13\/momento-vitoria-park-shopping-212\/\"><\/fb:share-button><\/span><span class=\"mr_social_sharing\"><a rel=\"nofollow\" class=\"linksalpha_button linksalpha_link\" href=\"\/\/www.linksalpha.com\/social\/mobile\" data-url=\"https:\/\/www.blogdopilako.com.br\/wp\/2016\/09\/13\/momento-vitoria-park-shopping-212\/\" data-text=\"Momento Vit\u00f3ria Park Shopping\" data-desc=\"Com o 3\u00ba Encontro de Literatura Infantil a divers\u00e3o da crian\u00e7ada est\u00e1 garantida! Voc\u00ea n\u00e3o pode perder, \u00e9 no pr\u00f3ximo domingo, dia 18 de setembro, na pra\u00e7a de eventos 1!\" data-image=\"\" data-button=\"none\">\n\t\t\t\t\t<img src=\"\/\/www.linksalpha.com\/images\/social_share_button.png\" alt=\"Share\" class=\"linksalpha_image\" \/>\n\t\t\t\t\t<\/a><script type=\"text\/javascript\" src=\"\/\/www.linksalpha.com\/scripts\/loader_iconbox.js?v=2.4\"><\/script><\/span><\/div>","protected":false},"author":1,"featured_media":0,"comment_status":"open","ping_status":"open","sticky":false,"template":"","format":"standard","meta":[],"categories":[120,22],"tags":[],"_links":{"self":[{"href":"https:\/\/www.blogdopilako.com.br\/wp\/wp-json\/wp\/v2\/posts\/93529"}],"collection":[{"href":"https:\/\/www.blogdopilako.com.br\/wp\/wp-json\/wp\/v2\/posts"}],"about":[{"href":"https:\/\/www.blogdopilako.com.br\/wp\/wp-json\/wp\/v2\/types\/post"}],"author":[{"embeddable":true,"href":"https:\/\/www.blogdopilako.com.br\/wp\/wp-json\/wp\/v2\/users\/1"}],"replies":[{"embeddable":true,"href":"https:\/\/www.blogdopilako.com.br\/wp\/wp-json\/wp\/v2\/comments?post=93529"}],"version-history":[{"count":1,"href":"https:\/\/www.blogdopilako.com.br\/wp\/wp-json\/wp\/v2\/posts\/93529\/revisions"}],"predecessor-version":[{"id":93531,"href":"https:\/\/www.blogdopilako.com.br\/wp\/wp-json\/wp\/v2\/posts\/93529\/revisions\/93531"}],"wp:attachment":[{"href":"https:\/\/www.blogdopilako.com.br\/wp\/wp-json\/wp\/v2\/media?parent=93529"}],"wp:term":[{"taxonomy":"category","embeddable":true,"href":"https:\/\/www.blogdopilako.com.br\/wp\/wp-json\/wp\/v2\/categories?post=93529"},{"taxonomy":"post_tag","embeddable":true,"href":"https:\/\/www.blogdopilako.com.br\/wp\/wp-json\/wp\/v2\/tags?post=93529"}],"curies":[{"name":"wp","href":"https:\/\/api.w.org\/{rel}","templated":true}]}}