{"id":8862,"date":"2011-11-23T11:55:50","date_gmt":"2011-11-23T14:55:50","guid":{"rendered":"http:\/\/www.blogdopilako.com.br\/wp\/?p=8862"},"modified":"2011-11-23T12:01:41","modified_gmt":"2011-11-23T15:01:41","slug":"o-tempo-voa-farmacia-popular-1927","status":"publish","type":"post","link":"https:\/\/www.blogdopilako.com.br\/wp\/2011\/11\/23\/o-tempo-voa-farmacia-popular-1927\/","title":{"rendered":"O Tempo Voa: Farm\u00e1cia Popular (1927)"},"content":{"rendered":"\n\t\t\t\t<div class=\"mr_social_sharing_wrapper\">\n\t\t\t\t<!-- Social Sharing Toolkit v2.2 --><span class=\"mr_social_sharing_top\"><span style=\"display: inline-block; width: 55px; height: 62px; overflow: hidden;\"><div class=\"fb-like\" data-href=\"https:\/\/www.blogdopilako.com.br\/wp\/2011\/11\/23\/o-tempo-voa-farmacia-popular-1927\/\" data-send=\"false\" data-layout=\"box_count\" data-width=\"55\" data-show-faces=\"false\"><\/div><\/span><\/span><span class=\"mr_social_sharing_top\"><fb:share-button type=\"box_count\" href=\"https:\/\/www.blogdopilako.com.br\/wp\/2011\/11\/23\/o-tempo-voa-farmacia-popular-1927\/\"><\/fb:share-button><\/span><span class=\"mr_social_sharing\"><a rel=\"nofollow\" class=\"linksalpha_button linksalpha_link\" href=\"\/\/www.linksalpha.com\/social\/mobile\" data-url=\"https:\/\/www.blogdopilako.com.br\/wp\/2011\/11\/23\/o-tempo-voa-farmacia-popular-1927\/\" data-text=\"O Tempo Voa: Farm\u00e1cia Popular (1927)\" data-desc=\"Recebemos do amigo Tadeu Prado, uma contribui\u00e7\u00e3o para a coluna O Tempo Voa. Confira o seu coment\u00e1rio: \u00c9 com imensa satisfa\u00e7\u00e3o que, a partir de hoje - e se for da vontade de todos - sempre uma vez por semana, in\u00edcio o envio para a coluna O Tempo Voa, de fotos da antiga Vit\u00f3ria de Santo\" data-image=\"http:\/\/www.blogdopilako.com.br\/wp\/wp-content\/uploads\/tempovoa-tadeu-prado_1.jpg\" data-button=\"none\">\n\t\t\t\t\t<img src=\"\/\/www.linksalpha.com\/images\/social_share_button.png\" alt=\"Share\" class=\"linksalpha_image\" \/>\n\t\t\t\t\t<\/a><script type=\"text\/javascript\" src=\"\/\/www.linksalpha.com\/scripts\/loader_iconbox.js?v=2.4\"><\/script><\/span><\/div><div id=\"attachment_8863\" style=\"width: 592px\" class=\"wp-caption aligncenter\"><a href=\"http:\/\/www.blogdopilako.com.br\/wp\/wp-content\/uploads\/tempovoa-tadeu-prado_1.jpg\"><img aria-describedby=\"caption-attachment-8863\" loading=\"lazy\" class=\"size-full wp-image-8863\" title=\"tempovoa-tadeu-prado_1\" src=\"http:\/\/www.blogdopilako.com.br\/wp\/wp-content\/uploads\/tempovoa-tadeu-prado_1.jpg\" alt=\"\" width=\"582\" height=\"427\" \/><\/a><p id=\"caption-attachment-8863\" class=\"wp-caption-text\">Foto: acervo pessoal de Tadeu Prado<\/p><\/div>\n<p style=\"text-align: justify;\">Recebemos do amigo <em><strong>Tadeu Prado<\/strong><\/em>, uma contribui\u00e7\u00e3o para a coluna <em><strong>O Tempo Voa<\/strong><\/em>. Confira o seu coment\u00e1rio:<\/p>\n<blockquote>\n<p style=\"text-align: justify;\">\u00c9 com imensa satisfa\u00e7\u00e3o que, a partir de hoje &#8211; e se for da vontade de todos &#8211; sempre uma vez por semana, in\u00edcio o envio para a coluna <em><strong>O Tempo Voa<\/strong><\/em>, de fotos da antiga Vit\u00f3ria de Santo Ant\u00e3o, contribuindo com esse espa\u00e7o democr\u00e1tico que \u00e9 o <em><strong>Blog do Pilako<\/strong><\/em>. Nessa minha primeira postagem O FARMACEUTICO NESTOR DE HOLANDA, SUA FILHA MARTA DE HOLANDA COM AUXILIARES DA FARM\u00c3\u0081CIA POPULAR, EM 1927. Velhos tempos&#8230; Belos dias!! &#8211; <strong>Tadeu Prado<\/strong><\/p>\n<\/blockquote>\n\n\t\t\t\t<div class=\"mr_social_sharing_wrapper\">\n\t\t\t\t<!-- Social Sharing Toolkit v2.2 --><span class=\"mr_social_sharing_top\"><span style=\"display: inline-block; width: 55px; height: 62px; overflow: hidden;\"><div class=\"fb-like\" data-href=\"https:\/\/www.blogdopilako.com.br\/wp\/2011\/11\/23\/o-tempo-voa-farmacia-popular-1927\/\" data-send=\"false\" data-layout=\"box_count\" data-width=\"55\" data-show-faces=\"false\"><\/div><\/span><\/span><span class=\"mr_social_sharing_top\"><fb:share-button type=\"box_count\" href=\"https:\/\/www.blogdopilako.com.br\/wp\/2011\/11\/23\/o-tempo-voa-farmacia-popular-1927\/\"><\/fb:share-button><\/span><span class=\"mr_social_sharing\"><a rel=\"nofollow\" class=\"linksalpha_button linksalpha_link\" href=\"\/\/www.linksalpha.com\/social\/mobile\" data-url=\"https:\/\/www.blogdopilako.com.br\/wp\/2011\/11\/23\/o-tempo-voa-farmacia-popular-1927\/\" data-text=\"O Tempo Voa: Farm\u00e1cia Popular (1927)\" data-desc=\"Recebemos do amigo Tadeu Prado, uma contribui\u00e7\u00e3o para a coluna O Tempo Voa. Confira o seu coment\u00e1rio: \u00c9 com imensa satisfa\u00e7\u00e3o que, a partir de hoje - e se for da vontade de todos - sempre uma vez por semana, in\u00edcio o envio para a coluna O Tempo Voa, de fotos da antiga Vit\u00f3ria de Santo\" data-image=\"http:\/\/www.blogdopilako.com.br\/wp\/wp-content\/uploads\/tempovoa-tadeu-prado_1.jpg\" data-button=\"none\">\n\t\t\t\t\t<img src=\"\/\/www.linksalpha.com\/images\/social_share_button.png\" alt=\"Share\" class=\"linksalpha_image\" \/>\n\t\t\t\t\t<\/a><script type=\"text\/javascript\" src=\"\/\/www.linksalpha.com\/scripts\/loader_iconbox.js?v=2.4\"><\/script><\/span><\/div>","protected":false},"excerpt":{"rendered":"\n\t\t\t\t<div class=\"mr_social_sharing_wrapper\">\n\t\t\t\t<!-- Social Sharing Toolkit v2.2 --><span class=\"mr_social_sharing_top\"><span style=\"display: inline-block; width: 55px; height: 62px; overflow: hidden;\"><div class=\"fb-like\" data-href=\"https:\/\/www.blogdopilako.com.br\/wp\/2011\/11\/23\/o-tempo-voa-farmacia-popular-1927\/\" data-send=\"false\" data-layout=\"box_count\" data-width=\"55\" data-show-faces=\"false\"><\/div><\/span><\/span><span class=\"mr_social_sharing_top\"><fb:share-button type=\"box_count\" href=\"https:\/\/www.blogdopilako.com.br\/wp\/2011\/11\/23\/o-tempo-voa-farmacia-popular-1927\/\"><\/fb:share-button><\/span><span class=\"mr_social_sharing\"><a rel=\"nofollow\" class=\"linksalpha_button linksalpha_link\" href=\"\/\/www.linksalpha.com\/social\/mobile\" data-url=\"https:\/\/www.blogdopilako.com.br\/wp\/2011\/11\/23\/o-tempo-voa-farmacia-popular-1927\/\" data-text=\"O Tempo Voa: Farm\u00e1cia Popular (1927)\" data-desc=\"Recebemos do amigo Tadeu Prado, uma contribui\u00e7\u00e3o para a coluna O Tempo Voa. Confira o seu coment\u00e1rio: \u00c9 com imensa satisfa\u00e7\u00e3o que, a partir de hoje - e se for da vontade de todos - sempre uma vez por semana, in\u00edcio o envio para a coluna O Tempo Voa, de fotos da antiga Vit\u00f3ria de Santo\" data-image=\"\" data-button=\"none\">\n\t\t\t\t\t<img src=\"\/\/www.linksalpha.com\/images\/social_share_button.png\" alt=\"Share\" class=\"linksalpha_image\" \/>\n\t\t\t\t\t<\/a><script type=\"text\/javascript\" src=\"\/\/www.linksalpha.com\/scripts\/loader_iconbox.js?v=2.4\"><\/script><\/span><\/div><p>Recebemos do amigo Tadeu Prado, uma contribui\u00e7\u00e3o para a coluna O Tempo Voa. Confira o seu coment\u00e1rio: \u00c9 com imensa satisfa\u00e7\u00e3o que, a partir de hoje &#8211; e se for da vontade de todos &#8211; sempre uma vez por semana, &hellip; <a href=\"https:\/\/www.blogdopilako.com.br\/wp\/2011\/11\/23\/o-tempo-voa-farmacia-popular-1927\/\">Continue lendo <span class=\"meta-nav\">&rarr;<\/span><\/a><\/p>\n\n\t\t\t\t<div class=\"mr_social_sharing_wrapper\">\n\t\t\t\t<!-- Social Sharing Toolkit v2.2 --><span class=\"mr_social_sharing_top\"><span style=\"display: inline-block; width: 55px; height: 62px; overflow: hidden;\"><div class=\"fb-like\" data-href=\"https:\/\/www.blogdopilako.com.br\/wp\/2011\/11\/23\/o-tempo-voa-farmacia-popular-1927\/\" data-send=\"false\" data-layout=\"box_count\" data-width=\"55\" data-show-faces=\"false\"><\/div><\/span><\/span><span class=\"mr_social_sharing_top\"><fb:share-button type=\"box_count\" href=\"https:\/\/www.blogdopilako.com.br\/wp\/2011\/11\/23\/o-tempo-voa-farmacia-popular-1927\/\"><\/fb:share-button><\/span><span class=\"mr_social_sharing\"><a rel=\"nofollow\" class=\"linksalpha_button linksalpha_link\" href=\"\/\/www.linksalpha.com\/social\/mobile\" data-url=\"https:\/\/www.blogdopilako.com.br\/wp\/2011\/11\/23\/o-tempo-voa-farmacia-popular-1927\/\" data-text=\"O Tempo Voa: Farm\u00e1cia Popular (1927)\" data-desc=\"Recebemos do amigo Tadeu Prado, uma contribui\u00e7\u00e3o para a coluna O Tempo Voa. Confira o seu coment\u00e1rio: \u00c9 com imensa satisfa\u00e7\u00e3o que, a partir de hoje - e se for da vontade de todos - sempre uma vez por semana, in\u00edcio o envio para a coluna O Tempo Voa, de fotos da antiga Vit\u00f3ria de Santo\" data-image=\"\" data-button=\"none\">\n\t\t\t\t\t<img src=\"\/\/www.linksalpha.com\/images\/social_share_button.png\" alt=\"Share\" class=\"linksalpha_image\" \/>\n\t\t\t\t\t<\/a><script type=\"text\/javascript\" src=\"\/\/www.linksalpha.com\/scripts\/loader_iconbox.js?v=2.4\"><\/script><\/span><\/div>","protected":false},"author":4,"featured_media":0,"comment_status":"open","ping_status":"open","sticky":false,"template":"","format":"standard","meta":[],"categories":[23],"tags":[],"_links":{"self":[{"href":"https:\/\/www.blogdopilako.com.br\/wp\/wp-json\/wp\/v2\/posts\/8862"}],"collection":[{"href":"https:\/\/www.blogdopilako.com.br\/wp\/wp-json\/wp\/v2\/posts"}],"about":[{"href":"https:\/\/www.blogdopilako.com.br\/wp\/wp-json\/wp\/v2\/types\/post"}],"author":[{"embeddable":true,"href":"https:\/\/www.blogdopilako.com.br\/wp\/wp-json\/wp\/v2\/users\/4"}],"replies":[{"embeddable":true,"href":"https:\/\/www.blogdopilako.com.br\/wp\/wp-json\/wp\/v2\/comments?post=8862"}],"version-history":[{"count":4,"href":"https:\/\/www.blogdopilako.com.br\/wp\/wp-json\/wp\/v2\/posts\/8862\/revisions"}],"predecessor-version":[{"id":8866,"href":"https:\/\/www.blogdopilako.com.br\/wp\/wp-json\/wp\/v2\/posts\/8862\/revisions\/8866"}],"wp:attachment":[{"href":"https:\/\/www.blogdopilako.com.br\/wp\/wp-json\/wp\/v2\/media?parent=8862"}],"wp:term":[{"taxonomy":"category","embeddable":true,"href":"https:\/\/www.blogdopilako.com.br\/wp\/wp-json\/wp\/v2\/categories?post=8862"},{"taxonomy":"post_tag","embeddable":true,"href":"https:\/\/www.blogdopilako.com.br\/wp\/wp-json\/wp\/v2\/tags?post=8862"}],"curies":[{"name":"wp","href":"https:\/\/api.w.org\/{rel}","templated":true}]}}