{"id":88231,"date":"2016-04-08T14:15:32","date_gmt":"2016-04-08T17:15:32","guid":{"rendered":"http:\/\/www.blogdopilako.com.br\/wp\/?p=88231"},"modified":"2016-04-08T12:29:55","modified_gmt":"2016-04-08T15:29:55","slug":"momento-cultural-vitoria-princesa-matuta-por-henrique-de-holanda-5","status":"publish","type":"post","link":"https:\/\/www.blogdopilako.com.br\/wp\/2016\/04\/08\/momento-cultural-vitoria-princesa-matuta-por-henrique-de-holanda-5\/","title":{"rendered":"Momento Cultural: Vit\u00f3ria, princesa matuta! &#8211; por Henrique de Holanda"},"content":{"rendered":"\n\t\t\t\t<div class=\"mr_social_sharing_wrapper\">\n\t\t\t\t<!-- Social Sharing Toolkit v2.2 --><span class=\"mr_social_sharing_top\"><span style=\"display: inline-block; width: 55px; height: 62px; overflow: hidden;\"><div class=\"fb-like\" data-href=\"https:\/\/www.blogdopilako.com.br\/wp\/2016\/04\/08\/momento-cultural-vitoria-princesa-matuta-por-henrique-de-holanda-5\/\" data-send=\"false\" data-layout=\"box_count\" data-width=\"55\" data-show-faces=\"false\"><\/div><\/span><\/span><span class=\"mr_social_sharing_top\"><fb:share-button type=\"box_count\" href=\"https:\/\/www.blogdopilako.com.br\/wp\/2016\/04\/08\/momento-cultural-vitoria-princesa-matuta-por-henrique-de-holanda-5\/\"><\/fb:share-button><\/span><span class=\"mr_social_sharing\"><a rel=\"nofollow\" class=\"linksalpha_button linksalpha_link\" href=\"\/\/www.linksalpha.com\/social\/mobile\" data-url=\"https:\/\/www.blogdopilako.com.br\/wp\/2016\/04\/08\/momento-cultural-vitoria-princesa-matuta-por-henrique-de-holanda-5\/\" data-text=\"Momento Cultural: Vit\u00f3ria, princesa matuta! \u2013 por Henrique de Holanda\" data-desc=\"VIT\u00d3RIA, minha terra!... Princesa original da fam\u00edlia real de Pernambuco! Toda essa burguesia que se encerra dentro de ti, dentro de tua gente, vem do Brasil caduco, deste velhinho doente, burgu\u00eas e vision\u00e1rio. No seu progresso c\u00edvico e moral, a burguesia \u00e9 um mal heredit\u00e1rio N\u00e3o h\u00e1\" data-image=\"http:\/\/www.blogdopilako.com.br\/wp\/wp-content\/uploads\/Henrique-de-Holanda-Cavalcanti-3.jpg\" data-button=\"none\">\n\t\t\t\t\t<img src=\"\/\/www.linksalpha.com\/images\/social_share_button.png\" alt=\"Share\" class=\"linksalpha_image\" \/>\n\t\t\t\t\t<\/a><script type=\"text\/javascript\" src=\"\/\/www.linksalpha.com\/scripts\/loader_iconbox.js?v=2.4\"><\/script><\/span><\/div><p><a href=\"http:\/\/www.blogdopilako.com.br\/wp\/wp-content\/uploads\/Henrique-de-Holanda-Cavalcanti-3.jpg\"><img loading=\"lazy\" class=\"aligncenter wp-image-52009\" src=\"http:\/\/www.blogdopilako.com.br\/wp\/wp-content\/uploads\/Henrique-de-Holanda-Cavalcanti-3.jpg\" alt=\"Henrique de Holanda Cavalcanti (3)\" width=\"341\" height=\"428\" \/><\/a><\/p>\n<p>VIT\u00d3RIA,<br \/>\nminha terra!&#8230;<br \/>\nPrincesa original<br \/>\nda fam\u00edlia real<br \/>\nde Pernambuco!<br \/>\nToda essa burguesia que se encerra<br \/>\ndentro de ti, dentro de tua gente,<br \/>\nvem do Brasil caduco,<br \/>\ndeste velhinho doente,<br \/>\nburgu\u00eas e vision\u00e1rio.<br \/>\nNo seu progresso c\u00edvico e moral,<br \/>\na burguesia \u00e9 um mal heredit\u00e1rio<br \/>\nN\u00e3o h\u00e1 preservativo p\u2019ra esse mal.<\/p>\n<p>VIT\u00d3RIA,<br \/>\nminha princesa matuta,<br \/>\ngarotinha \u201cmignon\u201d, vaidosa e linda,<br \/>\nrepetindo, contente,<br \/>\na grande hist\u00f3ria de Tabocas;<br \/>\ngloriosa na luta,<br \/>\np\u2019ra aquele que n\u00e3o a conhece ainda.<br \/>\nOlho o teu c\u00e9u&#8230;<br \/>\neste teu c\u00e9u bonito,<br \/>\na boina azul, presente do Infinito;<br \/>\npara a tua cabe\u00e7a de criatura,<br \/>\ndona da formosura,<br \/>\namena e singular;<br \/>\ndos dias de sol quente<br \/>\ne da noite dolente<br \/>\nde luar&#8230;<\/p>\n<p>Cidadezinha elegante, bem nutrida,<br \/>\nsagaz, insinuante, bem vestida&#8230;<br \/>\ntuas florestas de \u00e1rvores vi\u00e7osas<br \/>\nnos mostram bem que a natureza quis<br \/>\naos vestidinhos verdes,<br \/>\nmuito lindos,<br \/>\nespecialmente vindos<br \/>\ndo atelier mais \u201cchic\u201d de Paris&#8230;<\/p>\n<p>Vit\u00f3ria linda,<br \/>\nextremamente minha!<br \/>\nDe ti, me veio a vida<br \/>\ne, mais ainda,<br \/>\numa inf\u00e2ncia de risos e inoc\u00eancia.<br \/>\n&#8211; O b-a b\u00e1, cantado&#8230;<br \/>\nas resingas constantes do recreio,<br \/>\no Catecismo onde encontrei a ess\u00eancia<br \/>\nmais preciosa desse meu passado!<br \/>\nO meu passado&#8230;<br \/>\n&#8230;.dos cavalos de pau pela Rua do Meio<br \/>\ndo gamelo no ar, do pe\u00e3o de ponteira,<br \/>\ndo fandango, do anzol, das cavalgadas,<br \/>\ndo desafio ao sol, apostando carreira,<br \/>\ndos barcos de papel nas enxurradas!&#8230;<\/p>\n<p>Terra sentimental!<br \/>\nEu ainda te escuto<br \/>\nna voz emocional de Si\u00e1 Tom\u00e1sia!&#8230;<br \/>\nSi\u00e1 Tom\u00e1sia&#8230;<br \/>\na m\u00e3e preta que Deus mandou p\u2019ra mim,<br \/>\nas hist\u00f3rias mais lindas me contava<br \/>\ne me embalava, assim:<\/p>\n<p>\u201cBichinhos do mato, tin\u00f4,<br \/>\nanda de gib\u00e3o, tin\u00f4,<br \/>\npezinho cal\u00e7ado, tin\u00f4,<br \/>\noutro no ch\u00e3o, tin\u00f4.\u201d<\/p>\n<p>Vit\u00f3ria dos meus dias,<br \/>\nonde bendigo as minhas incertezas,<br \/>\nonde minh\u2019alma se compraz com a dor!<br \/>\ntu me embalas nas tuas alegrias,<br \/>\npara divinizar minhas tritezas,<br \/>\nterra do meu amor!<\/p>\n<p>Vit\u00f3ria,<br \/>\ncal\u00e7adinha de l\u00edrios e verbenas,<br \/>\n\u00e9 a choupana r\u00fastica da gl\u00f3ria<br \/>\nonde reside a grei dessas morenas<br \/>\nque l\u00e1 do c\u00e9u mandada<br \/>\nquis, p\u2019ra Vit\u00f3ria,<br \/>\no po\u00e9tico esplendor<br \/>\nde inspirar muito amor<br \/>\ne de ser sempre amada!<\/p>\n<p>Vit\u00f3ria!<br \/>\nUm cofre de guardar ventura.<br \/>\nA menina gentil, boa e inocente,<br \/>\ninteligente e pura,<br \/>\nvirgemzinha \u201cda silva\u201d&#8230;<br \/>\ne essa gente<br \/>\nessa gente ruim s\u00f3 abre a boca<br \/>\npara falar do \u201cflirt\u201d<br \/>\nAh! que ideia louca!<br \/>\nQue hist\u00f3ria!<br \/>\nMas que povo patife!<br \/>\nDa princesa Vit\u00f3ria<br \/>\nCom o pr\u00edncipe Recife.<\/p>\n<p>(Muitas rosas sobre o ch\u00e3o \u2013 Henrique de Holanda \u2013 p\u00e1g. 17 a 20).<\/p>\n\n\t\t\t\t<div class=\"mr_social_sharing_wrapper\">\n\t\t\t\t<!-- Social Sharing Toolkit v2.2 --><span class=\"mr_social_sharing_top\"><span style=\"display: inline-block; width: 55px; height: 62px; overflow: hidden;\"><div class=\"fb-like\" data-href=\"https:\/\/www.blogdopilako.com.br\/wp\/2016\/04\/08\/momento-cultural-vitoria-princesa-matuta-por-henrique-de-holanda-5\/\" data-send=\"false\" data-layout=\"box_count\" data-width=\"55\" data-show-faces=\"false\"><\/div><\/span><\/span><span class=\"mr_social_sharing_top\"><fb:share-button type=\"box_count\" href=\"https:\/\/www.blogdopilako.com.br\/wp\/2016\/04\/08\/momento-cultural-vitoria-princesa-matuta-por-henrique-de-holanda-5\/\"><\/fb:share-button><\/span><span class=\"mr_social_sharing\"><a rel=\"nofollow\" class=\"linksalpha_button linksalpha_link\" href=\"\/\/www.linksalpha.com\/social\/mobile\" data-url=\"https:\/\/www.blogdopilako.com.br\/wp\/2016\/04\/08\/momento-cultural-vitoria-princesa-matuta-por-henrique-de-holanda-5\/\" data-text=\"Momento Cultural: Vit\u00f3ria, princesa matuta! \u2013 por Henrique de Holanda\" data-desc=\"VIT\u00d3RIA, minha terra!... Princesa original da fam\u00edlia real de Pernambuco! Toda essa burguesia que se encerra dentro de ti, dentro de tua gente, vem do Brasil caduco, deste velhinho doente, burgu\u00eas e vision\u00e1rio. No seu progresso c\u00edvico e moral, a burguesia \u00e9 um mal heredit\u00e1rio N\u00e3o h\u00e1\" data-image=\"http:\/\/www.blogdopilako.com.br\/wp\/wp-content\/uploads\/Henrique-de-Holanda-Cavalcanti-3.jpg\" data-button=\"none\">\n\t\t\t\t\t<img src=\"\/\/www.linksalpha.com\/images\/social_share_button.png\" alt=\"Share\" class=\"linksalpha_image\" \/>\n\t\t\t\t\t<\/a><script type=\"text\/javascript\" src=\"\/\/www.linksalpha.com\/scripts\/loader_iconbox.js?v=2.4\"><\/script><\/span><\/div>","protected":false},"excerpt":{"rendered":"\n\t\t\t\t<div class=\"mr_social_sharing_wrapper\">\n\t\t\t\t<!-- Social Sharing Toolkit v2.2 --><span class=\"mr_social_sharing_top\"><span style=\"display: inline-block; width: 55px; height: 62px; overflow: hidden;\"><div class=\"fb-like\" data-href=\"https:\/\/www.blogdopilako.com.br\/wp\/2016\/04\/08\/momento-cultural-vitoria-princesa-matuta-por-henrique-de-holanda-5\/\" data-send=\"false\" data-layout=\"box_count\" data-width=\"55\" data-show-faces=\"false\"><\/div><\/span><\/span><span class=\"mr_social_sharing_top\"><fb:share-button type=\"box_count\" href=\"https:\/\/www.blogdopilako.com.br\/wp\/2016\/04\/08\/momento-cultural-vitoria-princesa-matuta-por-henrique-de-holanda-5\/\"><\/fb:share-button><\/span><span class=\"mr_social_sharing\"><a rel=\"nofollow\" class=\"linksalpha_button linksalpha_link\" href=\"\/\/www.linksalpha.com\/social\/mobile\" data-url=\"https:\/\/www.blogdopilako.com.br\/wp\/2016\/04\/08\/momento-cultural-vitoria-princesa-matuta-por-henrique-de-holanda-5\/\" data-text=\"Momento Cultural: Vit\u00f3ria, princesa matuta! \u2013 por Henrique de Holanda\" data-desc=\"VIT\u00d3RIA, minha terra!... Princesa original da fam\u00edlia real de Pernambuco! Toda essa burguesia que se encerra dentro de ti, dentro de tua gente, vem do Brasil caduco, deste velhinho doente, burgu\u00eas e vision\u00e1rio. No seu progresso c\u00edvico e moral, a burguesia \u00e9 um mal heredit\u00e1rio N\u00e3o h\u00e1\" data-image=\"\" data-button=\"none\">\n\t\t\t\t\t<img src=\"\/\/www.linksalpha.com\/images\/social_share_button.png\" alt=\"Share\" class=\"linksalpha_image\" \/>\n\t\t\t\t\t<\/a><script type=\"text\/javascript\" src=\"\/\/www.linksalpha.com\/scripts\/loader_iconbox.js?v=2.4\"><\/script><\/span><\/div><p>VIT\u00d3RIA, minha terra!&#8230; Princesa original da fam\u00edlia real de Pernambuco! Toda essa burguesia que se encerra dentro de ti, dentro de tua gente, vem do Brasil caduco, deste velhinho doente, burgu\u00eas e vision\u00e1rio. No seu progresso c\u00edvico e moral, a &hellip; <a href=\"https:\/\/www.blogdopilako.com.br\/wp\/2016\/04\/08\/momento-cultural-vitoria-princesa-matuta-por-henrique-de-holanda-5\/\">Continue lendo <span class=\"meta-nav\">&rarr;<\/span><\/a><\/p>\n\n\t\t\t\t<div class=\"mr_social_sharing_wrapper\">\n\t\t\t\t<!-- Social Sharing Toolkit v2.2 --><span class=\"mr_social_sharing_top\"><span style=\"display: inline-block; width: 55px; height: 62px; overflow: hidden;\"><div class=\"fb-like\" data-href=\"https:\/\/www.blogdopilako.com.br\/wp\/2016\/04\/08\/momento-cultural-vitoria-princesa-matuta-por-henrique-de-holanda-5\/\" data-send=\"false\" data-layout=\"box_count\" data-width=\"55\" data-show-faces=\"false\"><\/div><\/span><\/span><span class=\"mr_social_sharing_top\"><fb:share-button type=\"box_count\" href=\"https:\/\/www.blogdopilako.com.br\/wp\/2016\/04\/08\/momento-cultural-vitoria-princesa-matuta-por-henrique-de-holanda-5\/\"><\/fb:share-button><\/span><span class=\"mr_social_sharing\"><a rel=\"nofollow\" class=\"linksalpha_button linksalpha_link\" href=\"\/\/www.linksalpha.com\/social\/mobile\" data-url=\"https:\/\/www.blogdopilako.com.br\/wp\/2016\/04\/08\/momento-cultural-vitoria-princesa-matuta-por-henrique-de-holanda-5\/\" data-text=\"Momento Cultural: Vit\u00f3ria, princesa matuta! \u2013 por Henrique de Holanda\" data-desc=\"VIT\u00d3RIA, minha terra!... Princesa original da fam\u00edlia real de Pernambuco! Toda essa burguesia que se encerra dentro de ti, dentro de tua gente, vem do Brasil caduco, deste velhinho doente, burgu\u00eas e vision\u00e1rio. No seu progresso c\u00edvico e moral, a burguesia \u00e9 um mal heredit\u00e1rio N\u00e3o h\u00e1\" data-image=\"\" data-button=\"none\">\n\t\t\t\t\t<img src=\"\/\/www.linksalpha.com\/images\/social_share_button.png\" alt=\"Share\" class=\"linksalpha_image\" \/>\n\t\t\t\t\t<\/a><script type=\"text\/javascript\" src=\"\/\/www.linksalpha.com\/scripts\/loader_iconbox.js?v=2.4\"><\/script><\/span><\/div>","protected":false},"author":1,"featured_media":0,"comment_status":"open","ping_status":"open","sticky":false,"template":"","format":"standard","meta":[],"categories":[114],"tags":[],"_links":{"self":[{"href":"https:\/\/www.blogdopilako.com.br\/wp\/wp-json\/wp\/v2\/posts\/88231"}],"collection":[{"href":"https:\/\/www.blogdopilako.com.br\/wp\/wp-json\/wp\/v2\/posts"}],"about":[{"href":"https:\/\/www.blogdopilako.com.br\/wp\/wp-json\/wp\/v2\/types\/post"}],"author":[{"embeddable":true,"href":"https:\/\/www.blogdopilako.com.br\/wp\/wp-json\/wp\/v2\/users\/1"}],"replies":[{"embeddable":true,"href":"https:\/\/www.blogdopilako.com.br\/wp\/wp-json\/wp\/v2\/comments?post=88231"}],"version-history":[{"count":1,"href":"https:\/\/www.blogdopilako.com.br\/wp\/wp-json\/wp\/v2\/posts\/88231\/revisions"}],"predecessor-version":[{"id":88232,"href":"https:\/\/www.blogdopilako.com.br\/wp\/wp-json\/wp\/v2\/posts\/88231\/revisions\/88232"}],"wp:attachment":[{"href":"https:\/\/www.blogdopilako.com.br\/wp\/wp-json\/wp\/v2\/media?parent=88231"}],"wp:term":[{"taxonomy":"category","embeddable":true,"href":"https:\/\/www.blogdopilako.com.br\/wp\/wp-json\/wp\/v2\/categories?post=88231"},{"taxonomy":"post_tag","embeddable":true,"href":"https:\/\/www.blogdopilako.com.br\/wp\/wp-json\/wp\/v2\/tags?post=88231"}],"curies":[{"name":"wp","href":"https:\/\/api.w.org\/{rel}","templated":true}]}}