{"id":88187,"date":"2016-04-07T15:49:20","date_gmt":"2016-04-07T18:49:20","guid":{"rendered":"http:\/\/www.blogdopilako.com.br\/wp\/?p=88187"},"modified":"2016-04-07T15:49:20","modified_gmt":"2016-04-07T18:49:20","slug":"ocupar-a-cidade-com-debates","status":"publish","type":"post","link":"https:\/\/www.blogdopilako.com.br\/wp\/2016\/04\/07\/ocupar-a-cidade-com-debates\/","title":{"rendered":"Ocupar a cidade com debates."},"content":{"rendered":"\n\t\t\t\t<div class=\"mr_social_sharing_wrapper\">\n\t\t\t\t<!-- Social Sharing Toolkit v2.2 --><span class=\"mr_social_sharing_top\"><span style=\"display: inline-block; width: 55px; height: 62px; overflow: hidden;\"><div class=\"fb-like\" data-href=\"https:\/\/www.blogdopilako.com.br\/wp\/2016\/04\/07\/ocupar-a-cidade-com-debates\/\" data-send=\"false\" data-layout=\"box_count\" data-width=\"55\" data-show-faces=\"false\"><\/div><\/span><\/span><span class=\"mr_social_sharing_top\"><fb:share-button type=\"box_count\" href=\"https:\/\/www.blogdopilako.com.br\/wp\/2016\/04\/07\/ocupar-a-cidade-com-debates\/\"><\/fb:share-button><\/span><span class=\"mr_social_sharing\"><a rel=\"nofollow\" class=\"linksalpha_button linksalpha_link\" href=\"\/\/www.linksalpha.com\/social\/mobile\" data-url=\"https:\/\/www.blogdopilako.com.br\/wp\/2016\/04\/07\/ocupar-a-cidade-com-debates\/\" data-text=\"Ocupar a cidade com debates.\" data-desc=\"Hoje \u00e9 o dia mundial da sa\u00fade, dia 07 de abril. A organiza\u00e7\u00e3o Mundial da Sa\u00fade define uma pessoa saud\u00e1vel como um indiv\u00edduo que possui um completo bem estar-estar f\u00edsico, mental e social, ou seja, n\u00e3o \u00e9 uma no\u00e7\u00e3o baseada apenas na aus\u00eancia de enfermidades. E isso nos coloca, entre\" data-image=\"https:\/\/fbcdn-photos-e-a.akamaihd.net\/hphotos-ak-xla1\/v\/t1.0-0\/q84\/p235x350\/12512749_1292525367430972_8151046851993986390_n.jpg?oh=cadc631c1f29107a446c15b60c5bece9&amp;oe=57BA11A8&amp;__gda__=1467974475_df135620b2b5f458d84096a308d37d7f\" data-button=\"none\">\n\t\t\t\t\t<img src=\"\/\/www.linksalpha.com\/images\/social_share_button.png\" alt=\"Share\" class=\"linksalpha_image\" \/>\n\t\t\t\t\t<\/a><script type=\"text\/javascript\" src=\"\/\/www.linksalpha.com\/scripts\/loader_iconbox.js?v=2.4\"><\/script><\/span><\/div><p style=\"text-align: justify;\"><img loading=\"lazy\" class=\"spotlight aligncenter\" src=\"https:\/\/fbcdn-photos-e-a.akamaihd.net\/hphotos-ak-xla1\/v\/t1.0-0\/q84\/p235x350\/12512749_1292525367430972_8151046851993986390_n.jpg?oh=cadc631c1f29107a446c15b60c5bece9&amp;oe=57BA11A8&amp;__gda__=1467974475_df135620b2b5f458d84096a308d37d7f\" alt=\"\" width=\"527\" height=\"369\" \/><\/p>\n<p style=\"text-align: justify;\">Hoje \u00e9 o dia mundial da sa\u00fade, dia 07 de abril. A organiza\u00e7\u00e3o Mundial da Sa\u00fade define uma pessoa saud\u00e1vel como um indiv\u00edduo que possui um completo bem estar-estar f\u00edsico, mental e social, ou seja, n\u00e3o \u00e9 uma no\u00e7\u00e3o baseada apenas na aus\u00eancia de enfermidades. E isso nos coloca, entre outros, a necessidade de ampliar as pol\u00edticas p\u00fablicas do nosso munic\u00edpio para atender n\u00e3o apenas problemas relativos \u00e0s endemias e preven\u00e7\u00f5es.<\/p>\n<p style=\"text-align: justify;\">Estaremos participando de uma roda de debates sobre sa\u00fade p\u00fablica, no Centro Acad\u00eamico de Vit\u00f3ria, UFPE. Imaginar o futuro da nossa cidade tamb\u00e9m diz respeito a realizar atividades de reflex\u00e3o, ocupar a cidade com novas ideias e ouvir o m\u00e1ximo de pessoas poss\u00edvel. Principalmente quando o modelo desta cidade n\u00e3o cabe nos nossos sonhos.<\/p>\n<p style=\"text-align: justify;\">O tema ser\u00e1: O \u201clegado\u201d do Aedes Aegypti. Voc\u00eas est\u00e3o todos convidados.<\/p>\n\n\t\t\t\t<div class=\"mr_social_sharing_wrapper\">\n\t\t\t\t<!-- Social Sharing Toolkit v2.2 --><span class=\"mr_social_sharing_top\"><span style=\"display: inline-block; width: 55px; height: 62px; overflow: hidden;\"><div class=\"fb-like\" data-href=\"https:\/\/www.blogdopilako.com.br\/wp\/2016\/04\/07\/ocupar-a-cidade-com-debates\/\" data-send=\"false\" data-layout=\"box_count\" data-width=\"55\" data-show-faces=\"false\"><\/div><\/span><\/span><span class=\"mr_social_sharing_top\"><fb:share-button type=\"box_count\" href=\"https:\/\/www.blogdopilako.com.br\/wp\/2016\/04\/07\/ocupar-a-cidade-com-debates\/\"><\/fb:share-button><\/span><span class=\"mr_social_sharing\"><a rel=\"nofollow\" class=\"linksalpha_button linksalpha_link\" href=\"\/\/www.linksalpha.com\/social\/mobile\" data-url=\"https:\/\/www.blogdopilako.com.br\/wp\/2016\/04\/07\/ocupar-a-cidade-com-debates\/\" data-text=\"Ocupar a cidade com debates.\" data-desc=\"Hoje \u00e9 o dia mundial da sa\u00fade, dia 07 de abril. A organiza\u00e7\u00e3o Mundial da Sa\u00fade define uma pessoa saud\u00e1vel como um indiv\u00edduo que possui um completo bem estar-estar f\u00edsico, mental e social, ou seja, n\u00e3o \u00e9 uma no\u00e7\u00e3o baseada apenas na aus\u00eancia de enfermidades. E isso nos coloca, entre\" data-image=\"https:\/\/fbcdn-photos-e-a.akamaihd.net\/hphotos-ak-xla1\/v\/t1.0-0\/q84\/p235x350\/12512749_1292525367430972_8151046851993986390_n.jpg?oh=cadc631c1f29107a446c15b60c5bece9&amp;oe=57BA11A8&amp;__gda__=1467974475_df135620b2b5f458d84096a308d37d7f\" data-button=\"none\">\n\t\t\t\t\t<img src=\"\/\/www.linksalpha.com\/images\/social_share_button.png\" alt=\"Share\" class=\"linksalpha_image\" \/>\n\t\t\t\t\t<\/a><script type=\"text\/javascript\" src=\"\/\/www.linksalpha.com\/scripts\/loader_iconbox.js?v=2.4\"><\/script><\/span><\/div>","protected":false},"excerpt":{"rendered":"\n\t\t\t\t<div class=\"mr_social_sharing_wrapper\">\n\t\t\t\t<!-- Social Sharing Toolkit v2.2 --><span class=\"mr_social_sharing_top\"><span style=\"display: inline-block; width: 55px; height: 62px; overflow: hidden;\"><div class=\"fb-like\" data-href=\"https:\/\/www.blogdopilako.com.br\/wp\/2016\/04\/07\/ocupar-a-cidade-com-debates\/\" data-send=\"false\" data-layout=\"box_count\" data-width=\"55\" data-show-faces=\"false\"><\/div><\/span><\/span><span class=\"mr_social_sharing_top\"><fb:share-button type=\"box_count\" href=\"https:\/\/www.blogdopilako.com.br\/wp\/2016\/04\/07\/ocupar-a-cidade-com-debates\/\"><\/fb:share-button><\/span><span class=\"mr_social_sharing\"><a rel=\"nofollow\" class=\"linksalpha_button linksalpha_link\" href=\"\/\/www.linksalpha.com\/social\/mobile\" data-url=\"https:\/\/www.blogdopilako.com.br\/wp\/2016\/04\/07\/ocupar-a-cidade-com-debates\/\" data-text=\"Ocupar a cidade com debates.\" data-desc=\"Hoje \u00e9 o dia mundial da sa\u00fade, dia 07 de abril. A organiza\u00e7\u00e3o Mundial da Sa\u00fade define uma pessoa saud\u00e1vel como um indiv\u00edduo que possui um completo bem estar-estar f\u00edsico, mental e social, ou seja, n\u00e3o \u00e9 uma no\u00e7\u00e3o baseada apenas na aus\u00eancia de enfermidades. E isso nos coloca, entre\" data-image=\"\" data-button=\"none\">\n\t\t\t\t\t<img src=\"\/\/www.linksalpha.com\/images\/social_share_button.png\" alt=\"Share\" class=\"linksalpha_image\" \/>\n\t\t\t\t\t<\/a><script type=\"text\/javascript\" src=\"\/\/www.linksalpha.com\/scripts\/loader_iconbox.js?v=2.4\"><\/script><\/span><\/div><p>Hoje \u00e9 o dia mundial da sa\u00fade, dia 07 de abril. A organiza\u00e7\u00e3o Mundial da Sa\u00fade define uma pessoa saud\u00e1vel como um indiv\u00edduo que possui um completo bem estar-estar f\u00edsico, mental e social, ou seja, n\u00e3o \u00e9 uma no\u00e7\u00e3o baseada &hellip; <a href=\"https:\/\/www.blogdopilako.com.br\/wp\/2016\/04\/07\/ocupar-a-cidade-com-debates\/\">Continue lendo <span class=\"meta-nav\">&rarr;<\/span><\/a><\/p>\n\n\t\t\t\t<div class=\"mr_social_sharing_wrapper\">\n\t\t\t\t<!-- Social Sharing Toolkit v2.2 --><span class=\"mr_social_sharing_top\"><span style=\"display: inline-block; width: 55px; height: 62px; overflow: hidden;\"><div class=\"fb-like\" data-href=\"https:\/\/www.blogdopilako.com.br\/wp\/2016\/04\/07\/ocupar-a-cidade-com-debates\/\" data-send=\"false\" data-layout=\"box_count\" data-width=\"55\" data-show-faces=\"false\"><\/div><\/span><\/span><span class=\"mr_social_sharing_top\"><fb:share-button type=\"box_count\" href=\"https:\/\/www.blogdopilako.com.br\/wp\/2016\/04\/07\/ocupar-a-cidade-com-debates\/\"><\/fb:share-button><\/span><span class=\"mr_social_sharing\"><a rel=\"nofollow\" class=\"linksalpha_button linksalpha_link\" href=\"\/\/www.linksalpha.com\/social\/mobile\" data-url=\"https:\/\/www.blogdopilako.com.br\/wp\/2016\/04\/07\/ocupar-a-cidade-com-debates\/\" data-text=\"Ocupar a cidade com debates.\" data-desc=\"Hoje \u00e9 o dia mundial da sa\u00fade, dia 07 de abril. A organiza\u00e7\u00e3o Mundial da Sa\u00fade define uma pessoa saud\u00e1vel como um indiv\u00edduo que possui um completo bem estar-estar f\u00edsico, mental e social, ou seja, n\u00e3o \u00e9 uma no\u00e7\u00e3o baseada apenas na aus\u00eancia de enfermidades. E isso nos coloca, entre\" data-image=\"\" data-button=\"none\">\n\t\t\t\t\t<img src=\"\/\/www.linksalpha.com\/images\/social_share_button.png\" alt=\"Share\" class=\"linksalpha_image\" \/>\n\t\t\t\t\t<\/a><script type=\"text\/javascript\" src=\"\/\/www.linksalpha.com\/scripts\/loader_iconbox.js?v=2.4\"><\/script><\/span><\/div>","protected":false},"author":1,"featured_media":0,"comment_status":"open","ping_status":"open","sticky":false,"template":"","format":"standard","meta":[],"categories":[141],"tags":[],"_links":{"self":[{"href":"https:\/\/www.blogdopilako.com.br\/wp\/wp-json\/wp\/v2\/posts\/88187"}],"collection":[{"href":"https:\/\/www.blogdopilako.com.br\/wp\/wp-json\/wp\/v2\/posts"}],"about":[{"href":"https:\/\/www.blogdopilako.com.br\/wp\/wp-json\/wp\/v2\/types\/post"}],"author":[{"embeddable":true,"href":"https:\/\/www.blogdopilako.com.br\/wp\/wp-json\/wp\/v2\/users\/1"}],"replies":[{"embeddable":true,"href":"https:\/\/www.blogdopilako.com.br\/wp\/wp-json\/wp\/v2\/comments?post=88187"}],"version-history":[{"count":1,"href":"https:\/\/www.blogdopilako.com.br\/wp\/wp-json\/wp\/v2\/posts\/88187\/revisions"}],"predecessor-version":[{"id":88189,"href":"https:\/\/www.blogdopilako.com.br\/wp\/wp-json\/wp\/v2\/posts\/88187\/revisions\/88189"}],"wp:attachment":[{"href":"https:\/\/www.blogdopilako.com.br\/wp\/wp-json\/wp\/v2\/media?parent=88187"}],"wp:term":[{"taxonomy":"category","embeddable":true,"href":"https:\/\/www.blogdopilako.com.br\/wp\/wp-json\/wp\/v2\/categories?post=88187"},{"taxonomy":"post_tag","embeddable":true,"href":"https:\/\/www.blogdopilako.com.br\/wp\/wp-json\/wp\/v2\/tags?post=88187"}],"curies":[{"name":"wp","href":"https:\/\/api.w.org\/{rel}","templated":true}]}}