{"id":86017,"date":"2016-02-02T11:27:41","date_gmt":"2016-02-02T14:27:41","guid":{"rendered":"http:\/\/www.blogdopilako.com.br\/wp\/?p=86017"},"modified":"2016-02-02T11:27:41","modified_gmt":"2016-02-02T14:27:41","slug":"o-camelo-e-de-amargar-10","status":"publish","type":"post","link":"https:\/\/www.blogdopilako.com.br\/wp\/2016\/02\/02\/o-camelo-e-de-amargar-10\/","title":{"rendered":"O Camelo \u00e9 de Amargar"},"content":{"rendered":"\n\t\t\t\t<div class=\"mr_social_sharing_wrapper\">\n\t\t\t\t<!-- Social Sharing Toolkit v2.2 --><span class=\"mr_social_sharing_top\"><span style=\"display: inline-block; width: 55px; height: 62px; overflow: hidden;\"><div class=\"fb-like\" data-href=\"https:\/\/www.blogdopilako.com.br\/wp\/2016\/02\/02\/o-camelo-e-de-amargar-10\/\" data-send=\"false\" data-layout=\"box_count\" data-width=\"55\" data-show-faces=\"false\"><\/div><\/span><\/span><span class=\"mr_social_sharing_top\"><fb:share-button type=\"box_count\" href=\"https:\/\/www.blogdopilako.com.br\/wp\/2016\/02\/02\/o-camelo-e-de-amargar-10\/\"><\/fb:share-button><\/span><span class=\"mr_social_sharing\"><a rel=\"nofollow\" class=\"linksalpha_button linksalpha_link\" href=\"\/\/www.linksalpha.com\/social\/mobile\" data-url=\"https:\/\/www.blogdopilako.com.br\/wp\/2016\/02\/02\/o-camelo-e-de-amargar-10\/\" data-text=\"O Camelo \u00e9 de Amargar\" data-desc=\"Ou\u00e7a a m\u00fasica \"O CAMELO \u00c9 DE AMARGAR\", composta pelo Maestro Nelson Ferreira, na interpreta\u00e7\u00e3o de Roberto Barradas. \u00a0 Aldenisio Tavares\" data-image=\"http:\/\/www.blogdopilako.com.br\/wp\/wp-content\/uploads\/ocamelo.jpg\" data-button=\"none\">\n\t\t\t\t\t<img src=\"\/\/www.linksalpha.com\/images\/social_share_button.png\" alt=\"Share\" class=\"linksalpha_image\" \/>\n\t\t\t\t\t<\/a><script type=\"text\/javascript\" src=\"\/\/www.linksalpha.com\/scripts\/loader_iconbox.js?v=2.4\"><\/script><\/span><\/div><p style=\"text-align: justify;\"><a href=\"http:\/\/www.blogdopilako.com.br\/wp\/wp-content\/uploads\/ocamelo.jpg\"><img loading=\"lazy\" class=\"aligncenter size-full wp-image-11815\" title=\"ocamelo\" src=\"http:\/\/www.blogdopilako.com.br\/wp\/wp-content\/uploads\/ocamelo.jpg\" alt=\"\" width=\"509\" height=\"505\" \/><\/a>Ou\u00e7a a m\u00fasica &#8220;<strong>O CAMELO \u00c9 DE AMARGAR<\/strong>&#8220;, composta pelo <strong>Maestro Nelson Ferreira<\/strong>, na interpreta\u00e7\u00e3o de <strong>Roberto Barradas<\/strong>.<\/p>\n<p><strong><strong>[wpaudio url=&#8221;http:\/\/www.blogdopilako.com.br\/wp\/wp-content\/uploads\/camelo1.mp3&#8243; text=&#8221;O Camelo \u00e9 de Amargar &#8211; Roberto Barradas&#8221; dl=&#8221;http:\/\/www.blogdopilako.com.br\/wp\/wp-content\/uploads\/camelo1.mp3&#8243;]<\/strong><\/strong><\/p>\n<p>&nbsp;<\/p>\n<p><strong>Aldenisio Tavares<\/strong><\/p>\n\n\t\t\t\t<div class=\"mr_social_sharing_wrapper\">\n\t\t\t\t<!-- Social Sharing Toolkit v2.2 --><span class=\"mr_social_sharing_top\"><span style=\"display: inline-block; width: 55px; height: 62px; overflow: hidden;\"><div class=\"fb-like\" data-href=\"https:\/\/www.blogdopilako.com.br\/wp\/2016\/02\/02\/o-camelo-e-de-amargar-10\/\" data-send=\"false\" data-layout=\"box_count\" data-width=\"55\" data-show-faces=\"false\"><\/div><\/span><\/span><span class=\"mr_social_sharing_top\"><fb:share-button type=\"box_count\" href=\"https:\/\/www.blogdopilako.com.br\/wp\/2016\/02\/02\/o-camelo-e-de-amargar-10\/\"><\/fb:share-button><\/span><span class=\"mr_social_sharing\"><a rel=\"nofollow\" class=\"linksalpha_button linksalpha_link\" href=\"\/\/www.linksalpha.com\/social\/mobile\" data-url=\"https:\/\/www.blogdopilako.com.br\/wp\/2016\/02\/02\/o-camelo-e-de-amargar-10\/\" data-text=\"O Camelo \u00e9 de Amargar\" data-desc=\"Ou\u00e7a a m\u00fasica \"O CAMELO \u00c9 DE AMARGAR\", composta pelo Maestro Nelson Ferreira, na interpreta\u00e7\u00e3o de Roberto Barradas. \u00a0 Aldenisio Tavares\" data-image=\"http:\/\/www.blogdopilako.com.br\/wp\/wp-content\/uploads\/ocamelo.jpg\" data-button=\"none\">\n\t\t\t\t\t<img src=\"\/\/www.linksalpha.com\/images\/social_share_button.png\" alt=\"Share\" class=\"linksalpha_image\" \/>\n\t\t\t\t\t<\/a><script type=\"text\/javascript\" src=\"\/\/www.linksalpha.com\/scripts\/loader_iconbox.js?v=2.4\"><\/script><\/span><\/div>","protected":false},"excerpt":{"rendered":"\n\t\t\t\t<div class=\"mr_social_sharing_wrapper\">\n\t\t\t\t<!-- Social Sharing Toolkit v2.2 --><span class=\"mr_social_sharing_top\"><span style=\"display: inline-block; width: 55px; height: 62px; overflow: hidden;\"><div class=\"fb-like\" data-href=\"https:\/\/www.blogdopilako.com.br\/wp\/2016\/02\/02\/o-camelo-e-de-amargar-10\/\" data-send=\"false\" data-layout=\"box_count\" data-width=\"55\" data-show-faces=\"false\"><\/div><\/span><\/span><span class=\"mr_social_sharing_top\"><fb:share-button type=\"box_count\" href=\"https:\/\/www.blogdopilako.com.br\/wp\/2016\/02\/02\/o-camelo-e-de-amargar-10\/\"><\/fb:share-button><\/span><span class=\"mr_social_sharing\"><a rel=\"nofollow\" class=\"linksalpha_button linksalpha_link\" href=\"\/\/www.linksalpha.com\/social\/mobile\" data-url=\"https:\/\/www.blogdopilako.com.br\/wp\/2016\/02\/02\/o-camelo-e-de-amargar-10\/\" data-text=\"O Camelo \u00e9 de Amargar\" data-desc=\"Ou\u00e7a a m\u00fasica \"O CAMELO \u00c9 DE AMARGAR\", composta pelo Maestro Nelson Ferreira, na interpreta\u00e7\u00e3o de Roberto Barradas. \u00a0 Aldenisio Tavares\" data-image=\"\" data-button=\"none\">\n\t\t\t\t\t<img src=\"\/\/www.linksalpha.com\/images\/social_share_button.png\" alt=\"Share\" class=\"linksalpha_image\" \/>\n\t\t\t\t\t<\/a><script type=\"text\/javascript\" src=\"\/\/www.linksalpha.com\/scripts\/loader_iconbox.js?v=2.4\"><\/script><\/span><\/div><p>Ou\u00e7a a m\u00fasica &#8220;O CAMELO \u00c9 DE AMARGAR&#8220;, composta pelo Maestro Nelson Ferreira, na interpreta\u00e7\u00e3o de Roberto Barradas. [wpaudio url=&#8221;http:\/\/www.blogdopilako.com.br\/wp\/wp-content\/uploads\/camelo1.mp3&#8243; text=&#8221;O Camelo \u00e9 de Amargar &#8211; Roberto Barradas&#8221; dl=&#8221;http:\/\/www.blogdopilako.com.br\/wp\/wp-content\/uploads\/camelo1.mp3&#8243;] &nbsp; Aldenisio Tavares<\/p>\n\n\t\t\t\t<div class=\"mr_social_sharing_wrapper\">\n\t\t\t\t<!-- Social Sharing Toolkit v2.2 --><span class=\"mr_social_sharing_top\"><span style=\"display: inline-block; width: 55px; height: 62px; overflow: hidden;\"><div class=\"fb-like\" data-href=\"https:\/\/www.blogdopilako.com.br\/wp\/2016\/02\/02\/o-camelo-e-de-amargar-10\/\" data-send=\"false\" data-layout=\"box_count\" data-width=\"55\" data-show-faces=\"false\"><\/div><\/span><\/span><span class=\"mr_social_sharing_top\"><fb:share-button type=\"box_count\" href=\"https:\/\/www.blogdopilako.com.br\/wp\/2016\/02\/02\/o-camelo-e-de-amargar-10\/\"><\/fb:share-button><\/span><span class=\"mr_social_sharing\"><a rel=\"nofollow\" class=\"linksalpha_button linksalpha_link\" href=\"\/\/www.linksalpha.com\/social\/mobile\" data-url=\"https:\/\/www.blogdopilako.com.br\/wp\/2016\/02\/02\/o-camelo-e-de-amargar-10\/\" data-text=\"O Camelo \u00e9 de Amargar\" data-desc=\"Ou\u00e7a a m\u00fasica \"O CAMELO \u00c9 DE AMARGAR\", composta pelo Maestro Nelson Ferreira, na interpreta\u00e7\u00e3o de Roberto Barradas. \u00a0 Aldenisio Tavares\" data-image=\"\" data-button=\"none\">\n\t\t\t\t\t<img src=\"\/\/www.linksalpha.com\/images\/social_share_button.png\" alt=\"Share\" class=\"linksalpha_image\" \/>\n\t\t\t\t\t<\/a><script type=\"text\/javascript\" src=\"\/\/www.linksalpha.com\/scripts\/loader_iconbox.js?v=2.4\"><\/script><\/span><\/div>","protected":false},"author":1,"featured_media":0,"comment_status":"open","ping_status":"open","sticky":false,"template":"","format":"standard","meta":[],"categories":[17],"tags":[],"_links":{"self":[{"href":"https:\/\/www.blogdopilako.com.br\/wp\/wp-json\/wp\/v2\/posts\/86017"}],"collection":[{"href":"https:\/\/www.blogdopilako.com.br\/wp\/wp-json\/wp\/v2\/posts"}],"about":[{"href":"https:\/\/www.blogdopilako.com.br\/wp\/wp-json\/wp\/v2\/types\/post"}],"author":[{"embeddable":true,"href":"https:\/\/www.blogdopilako.com.br\/wp\/wp-json\/wp\/v2\/users\/1"}],"replies":[{"embeddable":true,"href":"https:\/\/www.blogdopilako.com.br\/wp\/wp-json\/wp\/v2\/comments?post=86017"}],"version-history":[{"count":1,"href":"https:\/\/www.blogdopilako.com.br\/wp\/wp-json\/wp\/v2\/posts\/86017\/revisions"}],"predecessor-version":[{"id":86018,"href":"https:\/\/www.blogdopilako.com.br\/wp\/wp-json\/wp\/v2\/posts\/86017\/revisions\/86018"}],"wp:attachment":[{"href":"https:\/\/www.blogdopilako.com.br\/wp\/wp-json\/wp\/v2\/media?parent=86017"}],"wp:term":[{"taxonomy":"category","embeddable":true,"href":"https:\/\/www.blogdopilako.com.br\/wp\/wp-json\/wp\/v2\/categories?post=86017"},{"taxonomy":"post_tag","embeddable":true,"href":"https:\/\/www.blogdopilako.com.br\/wp\/wp-json\/wp\/v2\/tags?post=86017"}],"curies":[{"name":"wp","href":"https:\/\/api.w.org\/{rel}","templated":true}]}}