{"id":85927,"date":"2016-02-01T14:25:31","date_gmt":"2016-02-01T17:25:31","guid":{"rendered":"http:\/\/www.blogdopilako.com.br\/wp\/?p=85927"},"modified":"2016-02-01T12:15:16","modified_gmt":"2016-02-01T15:15:16","slug":"as-virgens-da-vitoria-com-muita-irreverencia-mostra-sua-forca-no-carnaval-vitoriense","status":"publish","type":"post","link":"https:\/\/www.blogdopilako.com.br\/wp\/2016\/02\/01\/as-virgens-da-vitoria-com-muita-irreverencia-mostra-sua-forca-no-carnaval-vitoriense\/","title":{"rendered":"&#8220;AS VIRGENS DA VIT\u00d3RIA&#8221;, com muita irrever\u00eancia, mostra sua for\u00e7a no carnaval vitoriense."},"content":{"rendered":"\n\t\t\t\t<div class=\"mr_social_sharing_wrapper\">\n\t\t\t\t<!-- Social Sharing Toolkit v2.2 --><span class=\"mr_social_sharing_top\"><span style=\"display: inline-block; width: 55px; height: 62px; overflow: hidden;\"><div class=\"fb-like\" data-href=\"https:\/\/www.blogdopilako.com.br\/wp\/2016\/02\/01\/as-virgens-da-vitoria-com-muita-irreverencia-mostra-sua-forca-no-carnaval-vitoriense\/\" data-send=\"false\" data-layout=\"box_count\" data-width=\"55\" data-show-faces=\"false\"><\/div><\/span><\/span><span class=\"mr_social_sharing_top\"><fb:share-button type=\"box_count\" href=\"https:\/\/www.blogdopilako.com.br\/wp\/2016\/02\/01\/as-virgens-da-vitoria-com-muita-irreverencia-mostra-sua-forca-no-carnaval-vitoriense\/\"><\/fb:share-button><\/span><span class=\"mr_social_sharing\"><a rel=\"nofollow\" class=\"linksalpha_button linksalpha_link\" href=\"\/\/www.linksalpha.com\/social\/mobile\" data-url=\"https:\/\/www.blogdopilako.com.br\/wp\/2016\/02\/01\/as-virgens-da-vitoria-com-muita-irreverencia-mostra-sua-forca-no-carnaval-vitoriense\/\" data-text=\"\u201cAS VIRGENS DA VIT\u00d3RIA\u201d, com muita irrever\u00eancia, mostra sua for\u00e7a no carnaval vitoriense.\" data-desc=\"Na noite do s\u00e1bado (30) a Agremia\u00e7\u00e3o Carnavalesca \u201cAS VIRGENS DA VIT\u00d3RIA\u201d promoveu um grande desfile. Al\u00e9m \u00a0das ricas, luxuosas, criativas e irreverentes fantasias, que d\u00e3o um toque \u00edmpar \u00e0 festa, os participantes, dentro e foram do cord\u00e3o de isolamento, dan\u00e7aram ao som do trio\" data-image=\"http:\/\/www.blogdopilako.com.br\/wp\/wp-content\/uploads\/virgens5.jpg\" data-button=\"none\">\n\t\t\t\t\t<img src=\"\/\/www.linksalpha.com\/images\/social_share_button.png\" alt=\"Share\" class=\"linksalpha_image\" \/>\n\t\t\t\t\t<\/a><script type=\"text\/javascript\" src=\"\/\/www.linksalpha.com\/scripts\/loader_iconbox.js?v=2.4\"><\/script><\/span><\/div><p style=\"text-align: justify;\"><a href=\"http:\/\/www.blogdopilako.com.br\/wp\/wp-content\/uploads\/virgens5.jpg\"><img loading=\"lazy\" class=\"aligncenter size-full wp-image-85950\" src=\"http:\/\/www.blogdopilako.com.br\/wp\/wp-content\/uploads\/virgens5.jpg\" alt=\"virgens\" width=\"560\" height=\"420\" \/><\/a><br \/>\nNa noite do s\u00e1bado (30) a <strong>Agremia\u00e7\u00e3o Carnavalesca \u201cAS VIRGENS DA VIT\u00d3RIA\u201d<\/strong> promoveu um grande desfile. Al\u00e9m \u00a0das ricas, luxuosas, criativas e irreverentes fantasias, que d\u00e3o um toque \u00edmpar \u00e0 festa, os participantes, dentro e foram do cord\u00e3o de isolamento, dan\u00e7aram ao som do trio \u201cpuxado\u201d pelo talentoso artista vitoriense <strong>Jonatha Chocolate<\/strong>. \u00a0Veja o v\u00eddeo:<\/p>\n<p><iframe loading=\"lazy\" title=\"Blog do Pilako: VIT\u00d3RIA DE SANTO ANT\u00c3O - CARNAVAL 2016 - BLOCO DAS VIRGENS - JOANANTHA  CHOCOLAT\" width=\"584\" height=\"329\" src=\"https:\/\/www.youtube.com\/embed\/-NcY7CkKI1s?feature=oembed\" frameborder=\"0\" allow=\"accelerometer; autoplay; clipboard-write; encrypted-media; gyroscope; picture-in-picture\" allowfullscreen><\/iframe><\/p>\n\n\t\t<style type=\"text\/css\">\n\t\t\t#gallery-1 {\n\t\t\t\tmargin: auto;\n\t\t\t}\n\t\t\t#gallery-1 .gallery-item {\n\t\t\t\tfloat: left;\n\t\t\t\tmargin-top: 10px;\n\t\t\t\ttext-align: center;\n\t\t\t\twidth: 25%;\n\t\t\t}\n\t\t\t#gallery-1 img {\n\t\t\t\tborder: 2px solid #cfcfcf;\n\t\t\t}\n\t\t\t#gallery-1 .gallery-caption {\n\t\t\t\tmargin-left: 0;\n\t\t\t}\n\t\t\t\/* see gallery_shortcode() in wp-includes\/media.php *\/\n\t\t<\/style>\n\t\t<div id='gallery-1' class='gallery galleryid-85927 gallery-columns-4 gallery-size-thumbnail'><dl class='gallery-item'>\n\t\t\t<dt class='gallery-icon '>\n\t\t\t\t<a href='https:\/\/www.blogdopilako.com.br\/wp\/wp-content\/uploads\/IMG_5226.jpg'>IMG_5226<\/a>\n\t\t\t<\/dt><\/dl><dl class='gallery-item'>\n\t\t\t<dt class='gallery-icon '>\n\t\t\t\t<a href='https:\/\/www.blogdopilako.com.br\/wp\/wp-content\/uploads\/IMG_5199.jpg'>IMG_5199<\/a>\n\t\t\t<\/dt><\/dl><dl class='gallery-item'>\n\t\t\t<dt class='gallery-icon '>\n\t\t\t\t<a href='https:\/\/www.blogdopilako.com.br\/wp\/wp-content\/uploads\/IMG_5218.jpg'>IMG_5218<\/a>\n\t\t\t<\/dt><\/dl><dl class='gallery-item'>\n\t\t\t<dt class='gallery-icon '>\n\t\t\t\t<a href='https:\/\/www.blogdopilako.com.br\/wp\/wp-content\/uploads\/IMG_52051.jpg'>IMG_5205<\/a>\n\t\t\t<\/dt><\/dl><br style=\"clear: both\" \/><dl class='gallery-item'>\n\t\t\t<dt class='gallery-icon '>\n\t\t\t\t<a href='https:\/\/www.blogdopilako.com.br\/wp\/wp-content\/uploads\/IMG_5203.jpg'>IMG_5203<\/a>\n\t\t\t<\/dt><\/dl><dl class='gallery-item'>\n\t\t\t<dt class='gallery-icon '>\n\t\t\t\t<a href='https:\/\/www.blogdopilako.com.br\/wp\/wp-content\/uploads\/IMG_5240.jpg'>IMG_5240<\/a>\n\t\t\t<\/dt><\/dl><dl class='gallery-item'>\n\t\t\t<dt class='gallery-icon '>\n\t\t\t\t<a href='https:\/\/www.blogdopilako.com.br\/wp\/wp-content\/uploads\/IMG_5238.jpg'>IMG_5238<\/a>\n\t\t\t<\/dt><\/dl><dl class='gallery-item'>\n\t\t\t<dt class='gallery-icon '>\n\t\t\t\t<a href='https:\/\/www.blogdopilako.com.br\/wp\/wp-content\/uploads\/IMG_51981.jpg'>IMG_5198<\/a>\n\t\t\t<\/dt><\/dl><br style=\"clear: both\" \/><dl class='gallery-item'>\n\t\t\t<dt class='gallery-icon '>\n\t\t\t\t<a href='https:\/\/www.blogdopilako.com.br\/wp\/wp-content\/uploads\/IMG_5225.jpg'>IMG_5225<\/a>\n\t\t\t<\/dt><\/dl><dl class='gallery-item'>\n\t\t\t<dt class='gallery-icon '>\n\t\t\t\t<a href='https:\/\/www.blogdopilako.com.br\/wp\/wp-content\/uploads\/IMG_5210.jpg'>IMG_5210<\/a>\n\t\t\t<\/dt><\/dl><dl class='gallery-item'>\n\t\t\t<dt class='gallery-icon '>\n\t\t\t\t<a href='https:\/\/www.blogdopilako.com.br\/wp\/wp-content\/uploads\/IMG_52161.jpg'>IMG_5216<\/a>\n\t\t\t<\/dt><\/dl><dl class='gallery-item'>\n\t\t\t<dt class='gallery-icon '>\n\t\t\t\t<a href='https:\/\/www.blogdopilako.com.br\/wp\/wp-content\/uploads\/IMG_5215.jpg'>IMG_5215<\/a>\n\t\t\t<\/dt><\/dl><br style=\"clear: both\" \/><dl class='gallery-item'>\n\t\t\t<dt class='gallery-icon '>\n\t\t\t\t<a href='https:\/\/www.blogdopilako.com.br\/wp\/wp-content\/uploads\/IMG_5209.jpg'>IMG_5209<\/a>\n\t\t\t<\/dt><\/dl><dl class='gallery-item'>\n\t\t\t<dt class='gallery-icon '>\n\t\t\t\t<a href='https:\/\/www.blogdopilako.com.br\/wp\/wp-content\/uploads\/IMG_5246.jpg'>IMG_5246<\/a>\n\t\t\t<\/dt><\/dl><dl class='gallery-item'>\n\t\t\t<dt class='gallery-icon '>\n\t\t\t\t<a href='https:\/\/www.blogdopilako.com.br\/wp\/wp-content\/uploads\/IMG_5211.jpg'>IMG_5211<\/a>\n\t\t\t<\/dt><\/dl><dl class='gallery-item'>\n\t\t\t<dt class='gallery-icon '>\n\t\t\t\t<a href='https:\/\/www.blogdopilako.com.br\/wp\/wp-content\/uploads\/IMG_5201.jpg'>IMG_5201<\/a>\n\t\t\t<\/dt><\/dl><br style=\"clear: both\" \/>\n\t\t<\/div>\n\n\n\t\t\t\t<div class=\"mr_social_sharing_wrapper\">\n\t\t\t\t<!-- Social Sharing Toolkit v2.2 --><span class=\"mr_social_sharing_top\"><span style=\"display: inline-block; width: 55px; height: 62px; overflow: hidden;\"><div class=\"fb-like\" data-href=\"https:\/\/www.blogdopilako.com.br\/wp\/2016\/02\/01\/as-virgens-da-vitoria-com-muita-irreverencia-mostra-sua-forca-no-carnaval-vitoriense\/\" data-send=\"false\" data-layout=\"box_count\" data-width=\"55\" data-show-faces=\"false\"><\/div><\/span><\/span><span class=\"mr_social_sharing_top\"><fb:share-button type=\"box_count\" href=\"https:\/\/www.blogdopilako.com.br\/wp\/2016\/02\/01\/as-virgens-da-vitoria-com-muita-irreverencia-mostra-sua-forca-no-carnaval-vitoriense\/\"><\/fb:share-button><\/span><span class=\"mr_social_sharing\"><a rel=\"nofollow\" class=\"linksalpha_button linksalpha_link\" href=\"\/\/www.linksalpha.com\/social\/mobile\" data-url=\"https:\/\/www.blogdopilako.com.br\/wp\/2016\/02\/01\/as-virgens-da-vitoria-com-muita-irreverencia-mostra-sua-forca-no-carnaval-vitoriense\/\" data-text=\"\u201cAS VIRGENS DA VIT\u00d3RIA\u201d, com muita irrever\u00eancia, mostra sua for\u00e7a no carnaval vitoriense.\" data-desc=\"Na noite do s\u00e1bado (30) a Agremia\u00e7\u00e3o Carnavalesca \u201cAS VIRGENS DA VIT\u00d3RIA\u201d promoveu um grande desfile. Al\u00e9m \u00a0das ricas, luxuosas, criativas e irreverentes fantasias, que d\u00e3o um toque \u00edmpar \u00e0 festa, os participantes, dentro e foram do cord\u00e3o de isolamento, dan\u00e7aram ao som do trio\" data-image=\"http:\/\/www.blogdopilako.com.br\/wp\/wp-content\/uploads\/virgens5.jpg\" data-button=\"none\">\n\t\t\t\t\t<img src=\"\/\/www.linksalpha.com\/images\/social_share_button.png\" alt=\"Share\" class=\"linksalpha_image\" \/>\n\t\t\t\t\t<\/a><script type=\"text\/javascript\" src=\"\/\/www.linksalpha.com\/scripts\/loader_iconbox.js?v=2.4\"><\/script><\/span><\/div>","protected":false},"excerpt":{"rendered":"\n\t\t\t\t<div class=\"mr_social_sharing_wrapper\">\n\t\t\t\t<!-- Social Sharing Toolkit v2.2 --><span class=\"mr_social_sharing_top\"><span style=\"display: inline-block; width: 55px; height: 62px; overflow: hidden;\"><div class=\"fb-like\" data-href=\"https:\/\/www.blogdopilako.com.br\/wp\/2016\/02\/01\/as-virgens-da-vitoria-com-muita-irreverencia-mostra-sua-forca-no-carnaval-vitoriense\/\" data-send=\"false\" data-layout=\"box_count\" data-width=\"55\" data-show-faces=\"false\"><\/div><\/span><\/span><span class=\"mr_social_sharing_top\"><fb:share-button type=\"box_count\" href=\"https:\/\/www.blogdopilako.com.br\/wp\/2016\/02\/01\/as-virgens-da-vitoria-com-muita-irreverencia-mostra-sua-forca-no-carnaval-vitoriense\/\"><\/fb:share-button><\/span><span class=\"mr_social_sharing\"><a rel=\"nofollow\" class=\"linksalpha_button linksalpha_link\" href=\"\/\/www.linksalpha.com\/social\/mobile\" data-url=\"https:\/\/www.blogdopilako.com.br\/wp\/2016\/02\/01\/as-virgens-da-vitoria-com-muita-irreverencia-mostra-sua-forca-no-carnaval-vitoriense\/\" data-text=\"\u201cAS VIRGENS DA VIT\u00d3RIA\u201d, com muita irrever\u00eancia, mostra sua for\u00e7a no carnaval vitoriense.\" data-desc=\"Na noite do s\u00e1bado (30) a Agremia\u00e7\u00e3o Carnavalesca \u201cAS VIRGENS DA VIT\u00d3RIA\u201d promoveu um grande desfile. Al\u00e9m \u00a0das ricas, luxuosas, criativas e irreverentes fantasias, que d\u00e3o um toque \u00edmpar \u00e0 festa, os participantes, dentro e foram do cord\u00e3o de isolamento, dan\u00e7aram ao som do trio\" data-image=\"\" data-button=\"none\">\n\t\t\t\t\t<img src=\"\/\/www.linksalpha.com\/images\/social_share_button.png\" alt=\"Share\" class=\"linksalpha_image\" \/>\n\t\t\t\t\t<\/a><script type=\"text\/javascript\" src=\"\/\/www.linksalpha.com\/scripts\/loader_iconbox.js?v=2.4\"><\/script><\/span><\/div><p>Na noite do s\u00e1bado (30) a Agremia\u00e7\u00e3o Carnavalesca \u201cAS VIRGENS DA VIT\u00d3RIA\u201d promoveu um grande desfile. Al\u00e9m \u00a0das ricas, luxuosas, criativas e irreverentes fantasias, que d\u00e3o um toque \u00edmpar \u00e0 festa, os participantes, dentro e foram do cord\u00e3o de isolamento, &hellip; <a href=\"https:\/\/www.blogdopilako.com.br\/wp\/2016\/02\/01\/as-virgens-da-vitoria-com-muita-irreverencia-mostra-sua-forca-no-carnaval-vitoriense\/\">Continue lendo <span class=\"meta-nav\">&rarr;<\/span><\/a><\/p>\n\n\t\t\t\t<div class=\"mr_social_sharing_wrapper\">\n\t\t\t\t<!-- Social Sharing Toolkit v2.2 --><span class=\"mr_social_sharing_top\"><span style=\"display: inline-block; width: 55px; height: 62px; overflow: hidden;\"><div class=\"fb-like\" data-href=\"https:\/\/www.blogdopilako.com.br\/wp\/2016\/02\/01\/as-virgens-da-vitoria-com-muita-irreverencia-mostra-sua-forca-no-carnaval-vitoriense\/\" data-send=\"false\" data-layout=\"box_count\" data-width=\"55\" data-show-faces=\"false\"><\/div><\/span><\/span><span class=\"mr_social_sharing_top\"><fb:share-button type=\"box_count\" href=\"https:\/\/www.blogdopilako.com.br\/wp\/2016\/02\/01\/as-virgens-da-vitoria-com-muita-irreverencia-mostra-sua-forca-no-carnaval-vitoriense\/\"><\/fb:share-button><\/span><span class=\"mr_social_sharing\"><a rel=\"nofollow\" class=\"linksalpha_button linksalpha_link\" href=\"\/\/www.linksalpha.com\/social\/mobile\" data-url=\"https:\/\/www.blogdopilako.com.br\/wp\/2016\/02\/01\/as-virgens-da-vitoria-com-muita-irreverencia-mostra-sua-forca-no-carnaval-vitoriense\/\" data-text=\"\u201cAS VIRGENS DA VIT\u00d3RIA\u201d, com muita irrever\u00eancia, mostra sua for\u00e7a no carnaval vitoriense.\" data-desc=\"Na noite do s\u00e1bado (30) a Agremia\u00e7\u00e3o Carnavalesca \u201cAS VIRGENS DA VIT\u00d3RIA\u201d promoveu um grande desfile. Al\u00e9m \u00a0das ricas, luxuosas, criativas e irreverentes fantasias, que d\u00e3o um toque \u00edmpar \u00e0 festa, os participantes, dentro e foram do cord\u00e3o de isolamento, dan\u00e7aram ao som do trio\" data-image=\"\" data-button=\"none\">\n\t\t\t\t\t<img src=\"\/\/www.linksalpha.com\/images\/social_share_button.png\" alt=\"Share\" class=\"linksalpha_image\" \/>\n\t\t\t\t\t<\/a><script type=\"text\/javascript\" src=\"\/\/www.linksalpha.com\/scripts\/loader_iconbox.js?v=2.4\"><\/script><\/span><\/div>","protected":false},"author":4,"featured_media":0,"comment_status":"open","ping_status":"open","sticky":false,"template":"","format":"standard","meta":[],"categories":[22],"tags":[],"_links":{"self":[{"href":"https:\/\/www.blogdopilako.com.br\/wp\/wp-json\/wp\/v2\/posts\/85927"}],"collection":[{"href":"https:\/\/www.blogdopilako.com.br\/wp\/wp-json\/wp\/v2\/posts"}],"about":[{"href":"https:\/\/www.blogdopilako.com.br\/wp\/wp-json\/wp\/v2\/types\/post"}],"author":[{"embeddable":true,"href":"https:\/\/www.blogdopilako.com.br\/wp\/wp-json\/wp\/v2\/users\/4"}],"replies":[{"embeddable":true,"href":"https:\/\/www.blogdopilako.com.br\/wp\/wp-json\/wp\/v2\/comments?post=85927"}],"version-history":[{"count":4,"href":"https:\/\/www.blogdopilako.com.br\/wp\/wp-json\/wp\/v2\/posts\/85927\/revisions"}],"predecessor-version":[{"id":85967,"href":"https:\/\/www.blogdopilako.com.br\/wp\/wp-json\/wp\/v2\/posts\/85927\/revisions\/85967"}],"wp:attachment":[{"href":"https:\/\/www.blogdopilako.com.br\/wp\/wp-json\/wp\/v2\/media?parent=85927"}],"wp:term":[{"taxonomy":"category","embeddable":true,"href":"https:\/\/www.blogdopilako.com.br\/wp\/wp-json\/wp\/v2\/categories?post=85927"},{"taxonomy":"post_tag","embeddable":true,"href":"https:\/\/www.blogdopilako.com.br\/wp\/wp-json\/wp\/v2\/tags?post=85927"}],"curies":[{"name":"wp","href":"https:\/\/api.w.org\/{rel}","templated":true}]}}