{"id":85718,"date":"2016-01-26T14:20:57","date_gmt":"2016-01-26T17:20:57","guid":{"rendered":"http:\/\/www.blogdopilako.com.br\/wp\/?p=85718"},"modified":"2016-01-26T13:03:54","modified_gmt":"2016-01-26T16:03:54","slug":"o-bloco-esquenta-tambem-esquentou-o-carnaval-2016","status":"publish","type":"post","link":"https:\/\/www.blogdopilako.com.br\/wp\/2016\/01\/26\/o-bloco-esquenta-tambem-esquentou-o-carnaval-2016\/","title":{"rendered":"O &#8220;Bloco Esquenta&#8221; tamb\u00e9m &#8220;esquentou&#8221; o carnaval 2016."},"content":{"rendered":"\n\t\t\t\t<div class=\"mr_social_sharing_wrapper\">\n\t\t\t\t<!-- Social Sharing Toolkit v2.2 --><span class=\"mr_social_sharing_top\"><span style=\"display: inline-block; width: 55px; height: 62px; overflow: hidden;\"><div class=\"fb-like\" data-href=\"https:\/\/www.blogdopilako.com.br\/wp\/2016\/01\/26\/o-bloco-esquenta-tambem-esquentou-o-carnaval-2016\/\" data-send=\"false\" data-layout=\"box_count\" data-width=\"55\" data-show-faces=\"false\"><\/div><\/span><\/span><span class=\"mr_social_sharing_top\"><fb:share-button type=\"box_count\" href=\"https:\/\/www.blogdopilako.com.br\/wp\/2016\/01\/26\/o-bloco-esquenta-tambem-esquentou-o-carnaval-2016\/\"><\/fb:share-button><\/span><span class=\"mr_social_sharing\"><a rel=\"nofollow\" class=\"linksalpha_button linksalpha_link\" href=\"\/\/www.linksalpha.com\/social\/mobile\" data-url=\"https:\/\/www.blogdopilako.com.br\/wp\/2016\/01\/26\/o-bloco-esquenta-tambem-esquentou-o-carnaval-2016\/\" data-text=\"O \u201cBloco Esquenta\u201d tamb\u00e9m \u201cesquentou\u201d o carnaval 2016.\" data-desc=\"Com alegoria e a Orquestra de Frevo Temperada, o \u201cBloco Esquenta\u201d desfilou neste domingo (23). Oriundo do bairro do Caj\u00e1, a agremia\u00e7\u00e3o arrastou um bom n\u00famero de foli\u00f5es. Nossas lentes registraram a passagem da agremia\u00e7\u00e3o pela Pra\u00e7a Dom Luis de Brito, na Matriz. Veja o v\u00eddeo:\" data-image=\"http:\/\/www.blogdopilako.com.br\/wp\/wp-content\/uploads\/IMG_50532.jpg\" data-button=\"none\">\n\t\t\t\t\t<img src=\"\/\/www.linksalpha.com\/images\/social_share_button.png\" alt=\"Share\" class=\"linksalpha_image\" \/>\n\t\t\t\t\t<\/a><script type=\"text\/javascript\" src=\"\/\/www.linksalpha.com\/scripts\/loader_iconbox.js?v=2.4\"><\/script><\/span><\/div><p style=\"text-align: justify;\"><a href=\"http:\/\/www.blogdopilako.com.br\/wp\/wp-content\/uploads\/IMG_50532.jpg\"><img loading=\"lazy\" class=\"aligncenter size-full wp-image-85745\" src=\"http:\/\/www.blogdopilako.com.br\/wp\/wp-content\/uploads\/IMG_50532.jpg\" alt=\"IMG_5053\" width=\"600\" height=\"450\" \/><\/a>Com alegoria e a Orquestra de Frevo Temperada, o \u201c<strong>Bloco Esquenta<\/strong>\u201d desfilou neste domingo (23). Oriundo do bairro do <strong>Caj\u00e1<\/strong>, a agremia\u00e7\u00e3o arrastou um bom n\u00famero de foli\u00f5es. Nossas lentes registraram a passagem da agremia\u00e7\u00e3o pela Pra\u00e7a Dom Luis de Brito, na Matriz. Veja o v\u00eddeo:<\/p>\n<p><iframe loading=\"lazy\" title=\"Blog do Pilako: VIT\u00d3RIA DE SANTO ANT\u00c3O - CARNAVAL 2016 - BLOCO ESQUENTA\" width=\"584\" height=\"329\" src=\"https:\/\/www.youtube.com\/embed\/C58Z14n9apY?feature=oembed\" frameborder=\"0\" allow=\"accelerometer; autoplay; clipboard-write; encrypted-media; gyroscope; picture-in-picture\" allowfullscreen><\/iframe><\/p>\n<p style=\"text-align: justify;\"><a href=\"http:\/\/www.blogdopilako.com.br\/wp\/wp-content\/uploads\/IMG_5047.jpg\"><img loading=\"lazy\" class=\"aligncenter size-full wp-image-85746\" src=\"http:\/\/www.blogdopilako.com.br\/wp\/wp-content\/uploads\/IMG_5047.jpg\" alt=\"IMG_5047\" width=\"600\" height=\"450\" \/><\/a><\/p>\n\n\t\t\t\t<div class=\"mr_social_sharing_wrapper\">\n\t\t\t\t<!-- Social Sharing Toolkit v2.2 --><span class=\"mr_social_sharing_top\"><span style=\"display: inline-block; width: 55px; height: 62px; overflow: hidden;\"><div class=\"fb-like\" data-href=\"https:\/\/www.blogdopilako.com.br\/wp\/2016\/01\/26\/o-bloco-esquenta-tambem-esquentou-o-carnaval-2016\/\" data-send=\"false\" data-layout=\"box_count\" data-width=\"55\" data-show-faces=\"false\"><\/div><\/span><\/span><span class=\"mr_social_sharing_top\"><fb:share-button type=\"box_count\" href=\"https:\/\/www.blogdopilako.com.br\/wp\/2016\/01\/26\/o-bloco-esquenta-tambem-esquentou-o-carnaval-2016\/\"><\/fb:share-button><\/span><span class=\"mr_social_sharing\"><a rel=\"nofollow\" class=\"linksalpha_button linksalpha_link\" href=\"\/\/www.linksalpha.com\/social\/mobile\" data-url=\"https:\/\/www.blogdopilako.com.br\/wp\/2016\/01\/26\/o-bloco-esquenta-tambem-esquentou-o-carnaval-2016\/\" data-text=\"O \u201cBloco Esquenta\u201d tamb\u00e9m \u201cesquentou\u201d o carnaval 2016.\" data-desc=\"Com alegoria e a Orquestra de Frevo Temperada, o \u201cBloco Esquenta\u201d desfilou neste domingo (23). Oriundo do bairro do Caj\u00e1, a agremia\u00e7\u00e3o arrastou um bom n\u00famero de foli\u00f5es. Nossas lentes registraram a passagem da agremia\u00e7\u00e3o pela Pra\u00e7a Dom Luis de Brito, na Matriz. Veja o v\u00eddeo:\" data-image=\"http:\/\/www.blogdopilako.com.br\/wp\/wp-content\/uploads\/IMG_50532.jpg\" data-button=\"none\">\n\t\t\t\t\t<img src=\"\/\/www.linksalpha.com\/images\/social_share_button.png\" alt=\"Share\" class=\"linksalpha_image\" \/>\n\t\t\t\t\t<\/a><script type=\"text\/javascript\" src=\"\/\/www.linksalpha.com\/scripts\/loader_iconbox.js?v=2.4\"><\/script><\/span><\/div>","protected":false},"excerpt":{"rendered":"\n\t\t\t\t<div class=\"mr_social_sharing_wrapper\">\n\t\t\t\t<!-- Social Sharing Toolkit v2.2 --><span class=\"mr_social_sharing_top\"><span style=\"display: inline-block; width: 55px; height: 62px; overflow: hidden;\"><div class=\"fb-like\" data-href=\"https:\/\/www.blogdopilako.com.br\/wp\/2016\/01\/26\/o-bloco-esquenta-tambem-esquentou-o-carnaval-2016\/\" data-send=\"false\" data-layout=\"box_count\" data-width=\"55\" data-show-faces=\"false\"><\/div><\/span><\/span><span class=\"mr_social_sharing_top\"><fb:share-button type=\"box_count\" href=\"https:\/\/www.blogdopilako.com.br\/wp\/2016\/01\/26\/o-bloco-esquenta-tambem-esquentou-o-carnaval-2016\/\"><\/fb:share-button><\/span><span class=\"mr_social_sharing\"><a rel=\"nofollow\" class=\"linksalpha_button linksalpha_link\" href=\"\/\/www.linksalpha.com\/social\/mobile\" data-url=\"https:\/\/www.blogdopilako.com.br\/wp\/2016\/01\/26\/o-bloco-esquenta-tambem-esquentou-o-carnaval-2016\/\" data-text=\"O \u201cBloco Esquenta\u201d tamb\u00e9m \u201cesquentou\u201d o carnaval 2016.\" data-desc=\"Com alegoria e a Orquestra de Frevo Temperada, o \u201cBloco Esquenta\u201d desfilou neste domingo (23). Oriundo do bairro do Caj\u00e1, a agremia\u00e7\u00e3o arrastou um bom n\u00famero de foli\u00f5es. Nossas lentes registraram a passagem da agremia\u00e7\u00e3o pela Pra\u00e7a Dom Luis de Brito, na Matriz. Veja o v\u00eddeo:\" data-image=\"\" data-button=\"none\">\n\t\t\t\t\t<img src=\"\/\/www.linksalpha.com\/images\/social_share_button.png\" alt=\"Share\" class=\"linksalpha_image\" \/>\n\t\t\t\t\t<\/a><script type=\"text\/javascript\" src=\"\/\/www.linksalpha.com\/scripts\/loader_iconbox.js?v=2.4\"><\/script><\/span><\/div><p>Com alegoria e a Orquestra de Frevo Temperada, o \u201cBloco Esquenta\u201d desfilou neste domingo (23). Oriundo do bairro do Caj\u00e1, a agremia\u00e7\u00e3o arrastou um bom n\u00famero de foli\u00f5es. Nossas lentes registraram a passagem da agremia\u00e7\u00e3o pela Pra\u00e7a Dom Luis de &hellip; <a href=\"https:\/\/www.blogdopilako.com.br\/wp\/2016\/01\/26\/o-bloco-esquenta-tambem-esquentou-o-carnaval-2016\/\">Continue lendo <span class=\"meta-nav\">&rarr;<\/span><\/a><\/p>\n\n\t\t\t\t<div class=\"mr_social_sharing_wrapper\">\n\t\t\t\t<!-- Social Sharing Toolkit v2.2 --><span class=\"mr_social_sharing_top\"><span style=\"display: inline-block; width: 55px; height: 62px; overflow: hidden;\"><div class=\"fb-like\" data-href=\"https:\/\/www.blogdopilako.com.br\/wp\/2016\/01\/26\/o-bloco-esquenta-tambem-esquentou-o-carnaval-2016\/\" data-send=\"false\" data-layout=\"box_count\" data-width=\"55\" data-show-faces=\"false\"><\/div><\/span><\/span><span class=\"mr_social_sharing_top\"><fb:share-button type=\"box_count\" href=\"https:\/\/www.blogdopilako.com.br\/wp\/2016\/01\/26\/o-bloco-esquenta-tambem-esquentou-o-carnaval-2016\/\"><\/fb:share-button><\/span><span class=\"mr_social_sharing\"><a rel=\"nofollow\" class=\"linksalpha_button linksalpha_link\" href=\"\/\/www.linksalpha.com\/social\/mobile\" data-url=\"https:\/\/www.blogdopilako.com.br\/wp\/2016\/01\/26\/o-bloco-esquenta-tambem-esquentou-o-carnaval-2016\/\" data-text=\"O \u201cBloco Esquenta\u201d tamb\u00e9m \u201cesquentou\u201d o carnaval 2016.\" data-desc=\"Com alegoria e a Orquestra de Frevo Temperada, o \u201cBloco Esquenta\u201d desfilou neste domingo (23). Oriundo do bairro do Caj\u00e1, a agremia\u00e7\u00e3o arrastou um bom n\u00famero de foli\u00f5es. Nossas lentes registraram a passagem da agremia\u00e7\u00e3o pela Pra\u00e7a Dom Luis de Brito, na Matriz. Veja o v\u00eddeo:\" data-image=\"\" data-button=\"none\">\n\t\t\t\t\t<img src=\"\/\/www.linksalpha.com\/images\/social_share_button.png\" alt=\"Share\" class=\"linksalpha_image\" \/>\n\t\t\t\t\t<\/a><script type=\"text\/javascript\" src=\"\/\/www.linksalpha.com\/scripts\/loader_iconbox.js?v=2.4\"><\/script><\/span><\/div>","protected":false},"author":4,"featured_media":0,"comment_status":"open","ping_status":"open","sticky":false,"template":"","format":"standard","meta":[],"categories":[22],"tags":[],"_links":{"self":[{"href":"https:\/\/www.blogdopilako.com.br\/wp\/wp-json\/wp\/v2\/posts\/85718"}],"collection":[{"href":"https:\/\/www.blogdopilako.com.br\/wp\/wp-json\/wp\/v2\/posts"}],"about":[{"href":"https:\/\/www.blogdopilako.com.br\/wp\/wp-json\/wp\/v2\/types\/post"}],"author":[{"embeddable":true,"href":"https:\/\/www.blogdopilako.com.br\/wp\/wp-json\/wp\/v2\/users\/4"}],"replies":[{"embeddable":true,"href":"https:\/\/www.blogdopilako.com.br\/wp\/wp-json\/wp\/v2\/comments?post=85718"}],"version-history":[{"count":3,"href":"https:\/\/www.blogdopilako.com.br\/wp\/wp-json\/wp\/v2\/posts\/85718\/revisions"}],"predecessor-version":[{"id":85747,"href":"https:\/\/www.blogdopilako.com.br\/wp\/wp-json\/wp\/v2\/posts\/85718\/revisions\/85747"}],"wp:attachment":[{"href":"https:\/\/www.blogdopilako.com.br\/wp\/wp-json\/wp\/v2\/media?parent=85718"}],"wp:term":[{"taxonomy":"category","embeddable":true,"href":"https:\/\/www.blogdopilako.com.br\/wp\/wp-json\/wp\/v2\/categories?post=85718"},{"taxonomy":"post_tag","embeddable":true,"href":"https:\/\/www.blogdopilako.com.br\/wp\/wp-json\/wp\/v2\/tags?post=85718"}],"curies":[{"name":"wp","href":"https:\/\/api.w.org\/{rel}","templated":true}]}}