{"id":84831,"date":"2016-01-04T15:04:02","date_gmt":"2016-01-04T18:04:02","guid":{"rendered":"http:\/\/www.blogdopilako.com.br\/wp\/?p=84831"},"modified":"2016-01-04T15:04:02","modified_gmt":"2016-01-04T18:04:02","slug":"momento-cultural-cego-de-nascenca-por-celio-meira-3","status":"publish","type":"post","link":"https:\/\/www.blogdopilako.com.br\/wp\/2016\/01\/04\/momento-cultural-cego-de-nascenca-por-celio-meira-3\/","title":{"rendered":"Momento Cultural: Cego de nascen\u00e7a &#8211; por C\u00e9lio Meira"},"content":{"rendered":"\n\t\t\t\t<div class=\"mr_social_sharing_wrapper\">\n\t\t\t\t<!-- Social Sharing Toolkit v2.2 --><span class=\"mr_social_sharing_top\"><span style=\"display: inline-block; width: 55px; height: 62px; overflow: hidden;\"><div class=\"fb-like\" data-href=\"https:\/\/www.blogdopilako.com.br\/wp\/2016\/01\/04\/momento-cultural-cego-de-nascenca-por-celio-meira-3\/\" data-send=\"false\" data-layout=\"box_count\" data-width=\"55\" data-show-faces=\"false\"><\/div><\/span><\/span><span class=\"mr_social_sharing_top\"><fb:share-button type=\"box_count\" href=\"https:\/\/www.blogdopilako.com.br\/wp\/2016\/01\/04\/momento-cultural-cego-de-nascenca-por-celio-meira-3\/\"><\/fb:share-button><\/span><span class=\"mr_social_sharing\"><a rel=\"nofollow\" class=\"linksalpha_button linksalpha_link\" href=\"\/\/www.linksalpha.com\/social\/mobile\" data-url=\"https:\/\/www.blogdopilako.com.br\/wp\/2016\/01\/04\/momento-cultural-cego-de-nascenca-por-celio-meira-3\/\" data-text=\"Momento Cultural: Cego de nascen\u00e7a \u2013 por C\u00e9lio Meira\" data-desc=\"A desdita desse cego, n\u00e3o h\u00e1, na terra, quem sonde, pecados n\u00e3o cometeu, pelos pais, n\u00e3o responde. A alma, por\u00e9m, desse irm\u00e3o ver\u00e1, sempre, a Lei cumprida: - pagar\u00e1 todos os crimes, Praticados noutra vida. Se esta n\u00e3o fosse a verdade, se esta n\u00e3o fosse a li\u00e7\u00e3o, crime nefando haveria,\" data-image=\"http:\/\/www.blogdopilako.com.br\/wp\/wp-content\/uploads\/Dr.-C\u00e9lio-Meira-Escritor1.jpg\" data-button=\"none\">\n\t\t\t\t\t<img src=\"\/\/www.linksalpha.com\/images\/social_share_button.png\" alt=\"Share\" class=\"linksalpha_image\" \/>\n\t\t\t\t\t<\/a><script type=\"text\/javascript\" src=\"\/\/www.linksalpha.com\/scripts\/loader_iconbox.js?v=2.4\"><\/script><\/span><\/div><p><a href=\"http:\/\/www.blogdopilako.com.br\/wp\/wp-content\/uploads\/Dr.-C\u00e9lio-Meira-Escritor1.jpg\"><img loading=\"lazy\" class=\"aligncenter size-full wp-image-64930\" src=\"http:\/\/www.blogdopilako.com.br\/wp\/wp-content\/uploads\/Dr.-C\u00e9lio-Meira-Escritor1.jpg\" alt=\"Dr.-C\u00e9lio-Meira-Escritor\" width=\"369\" height=\"572\" \/><\/a><\/p>\n<p>A desdita desse cego,<\/p>\n<p>n\u00e3o h\u00e1, na terra, quem sonde,<\/p>\n<p>pecados n\u00e3o cometeu,<\/p>\n<p>pelos pais, n\u00e3o responde.<\/p>\n<p>A alma, por\u00e9m, desse irm\u00e3o<\/p>\n<p>ver\u00e1, sempre, a Lei cumprida:<\/p>\n<p>&#8211; pagar\u00e1 todos os crimes,<\/p>\n<p>Praticados noutra vida.<\/p>\n<p>Se esta n\u00e3o fosse a verdade,<\/p>\n<p>se esta n\u00e3o fosse a li\u00e7\u00e3o,<\/p>\n<p>crime nefando haveria,<\/p>\n<p>nesta injusta puni\u00e7\u00e3o.<\/p>\n<p>* * *<\/p>\n<p>\u00c9 bem certa esta not\u00edcia,<\/p>\n<p>que nesta quadra, repito:<\/p>\n<p>&#8211; minh\u2019alma j\u00e1 tem saudade<\/p>\n<p>das paisagens do Infinito.<\/p>\n<p>Na carta que me escreveste,<\/p>\n<p>naquele estilo t\u00e3o fino,<\/p>\n<p>n\u00e3o escondeste de mim<\/p>\n<p>o rumo de teu destino.<\/p>\n<p>* * *<\/p>\n<p>Praticando caridade,<\/p>\n<p>n\u00e3o d\u00ea, somente, dinheiro,<\/p>\n<p>d\u00ea, tamb\u00e9m, paz, esperan\u00e7a,<\/p>\n<p>ao inditoso companheiro.<\/p>\n<p>* * *<\/p>\n<p>Fui marujo, em outras vidas,<\/p>\n<p>visitei terras geladas,<\/p>\n<p>em cada porto deixei,<\/p>\n<p>tr\u00eas ou quatro namoradas&#8230;<\/p>\n<p>* * *<\/p>\n<p>Persegues o Nazareno?<\/p>\n<p>Olhas o mundo, com asco?<\/p>\n<p>Um dia, ouvir\u00e1s Jesus,<\/p>\n<p>Numa estrada de Damasco.<\/p>\n<p>Est\u00e1s aflita, intranquila,<\/p>\n<p>com o peso desta cruz?<\/p>\n<p>&#8211; Pede, a Jesus, paci\u00eancia,<\/p>\n<p>E ter\u00e1s sossego e luz.<\/p>\n<p>(migalhas de poesia \u2013 C\u00e9lio Meira \u2013 p\u00e1g. 35 a 37).<\/p>\n<p>&nbsp;<\/p>\n\n\t\t\t\t<div class=\"mr_social_sharing_wrapper\">\n\t\t\t\t<!-- Social Sharing Toolkit v2.2 --><span class=\"mr_social_sharing_top\"><span style=\"display: inline-block; width: 55px; height: 62px; overflow: hidden;\"><div class=\"fb-like\" data-href=\"https:\/\/www.blogdopilako.com.br\/wp\/2016\/01\/04\/momento-cultural-cego-de-nascenca-por-celio-meira-3\/\" data-send=\"false\" data-layout=\"box_count\" data-width=\"55\" data-show-faces=\"false\"><\/div><\/span><\/span><span class=\"mr_social_sharing_top\"><fb:share-button type=\"box_count\" href=\"https:\/\/www.blogdopilako.com.br\/wp\/2016\/01\/04\/momento-cultural-cego-de-nascenca-por-celio-meira-3\/\"><\/fb:share-button><\/span><span class=\"mr_social_sharing\"><a rel=\"nofollow\" class=\"linksalpha_button linksalpha_link\" href=\"\/\/www.linksalpha.com\/social\/mobile\" data-url=\"https:\/\/www.blogdopilako.com.br\/wp\/2016\/01\/04\/momento-cultural-cego-de-nascenca-por-celio-meira-3\/\" data-text=\"Momento Cultural: Cego de nascen\u00e7a \u2013 por C\u00e9lio Meira\" data-desc=\"A desdita desse cego, n\u00e3o h\u00e1, na terra, quem sonde, pecados n\u00e3o cometeu, pelos pais, n\u00e3o responde. A alma, por\u00e9m, desse irm\u00e3o ver\u00e1, sempre, a Lei cumprida: - pagar\u00e1 todos os crimes, Praticados noutra vida. Se esta n\u00e3o fosse a verdade, se esta n\u00e3o fosse a li\u00e7\u00e3o, crime nefando haveria,\" data-image=\"http:\/\/www.blogdopilako.com.br\/wp\/wp-content\/uploads\/Dr.-C\u00e9lio-Meira-Escritor1.jpg\" data-button=\"none\">\n\t\t\t\t\t<img src=\"\/\/www.linksalpha.com\/images\/social_share_button.png\" alt=\"Share\" class=\"linksalpha_image\" \/>\n\t\t\t\t\t<\/a><script type=\"text\/javascript\" src=\"\/\/www.linksalpha.com\/scripts\/loader_iconbox.js?v=2.4\"><\/script><\/span><\/div>","protected":false},"excerpt":{"rendered":"\n\t\t\t\t<div class=\"mr_social_sharing_wrapper\">\n\t\t\t\t<!-- Social Sharing Toolkit v2.2 --><span class=\"mr_social_sharing_top\"><span style=\"display: inline-block; width: 55px; height: 62px; overflow: hidden;\"><div class=\"fb-like\" data-href=\"https:\/\/www.blogdopilako.com.br\/wp\/2016\/01\/04\/momento-cultural-cego-de-nascenca-por-celio-meira-3\/\" data-send=\"false\" data-layout=\"box_count\" data-width=\"55\" data-show-faces=\"false\"><\/div><\/span><\/span><span class=\"mr_social_sharing_top\"><fb:share-button type=\"box_count\" href=\"https:\/\/www.blogdopilako.com.br\/wp\/2016\/01\/04\/momento-cultural-cego-de-nascenca-por-celio-meira-3\/\"><\/fb:share-button><\/span><span class=\"mr_social_sharing\"><a rel=\"nofollow\" class=\"linksalpha_button linksalpha_link\" href=\"\/\/www.linksalpha.com\/social\/mobile\" data-url=\"https:\/\/www.blogdopilako.com.br\/wp\/2016\/01\/04\/momento-cultural-cego-de-nascenca-por-celio-meira-3\/\" data-text=\"Momento Cultural: Cego de nascen\u00e7a \u2013 por C\u00e9lio Meira\" data-desc=\"A desdita desse cego, n\u00e3o h\u00e1, na terra, quem sonde, pecados n\u00e3o cometeu, pelos pais, n\u00e3o responde. A alma, por\u00e9m, desse irm\u00e3o ver\u00e1, sempre, a Lei cumprida: - pagar\u00e1 todos os crimes, Praticados noutra vida. Se esta n\u00e3o fosse a verdade, se esta n\u00e3o fosse a li\u00e7\u00e3o, crime nefando haveria,\" data-image=\"\" data-button=\"none\">\n\t\t\t\t\t<img src=\"\/\/www.linksalpha.com\/images\/social_share_button.png\" alt=\"Share\" class=\"linksalpha_image\" \/>\n\t\t\t\t\t<\/a><script type=\"text\/javascript\" src=\"\/\/www.linksalpha.com\/scripts\/loader_iconbox.js?v=2.4\"><\/script><\/span><\/div><p>A desdita desse cego, n\u00e3o h\u00e1, na terra, quem sonde, pecados n\u00e3o cometeu, pelos pais, n\u00e3o responde. A alma, por\u00e9m, desse irm\u00e3o ver\u00e1, sempre, a Lei cumprida: &#8211; pagar\u00e1 todos os crimes, Praticados noutra vida. Se esta n\u00e3o fosse a &hellip; <a href=\"https:\/\/www.blogdopilako.com.br\/wp\/2016\/01\/04\/momento-cultural-cego-de-nascenca-por-celio-meira-3\/\">Continue lendo <span class=\"meta-nav\">&rarr;<\/span><\/a><\/p>\n\n\t\t\t\t<div class=\"mr_social_sharing_wrapper\">\n\t\t\t\t<!-- Social Sharing Toolkit v2.2 --><span class=\"mr_social_sharing_top\"><span style=\"display: inline-block; width: 55px; height: 62px; overflow: hidden;\"><div class=\"fb-like\" data-href=\"https:\/\/www.blogdopilako.com.br\/wp\/2016\/01\/04\/momento-cultural-cego-de-nascenca-por-celio-meira-3\/\" data-send=\"false\" data-layout=\"box_count\" data-width=\"55\" data-show-faces=\"false\"><\/div><\/span><\/span><span class=\"mr_social_sharing_top\"><fb:share-button type=\"box_count\" href=\"https:\/\/www.blogdopilako.com.br\/wp\/2016\/01\/04\/momento-cultural-cego-de-nascenca-por-celio-meira-3\/\"><\/fb:share-button><\/span><span class=\"mr_social_sharing\"><a rel=\"nofollow\" class=\"linksalpha_button linksalpha_link\" href=\"\/\/www.linksalpha.com\/social\/mobile\" data-url=\"https:\/\/www.blogdopilako.com.br\/wp\/2016\/01\/04\/momento-cultural-cego-de-nascenca-por-celio-meira-3\/\" data-text=\"Momento Cultural: Cego de nascen\u00e7a \u2013 por C\u00e9lio Meira\" data-desc=\"A desdita desse cego, n\u00e3o h\u00e1, na terra, quem sonde, pecados n\u00e3o cometeu, pelos pais, n\u00e3o responde. A alma, por\u00e9m, desse irm\u00e3o ver\u00e1, sempre, a Lei cumprida: - pagar\u00e1 todos os crimes, Praticados noutra vida. Se esta n\u00e3o fosse a verdade, se esta n\u00e3o fosse a li\u00e7\u00e3o, crime nefando haveria,\" data-image=\"\" data-button=\"none\">\n\t\t\t\t\t<img src=\"\/\/www.linksalpha.com\/images\/social_share_button.png\" alt=\"Share\" class=\"linksalpha_image\" \/>\n\t\t\t\t\t<\/a><script type=\"text\/javascript\" src=\"\/\/www.linksalpha.com\/scripts\/loader_iconbox.js?v=2.4\"><\/script><\/span><\/div>","protected":false},"author":1,"featured_media":0,"comment_status":"open","ping_status":"open","sticky":false,"template":"","format":"standard","meta":[],"categories":[114],"tags":[],"_links":{"self":[{"href":"https:\/\/www.blogdopilako.com.br\/wp\/wp-json\/wp\/v2\/posts\/84831"}],"collection":[{"href":"https:\/\/www.blogdopilako.com.br\/wp\/wp-json\/wp\/v2\/posts"}],"about":[{"href":"https:\/\/www.blogdopilako.com.br\/wp\/wp-json\/wp\/v2\/types\/post"}],"author":[{"embeddable":true,"href":"https:\/\/www.blogdopilako.com.br\/wp\/wp-json\/wp\/v2\/users\/1"}],"replies":[{"embeddable":true,"href":"https:\/\/www.blogdopilako.com.br\/wp\/wp-json\/wp\/v2\/comments?post=84831"}],"version-history":[{"count":1,"href":"https:\/\/www.blogdopilako.com.br\/wp\/wp-json\/wp\/v2\/posts\/84831\/revisions"}],"predecessor-version":[{"id":84832,"href":"https:\/\/www.blogdopilako.com.br\/wp\/wp-json\/wp\/v2\/posts\/84831\/revisions\/84832"}],"wp:attachment":[{"href":"https:\/\/www.blogdopilako.com.br\/wp\/wp-json\/wp\/v2\/media?parent=84831"}],"wp:term":[{"taxonomy":"category","embeddable":true,"href":"https:\/\/www.blogdopilako.com.br\/wp\/wp-json\/wp\/v2\/categories?post=84831"},{"taxonomy":"post_tag","embeddable":true,"href":"https:\/\/www.blogdopilako.com.br\/wp\/wp-json\/wp\/v2\/tags?post=84831"}],"curies":[{"name":"wp","href":"https:\/\/api.w.org\/{rel}","templated":true}]}}