{"id":84473,"date":"2015-12-31T10:00:10","date_gmt":"2015-12-31T13:00:10","guid":{"rendered":"http:\/\/www.blogdopilako.com.br\/wp\/?p=84473"},"modified":"2015-12-31T11:25:10","modified_gmt":"2015-12-31T14:25:10","slug":"5-retrospectiva-vitoriense-2015-fato-mais-positivo-de-2015-na-vitoria-de-santo-antao","status":"publish","type":"post","link":"https:\/\/www.blogdopilako.com.br\/wp\/2015\/12\/31\/5-retrospectiva-vitoriense-2015-fato-mais-positivo-de-2015-na-vitoria-de-santo-antao\/","title":{"rendered":"RETROSPECTIVA VITORIENSE 2015: Fato mais positivo de 2015 na Vit\u00f3ria de Santo Ant\u00e3o."},"content":{"rendered":"\n\t\t\t\t<div class=\"mr_social_sharing_wrapper\">\n\t\t\t\t<!-- Social Sharing Toolkit v2.2 --><span class=\"mr_social_sharing_top\"><span style=\"display: inline-block; width: 55px; height: 62px; overflow: hidden;\"><div class=\"fb-like\" data-href=\"https:\/\/www.blogdopilako.com.br\/wp\/2015\/12\/31\/5-retrospectiva-vitoriense-2015-fato-mais-positivo-de-2015-na-vitoria-de-santo-antao\/\" data-send=\"false\" data-layout=\"box_count\" data-width=\"55\" data-show-faces=\"false\"><\/div><\/span><\/span><span class=\"mr_social_sharing_top\"><fb:share-button type=\"box_count\" href=\"https:\/\/www.blogdopilako.com.br\/wp\/2015\/12\/31\/5-retrospectiva-vitoriense-2015-fato-mais-positivo-de-2015-na-vitoria-de-santo-antao\/\"><\/fb:share-button><\/span><span class=\"mr_social_sharing\"><a rel=\"nofollow\" class=\"linksalpha_button linksalpha_link\" href=\"\/\/www.linksalpha.com\/social\/mobile\" data-url=\"https:\/\/www.blogdopilako.com.br\/wp\/2015\/12\/31\/5-retrospectiva-vitoriense-2015-fato-mais-positivo-de-2015-na-vitoria-de-santo-antao\/\" data-text=\"RETROSPECTIVA VITORIENSE 2015: Fato mais positivo de 2015 na Vit\u00f3ria de Santo Ant\u00e3o.\" data-desc=\"No nosso modesto entendimento anotamos como o fato mais positivo, ocorrido no ano de 2015 na cidade da Vit\u00f3ria, \u00e0 CORRENTE DE SOLIDARIEDADE formada em torno do problema de sa\u00fade do\u00a0 jovem Weverton. Os pais, familiares \u00a0e amigos mais pr\u00f3ximos, pouco a pouco, conseguiram mobilizar e sensibilizar\" data-image=\"http:\/\/www.blogdopilako.com.br\/wp\/wp-content\/uploads\/11178361_1029433150412945_6213923870277782971_n2.jpg\" data-button=\"none\">\n\t\t\t\t\t<img src=\"\/\/www.linksalpha.com\/images\/social_share_button.png\" alt=\"Share\" class=\"linksalpha_image\" \/>\n\t\t\t\t\t<\/a><script type=\"text\/javascript\" src=\"\/\/www.linksalpha.com\/scripts\/loader_iconbox.js?v=2.4\"><\/script><\/span><\/div><p style=\"text-align: justify;\"><a href=\"http:\/\/www.blogdopilako.com.br\/wp\/wp-content\/uploads\/11178361_1029433150412945_6213923870277782971_n2.jpg\"><img loading=\"lazy\" class=\"aligncenter size-full wp-image-84804\" src=\"http:\/\/www.blogdopilako.com.br\/wp\/wp-content\/uploads\/11178361_1029433150412945_6213923870277782971_n2.jpg\" alt=\"11178361_1029433150412945_6213923870277782971_n\" width=\"401\" height=\"164\" \/><\/a>No nosso modesto entendimento anotamos como o fato mais positivo, ocorrido no ano de 2015 na cidade da Vit\u00f3ria, \u00e0 <strong>CORRENTE DE SOLIDARIEDADE <\/strong>formada em torno do problema de sa\u00fade do\u00a0 jovem <strong>Weverton<\/strong>. Os pais, familiares \u00a0e amigos mais pr\u00f3ximos, pouco a pouco, conseguiram mobilizar e sensibilizar toda cidade atrav\u00e9s dos eventos promovidos nas pra\u00e7as p\u00fablicas, igrejas, escolas e, sobretudo, nas redes sociais.<\/p>\n<p style=\"text-align: justify;\">Com muita mobiliza\u00e7\u00e3o, organiza\u00e7\u00e3o, f\u00e9 e esperan\u00e7a a fam\u00edlia conseguiu arrecadar recursos financeiros\u00a0 e posteriormente chegar na grande m\u00eddia para pressionar o governo a custear a delicada cirurgia do <em><strong>Weverton no EUA<\/strong><\/em>. Portanto, mesmo ap\u00f3s o lament\u00e1vel problema de sa\u00fade do garoto Weverton, podemos dizer que a cidade da Vit\u00f3ria viveu, e ainda vive, um momento \u00edmpar no quesito mobiliza\u00e7\u00e3o social e solidariedade humana, fato este.que merece destaque como o melhor acontecimento de 2015, na Terra do Glorioso Santo Ant\u00e3o.<\/p>\n\n\t\t\t\t<div class=\"mr_social_sharing_wrapper\">\n\t\t\t\t<!-- Social Sharing Toolkit v2.2 --><span class=\"mr_social_sharing_top\"><span style=\"display: inline-block; width: 55px; height: 62px; overflow: hidden;\"><div class=\"fb-like\" data-href=\"https:\/\/www.blogdopilako.com.br\/wp\/2015\/12\/31\/5-retrospectiva-vitoriense-2015-fato-mais-positivo-de-2015-na-vitoria-de-santo-antao\/\" data-send=\"false\" data-layout=\"box_count\" data-width=\"55\" data-show-faces=\"false\"><\/div><\/span><\/span><span class=\"mr_social_sharing_top\"><fb:share-button type=\"box_count\" href=\"https:\/\/www.blogdopilako.com.br\/wp\/2015\/12\/31\/5-retrospectiva-vitoriense-2015-fato-mais-positivo-de-2015-na-vitoria-de-santo-antao\/\"><\/fb:share-button><\/span><span class=\"mr_social_sharing\"><a rel=\"nofollow\" class=\"linksalpha_button linksalpha_link\" href=\"\/\/www.linksalpha.com\/social\/mobile\" data-url=\"https:\/\/www.blogdopilako.com.br\/wp\/2015\/12\/31\/5-retrospectiva-vitoriense-2015-fato-mais-positivo-de-2015-na-vitoria-de-santo-antao\/\" data-text=\"RETROSPECTIVA VITORIENSE 2015: Fato mais positivo de 2015 na Vit\u00f3ria de Santo Ant\u00e3o.\" data-desc=\"No nosso modesto entendimento anotamos como o fato mais positivo, ocorrido no ano de 2015 na cidade da Vit\u00f3ria, \u00e0 CORRENTE DE SOLIDARIEDADE formada em torno do problema de sa\u00fade do\u00a0 jovem Weverton. Os pais, familiares \u00a0e amigos mais pr\u00f3ximos, pouco a pouco, conseguiram mobilizar e sensibilizar\" data-image=\"http:\/\/www.blogdopilako.com.br\/wp\/wp-content\/uploads\/11178361_1029433150412945_6213923870277782971_n2.jpg\" data-button=\"none\">\n\t\t\t\t\t<img src=\"\/\/www.linksalpha.com\/images\/social_share_button.png\" alt=\"Share\" class=\"linksalpha_image\" \/>\n\t\t\t\t\t<\/a><script type=\"text\/javascript\" src=\"\/\/www.linksalpha.com\/scripts\/loader_iconbox.js?v=2.4\"><\/script><\/span><\/div>","protected":false},"excerpt":{"rendered":"\n\t\t\t\t<div class=\"mr_social_sharing_wrapper\">\n\t\t\t\t<!-- Social Sharing Toolkit v2.2 --><span class=\"mr_social_sharing_top\"><span style=\"display: inline-block; width: 55px; height: 62px; overflow: hidden;\"><div class=\"fb-like\" data-href=\"https:\/\/www.blogdopilako.com.br\/wp\/2015\/12\/31\/5-retrospectiva-vitoriense-2015-fato-mais-positivo-de-2015-na-vitoria-de-santo-antao\/\" data-send=\"false\" data-layout=\"box_count\" data-width=\"55\" data-show-faces=\"false\"><\/div><\/span><\/span><span class=\"mr_social_sharing_top\"><fb:share-button type=\"box_count\" href=\"https:\/\/www.blogdopilako.com.br\/wp\/2015\/12\/31\/5-retrospectiva-vitoriense-2015-fato-mais-positivo-de-2015-na-vitoria-de-santo-antao\/\"><\/fb:share-button><\/span><span class=\"mr_social_sharing\"><a rel=\"nofollow\" class=\"linksalpha_button linksalpha_link\" href=\"\/\/www.linksalpha.com\/social\/mobile\" data-url=\"https:\/\/www.blogdopilako.com.br\/wp\/2015\/12\/31\/5-retrospectiva-vitoriense-2015-fato-mais-positivo-de-2015-na-vitoria-de-santo-antao\/\" data-text=\"RETROSPECTIVA VITORIENSE 2015: Fato mais positivo de 2015 na Vit\u00f3ria de Santo Ant\u00e3o.\" data-desc=\"No nosso modesto entendimento anotamos como o fato mais positivo, ocorrido no ano de 2015 na cidade da Vit\u00f3ria, \u00e0 CORRENTE DE SOLIDARIEDADE formada em torno do problema de sa\u00fade do\u00a0 jovem Weverton. Os pais, familiares \u00a0e amigos mais pr\u00f3ximos, pouco a pouco, conseguiram mobilizar e sensibilizar\" data-image=\"\" data-button=\"none\">\n\t\t\t\t\t<img src=\"\/\/www.linksalpha.com\/images\/social_share_button.png\" alt=\"Share\" class=\"linksalpha_image\" \/>\n\t\t\t\t\t<\/a><script type=\"text\/javascript\" src=\"\/\/www.linksalpha.com\/scripts\/loader_iconbox.js?v=2.4\"><\/script><\/span><\/div><p>No nosso modesto entendimento anotamos como o fato mais positivo, ocorrido no ano de 2015 na cidade da Vit\u00f3ria, \u00e0 CORRENTE DE SOLIDARIEDADE formada em torno do problema de sa\u00fade do\u00a0 jovem Weverton. Os pais, familiares \u00a0e amigos mais pr\u00f3ximos, &hellip; <a href=\"https:\/\/www.blogdopilako.com.br\/wp\/2015\/12\/31\/5-retrospectiva-vitoriense-2015-fato-mais-positivo-de-2015-na-vitoria-de-santo-antao\/\">Continue lendo <span class=\"meta-nav\">&rarr;<\/span><\/a><\/p>\n\n\t\t\t\t<div class=\"mr_social_sharing_wrapper\">\n\t\t\t\t<!-- Social Sharing Toolkit v2.2 --><span class=\"mr_social_sharing_top\"><span style=\"display: inline-block; width: 55px; height: 62px; overflow: hidden;\"><div class=\"fb-like\" data-href=\"https:\/\/www.blogdopilako.com.br\/wp\/2015\/12\/31\/5-retrospectiva-vitoriense-2015-fato-mais-positivo-de-2015-na-vitoria-de-santo-antao\/\" data-send=\"false\" data-layout=\"box_count\" data-width=\"55\" data-show-faces=\"false\"><\/div><\/span><\/span><span class=\"mr_social_sharing_top\"><fb:share-button type=\"box_count\" href=\"https:\/\/www.blogdopilako.com.br\/wp\/2015\/12\/31\/5-retrospectiva-vitoriense-2015-fato-mais-positivo-de-2015-na-vitoria-de-santo-antao\/\"><\/fb:share-button><\/span><span class=\"mr_social_sharing\"><a rel=\"nofollow\" class=\"linksalpha_button linksalpha_link\" href=\"\/\/www.linksalpha.com\/social\/mobile\" data-url=\"https:\/\/www.blogdopilako.com.br\/wp\/2015\/12\/31\/5-retrospectiva-vitoriense-2015-fato-mais-positivo-de-2015-na-vitoria-de-santo-antao\/\" data-text=\"RETROSPECTIVA VITORIENSE 2015: Fato mais positivo de 2015 na Vit\u00f3ria de Santo Ant\u00e3o.\" data-desc=\"No nosso modesto entendimento anotamos como o fato mais positivo, ocorrido no ano de 2015 na cidade da Vit\u00f3ria, \u00e0 CORRENTE DE SOLIDARIEDADE formada em torno do problema de sa\u00fade do\u00a0 jovem Weverton. Os pais, familiares \u00a0e amigos mais pr\u00f3ximos, pouco a pouco, conseguiram mobilizar e sensibilizar\" data-image=\"\" data-button=\"none\">\n\t\t\t\t\t<img src=\"\/\/www.linksalpha.com\/images\/social_share_button.png\" alt=\"Share\" class=\"linksalpha_image\" \/>\n\t\t\t\t\t<\/a><script type=\"text\/javascript\" src=\"\/\/www.linksalpha.com\/scripts\/loader_iconbox.js?v=2.4\"><\/script><\/span><\/div>","protected":false},"author":4,"featured_media":0,"comment_status":"open","ping_status":"open","sticky":false,"template":"","format":"standard","meta":[],"categories":[143],"tags":[],"_links":{"self":[{"href":"https:\/\/www.blogdopilako.com.br\/wp\/wp-json\/wp\/v2\/posts\/84473"}],"collection":[{"href":"https:\/\/www.blogdopilako.com.br\/wp\/wp-json\/wp\/v2\/posts"}],"about":[{"href":"https:\/\/www.blogdopilako.com.br\/wp\/wp-json\/wp\/v2\/types\/post"}],"author":[{"embeddable":true,"href":"https:\/\/www.blogdopilako.com.br\/wp\/wp-json\/wp\/v2\/users\/4"}],"replies":[{"embeddable":true,"href":"https:\/\/www.blogdopilako.com.br\/wp\/wp-json\/wp\/v2\/comments?post=84473"}],"version-history":[{"count":9,"href":"https:\/\/www.blogdopilako.com.br\/wp\/wp-json\/wp\/v2\/posts\/84473\/revisions"}],"predecessor-version":[{"id":84806,"href":"https:\/\/www.blogdopilako.com.br\/wp\/wp-json\/wp\/v2\/posts\/84473\/revisions\/84806"}],"wp:attachment":[{"href":"https:\/\/www.blogdopilako.com.br\/wp\/wp-json\/wp\/v2\/media?parent=84473"}],"wp:term":[{"taxonomy":"category","embeddable":true,"href":"https:\/\/www.blogdopilako.com.br\/wp\/wp-json\/wp\/v2\/categories?post=84473"},{"taxonomy":"post_tag","embeddable":true,"href":"https:\/\/www.blogdopilako.com.br\/wp\/wp-json\/wp\/v2\/tags?post=84473"}],"curies":[{"name":"wp","href":"https:\/\/api.w.org\/{rel}","templated":true}]}}