{"id":83739,"date":"2015-11-30T16:10:10","date_gmt":"2015-11-30T19:10:10","guid":{"rendered":"http:\/\/www.blogdopilako.com.br\/wp\/?p=83739"},"modified":"2015-11-30T16:12:20","modified_gmt":"2015-11-30T19:12:20","slug":"torcedores-do-santa-cruz-promovem-um-domingo-de-carnaval-na-vitoria-de-santo-antao","status":"publish","type":"post","link":"https:\/\/www.blogdopilako.com.br\/wp\/2015\/11\/30\/torcedores-do-santa-cruz-promovem-um-domingo-de-carnaval-na-vitoria-de-santo-antao\/","title":{"rendered":"Torcedores do Santa Cruz promovem um domingo de carnaval na Vit\u00f3ria de Santo Ant\u00e3o."},"content":{"rendered":"\n\t\t\t\t<div class=\"mr_social_sharing_wrapper\">\n\t\t\t\t<!-- Social Sharing Toolkit v2.2 --><span class=\"mr_social_sharing_top\"><span style=\"display: inline-block; width: 55px; height: 62px; overflow: hidden;\"><div class=\"fb-like\" data-href=\"https:\/\/www.blogdopilako.com.br\/wp\/2015\/11\/30\/torcedores-do-santa-cruz-promovem-um-domingo-de-carnaval-na-vitoria-de-santo-antao\/\" data-send=\"false\" data-layout=\"box_count\" data-width=\"55\" data-show-faces=\"false\"><\/div><\/span><\/span><span class=\"mr_social_sharing_top\"><fb:share-button type=\"box_count\" href=\"https:\/\/www.blogdopilako.com.br\/wp\/2015\/11\/30\/torcedores-do-santa-cruz-promovem-um-domingo-de-carnaval-na-vitoria-de-santo-antao\/\"><\/fb:share-button><\/span><span class=\"mr_social_sharing\"><a rel=\"nofollow\" class=\"linksalpha_button linksalpha_link\" href=\"\/\/www.linksalpha.com\/social\/mobile\" data-url=\"https:\/\/www.blogdopilako.com.br\/wp\/2015\/11\/30\/torcedores-do-santa-cruz-promovem-um-domingo-de-carnaval-na-vitoria-de-santo-antao\/\" data-text=\"Torcedores do Santa Cruz promovem um domingo de carnaval na Vit\u00f3ria de Santo Ant\u00e3o.\" data-desc=\"A tarde do \u00faltimo domingo (29), na nossa Vit\u00f3ria de Santo Ant\u00e3o, transformou-se num verdadeiro dia de carnaval. Ao som do potente trio PILEQUE 2, \u00a0\u201cpuxado\u201d pelo inconfund\u00edvel Pierre, os torcedores do Tricolor do Arruda \u2013 Santa Cruz \u2013 promoveram um bonito espet\u00e1culo pelas principias\" data-image=\"http:\/\/www.blogdopilako.com.br\/wp\/wp-content\/uploads\/IMG_37221.jpg\" data-button=\"none\">\n\t\t\t\t\t<img src=\"\/\/www.linksalpha.com\/images\/social_share_button.png\" alt=\"Share\" class=\"linksalpha_image\" \/>\n\t\t\t\t\t<\/a><script type=\"text\/javascript\" src=\"\/\/www.linksalpha.com\/scripts\/loader_iconbox.js?v=2.4\"><\/script><\/span><\/div><p style=\"text-align: justify;\"><a href=\"http:\/\/www.blogdopilako.com.br\/wp\/wp-content\/uploads\/IMG_37221.jpg\"><img loading=\"lazy\" class=\"aligncenter size-full wp-image-83803\" src=\"http:\/\/www.blogdopilako.com.br\/wp\/wp-content\/uploads\/IMG_37221.jpg\" alt=\"IMG_3722\" width=\"600\" height=\"450\" \/><\/a><br \/>\nA tarde do \u00faltimo domingo (29), na nossa Vit\u00f3ria de Santo Ant\u00e3o, transformou-se num verdadeiro dia de carnaval. Ao som do potente trio PILEQUE 2, \u00a0\u201cpuxado\u201d pelo inconfund\u00edvel Pierre, os torcedores do <strong>Tricolor do Arruda \u2013 Santa Cruz \u2013<\/strong> promoveram um bonito espet\u00e1culo pelas principias ruas da nossa cidade.<\/p>\n<p style=\"text-align: justify;\">No cruzamento das ruas Melo Ver\u00e7osa com Joaquim Nabuco, pr\u00f3ximo \u00e0 Pra\u00e7a Severino Ferrer, tamb\u00e9m conhecida como \u201cPra\u00e7a do F\u00f3rum\u201d, registramos a passagem dos torcedores\/foli\u00f5es. Veja os v\u00eddeos:<\/p>\n<p><iframe loading=\"lazy\" title=\"Blog do Pilako: VIT\u00d3RIA DE SANTO ANT\u00c3O - CARNAVAL DO SANTA CRUZ - S\u00c9RIE A\" width=\"584\" height=\"329\" src=\"https:\/\/www.youtube.com\/embed\/YcmF-IhZAfc?feature=oembed\" frameborder=\"0\" allow=\"accelerometer; autoplay; clipboard-write; encrypted-media; gyroscope; picture-in-picture\" allowfullscreen><\/iframe><\/p>\n<p><iframe loading=\"lazy\" title=\"Blog do Pilako: VIT\u00d3RIA DE SANTO ANT\u00c3O - CARNAVAL SANTA CRUZ - S\u00c9RIE A\" width=\"584\" height=\"329\" src=\"https:\/\/www.youtube.com\/embed\/xqFlRFpRCqs?feature=oembed\" frameborder=\"0\" allow=\"accelerometer; autoplay; clipboard-write; encrypted-media; gyroscope; picture-in-picture\" allowfullscreen><\/iframe><\/p>\n<p style=\"text-align: justify;\">A comemora\u00e7\u00e3o \u00a0festiva popular \u00a0deu-se em virtude ao acesso do time do Santa Cruz ao grupo da elite do futebol brasileiro. A t\u00e3o sonhada \u201cs\u00e9rie A\u201d, para os torcedores do \u201cSantinha\u201d, \u00a0tem um sabor \u00a0bastante significativo, uma vez que o time, ap\u00f3s a queda para \u201cs\u00e9rie D\u201d, \u00a0chegou a passar um longo \u00a0per\u00edodo amargando resultados adversos. Foi na sua \u00a0torcida apaixonada que o Santa Cruz encontrou for\u00e7a para ficar entre as \u00a0vinte melhores equipes do pais do futebol.<\/p>\n\n\t\t<style type=\"text\/css\">\n\t\t\t#gallery-1 {\n\t\t\t\tmargin: auto;\n\t\t\t}\n\t\t\t#gallery-1 .gallery-item {\n\t\t\t\tfloat: left;\n\t\t\t\tmargin-top: 10px;\n\t\t\t\ttext-align: center;\n\t\t\t\twidth: 25%;\n\t\t\t}\n\t\t\t#gallery-1 img {\n\t\t\t\tborder: 2px solid #cfcfcf;\n\t\t\t}\n\t\t\t#gallery-1 .gallery-caption {\n\t\t\t\tmargin-left: 0;\n\t\t\t}\n\t\t\t\/* see gallery_shortcode() in wp-includes\/media.php *\/\n\t\t<\/style>\n\t\t<div id='gallery-1' class='gallery galleryid-83739 gallery-columns-4 gallery-size-thumbnail'><dl class='gallery-item'>\n\t\t\t<dt class='gallery-icon '>\n\t\t\t\t<a href='https:\/\/www.blogdopilako.com.br\/wp\/wp-content\/uploads\/IMG_37271.jpg'>IMG_3727<\/a>\n\t\t\t<\/dt><\/dl><dl class='gallery-item'>\n\t\t\t<dt class='gallery-icon '>\n\t\t\t\t<a href='https:\/\/www.blogdopilako.com.br\/wp\/wp-content\/uploads\/IMG_3726.jpg'>IMG_3726<\/a>\n\t\t\t<\/dt><\/dl><dl class='gallery-item'>\n\t\t\t<dt class='gallery-icon '>\n\t\t\t\t<a href='https:\/\/www.blogdopilako.com.br\/wp\/wp-content\/uploads\/IMG_36961.jpg'>IMG_3696<\/a>\n\t\t\t<\/dt><\/dl><dl class='gallery-item'>\n\t\t\t<dt class='gallery-icon '>\n\t\t\t\t<a href='https:\/\/www.blogdopilako.com.br\/wp\/wp-content\/uploads\/IMG_37221.jpg'>IMG_3722<\/a>\n\t\t\t<\/dt><\/dl><br style=\"clear: both\" \/><dl class='gallery-item'>\n\t\t\t<dt class='gallery-icon '>\n\t\t\t\t<a href='https:\/\/www.blogdopilako.com.br\/wp\/wp-content\/uploads\/IMG_3697.jpg'>IMG_3697<\/a>\n\t\t\t<\/dt><\/dl><dl class='gallery-item'>\n\t\t\t<dt class='gallery-icon '>\n\t\t\t\t<a href='https:\/\/www.blogdopilako.com.br\/wp\/wp-content\/uploads\/IMG_37142.jpg'>IMG_3714<\/a>\n\t\t\t<\/dt><\/dl><dl class='gallery-item'>\n\t\t\t<dt class='gallery-icon '>\n\t\t\t\t<a href='https:\/\/www.blogdopilako.com.br\/wp\/wp-content\/uploads\/IMG_37051.jpg'>IMG_3705<\/a>\n\t\t\t<\/dt><\/dl><dl class='gallery-item'>\n\t\t\t<dt class='gallery-icon '>\n\t\t\t\t<a href='https:\/\/www.blogdopilako.com.br\/wp\/wp-content\/uploads\/IMG_37342.jpg'>IMG_3734<\/a>\n\t\t\t<\/dt><\/dl><br style=\"clear: both\" \/><dl class='gallery-item'>\n\t\t\t<dt class='gallery-icon '>\n\t\t\t\t<a href='https:\/\/www.blogdopilako.com.br\/wp\/wp-content\/uploads\/IMG_37152.jpg'>IMG_3715<\/a>\n\t\t\t<\/dt><\/dl><dl class='gallery-item'>\n\t\t\t<dt class='gallery-icon '>\n\t\t\t\t<a href='https:\/\/www.blogdopilako.com.br\/wp\/wp-content\/uploads\/IMG_3707.jpg'>IMG_3707<\/a>\n\t\t\t<\/dt><\/dl><dl class='gallery-item'>\n\t\t\t<dt class='gallery-icon '>\n\t\t\t\t<a href='https:\/\/www.blogdopilako.com.br\/wp\/wp-content\/uploads\/IMG_3692.jpg'>IMG_3692<\/a>\n\t\t\t<\/dt><\/dl><dl class='gallery-item'>\n\t\t\t<dt class='gallery-icon '>\n\t\t\t\t<a href='https:\/\/www.blogdopilako.com.br\/wp\/wp-content\/uploads\/IMG_37031.jpg'>IMG_3703<\/a>\n\t\t\t<\/dt><\/dl><br style=\"clear: both\" \/><dl class='gallery-item'>\n\t\t\t<dt class='gallery-icon '>\n\t\t\t\t<a href='https:\/\/www.blogdopilako.com.br\/wp\/wp-content\/uploads\/IMG_37001.jpg'>IMG_3700<\/a>\n\t\t\t<\/dt><\/dl><dl class='gallery-item'>\n\t\t\t<dt class='gallery-icon '>\n\t\t\t\t<a href='https:\/\/www.blogdopilako.com.br\/wp\/wp-content\/uploads\/IMG_36931.jpg'>IMG_3693<\/a>\n\t\t\t<\/dt><\/dl><dl class='gallery-item'>\n\t\t\t<dt class='gallery-icon '>\n\t\t\t\t<a href='https:\/\/www.blogdopilako.com.br\/wp\/wp-content\/uploads\/IMG_37011.jpg'>IMG_3701<\/a>\n\t\t\t<\/dt><\/dl><dl class='gallery-item'>\n\t\t\t<dt class='gallery-icon '>\n\t\t\t\t<a href='https:\/\/www.blogdopilako.com.br\/wp\/wp-content\/uploads\/IMG_37061.jpg'>IMG_3706<\/a>\n\t\t\t<\/dt><\/dl><br style=\"clear: both\" \/><dl class='gallery-item'>\n\t\t\t<dt class='gallery-icon '>\n\t\t\t\t<a href='https:\/\/www.blogdopilako.com.br\/wp\/wp-content\/uploads\/IMG_37191.jpg'>IMG_3719<\/a>\n\t\t\t<\/dt><\/dl><dl class='gallery-item'>\n\t\t\t<dt class='gallery-icon '>\n\t\t\t\t<a href='https:\/\/www.blogdopilako.com.br\/wp\/wp-content\/uploads\/IMG_37131.jpg'>IMG_3713<\/a>\n\t\t\t<\/dt><\/dl><dl class='gallery-item'>\n\t\t\t<dt class='gallery-icon '>\n\t\t\t\t<a href='https:\/\/www.blogdopilako.com.br\/wp\/wp-content\/uploads\/IMG_37322.jpg'>IMG_3732<\/a>\n\t\t\t<\/dt><\/dl><dl class='gallery-item'>\n\t\t\t<dt class='gallery-icon '>\n\t\t\t\t<a href='https:\/\/www.blogdopilako.com.br\/wp\/wp-content\/uploads\/IMG_37122.jpg'>IMG_3712<\/a>\n\t\t\t<\/dt><\/dl><br style=\"clear: both\" \/><dl class='gallery-item'>\n\t\t\t<dt class='gallery-icon '>\n\t\t\t\t<a href='https:\/\/www.blogdopilako.com.br\/wp\/wp-content\/uploads\/IMG_37092.jpg'>IMG_3709<\/a>\n\t\t\t<\/dt><\/dl><dl class='gallery-item'>\n\t\t\t<dt class='gallery-icon '>\n\t\t\t\t<a href='https:\/\/www.blogdopilako.com.br\/wp\/wp-content\/uploads\/IMG_37291.jpg'>IMG_3729<\/a>\n\t\t\t<\/dt><\/dl>\n\t\t\t<br style='clear: both' \/>\n\t\t<\/div>\n\n\n\t\t\t\t<div class=\"mr_social_sharing_wrapper\">\n\t\t\t\t<!-- Social Sharing Toolkit v2.2 --><span class=\"mr_social_sharing_top\"><span style=\"display: inline-block; width: 55px; height: 62px; overflow: hidden;\"><div class=\"fb-like\" data-href=\"https:\/\/www.blogdopilako.com.br\/wp\/2015\/11\/30\/torcedores-do-santa-cruz-promovem-um-domingo-de-carnaval-na-vitoria-de-santo-antao\/\" data-send=\"false\" data-layout=\"box_count\" data-width=\"55\" data-show-faces=\"false\"><\/div><\/span><\/span><span class=\"mr_social_sharing_top\"><fb:share-button type=\"box_count\" href=\"https:\/\/www.blogdopilako.com.br\/wp\/2015\/11\/30\/torcedores-do-santa-cruz-promovem-um-domingo-de-carnaval-na-vitoria-de-santo-antao\/\"><\/fb:share-button><\/span><span class=\"mr_social_sharing\"><a rel=\"nofollow\" class=\"linksalpha_button linksalpha_link\" href=\"\/\/www.linksalpha.com\/social\/mobile\" data-url=\"https:\/\/www.blogdopilako.com.br\/wp\/2015\/11\/30\/torcedores-do-santa-cruz-promovem-um-domingo-de-carnaval-na-vitoria-de-santo-antao\/\" data-text=\"Torcedores do Santa Cruz promovem um domingo de carnaval na Vit\u00f3ria de Santo Ant\u00e3o.\" data-desc=\"A tarde do \u00faltimo domingo (29), na nossa Vit\u00f3ria de Santo Ant\u00e3o, transformou-se num verdadeiro dia de carnaval. Ao som do potente trio PILEQUE 2, \u00a0\u201cpuxado\u201d pelo inconfund\u00edvel Pierre, os torcedores do Tricolor do Arruda \u2013 Santa Cruz \u2013 promoveram um bonito espet\u00e1culo pelas principias\" data-image=\"http:\/\/www.blogdopilako.com.br\/wp\/wp-content\/uploads\/IMG_37221.jpg\" data-button=\"none\">\n\t\t\t\t\t<img src=\"\/\/www.linksalpha.com\/images\/social_share_button.png\" alt=\"Share\" class=\"linksalpha_image\" \/>\n\t\t\t\t\t<\/a><script type=\"text\/javascript\" src=\"\/\/www.linksalpha.com\/scripts\/loader_iconbox.js?v=2.4\"><\/script><\/span><\/div>","protected":false},"excerpt":{"rendered":"\n\t\t\t\t<div class=\"mr_social_sharing_wrapper\">\n\t\t\t\t<!-- Social Sharing Toolkit v2.2 --><span class=\"mr_social_sharing_top\"><span style=\"display: inline-block; width: 55px; height: 62px; overflow: hidden;\"><div class=\"fb-like\" data-href=\"https:\/\/www.blogdopilako.com.br\/wp\/2015\/11\/30\/torcedores-do-santa-cruz-promovem-um-domingo-de-carnaval-na-vitoria-de-santo-antao\/\" data-send=\"false\" data-layout=\"box_count\" data-width=\"55\" data-show-faces=\"false\"><\/div><\/span><\/span><span class=\"mr_social_sharing_top\"><fb:share-button type=\"box_count\" href=\"https:\/\/www.blogdopilako.com.br\/wp\/2015\/11\/30\/torcedores-do-santa-cruz-promovem-um-domingo-de-carnaval-na-vitoria-de-santo-antao\/\"><\/fb:share-button><\/span><span class=\"mr_social_sharing\"><a rel=\"nofollow\" class=\"linksalpha_button linksalpha_link\" href=\"\/\/www.linksalpha.com\/social\/mobile\" data-url=\"https:\/\/www.blogdopilako.com.br\/wp\/2015\/11\/30\/torcedores-do-santa-cruz-promovem-um-domingo-de-carnaval-na-vitoria-de-santo-antao\/\" data-text=\"Torcedores do Santa Cruz promovem um domingo de carnaval na Vit\u00f3ria de Santo Ant\u00e3o.\" data-desc=\"A tarde do \u00faltimo domingo (29), na nossa Vit\u00f3ria de Santo Ant\u00e3o, transformou-se num verdadeiro dia de carnaval. Ao som do potente trio PILEQUE 2, \u00a0\u201cpuxado\u201d pelo inconfund\u00edvel Pierre, os torcedores do Tricolor do Arruda \u2013 Santa Cruz \u2013 promoveram um bonito espet\u00e1culo pelas principias\" data-image=\"\" data-button=\"none\">\n\t\t\t\t\t<img src=\"\/\/www.linksalpha.com\/images\/social_share_button.png\" alt=\"Share\" class=\"linksalpha_image\" \/>\n\t\t\t\t\t<\/a><script type=\"text\/javascript\" src=\"\/\/www.linksalpha.com\/scripts\/loader_iconbox.js?v=2.4\"><\/script><\/span><\/div><p>A tarde do \u00faltimo domingo (29), na nossa Vit\u00f3ria de Santo Ant\u00e3o, transformou-se num verdadeiro dia de carnaval. Ao som do potente trio PILEQUE 2, \u00a0\u201cpuxado\u201d pelo inconfund\u00edvel Pierre, os torcedores do Tricolor do Arruda \u2013 Santa Cruz \u2013 promoveram &hellip; <a href=\"https:\/\/www.blogdopilako.com.br\/wp\/2015\/11\/30\/torcedores-do-santa-cruz-promovem-um-domingo-de-carnaval-na-vitoria-de-santo-antao\/\">Continue lendo <span class=\"meta-nav\">&rarr;<\/span><\/a><\/p>\n\n\t\t\t\t<div class=\"mr_social_sharing_wrapper\">\n\t\t\t\t<!-- Social Sharing Toolkit v2.2 --><span class=\"mr_social_sharing_top\"><span style=\"display: inline-block; width: 55px; height: 62px; overflow: hidden;\"><div class=\"fb-like\" data-href=\"https:\/\/www.blogdopilako.com.br\/wp\/2015\/11\/30\/torcedores-do-santa-cruz-promovem-um-domingo-de-carnaval-na-vitoria-de-santo-antao\/\" data-send=\"false\" data-layout=\"box_count\" data-width=\"55\" data-show-faces=\"false\"><\/div><\/span><\/span><span class=\"mr_social_sharing_top\"><fb:share-button type=\"box_count\" href=\"https:\/\/www.blogdopilako.com.br\/wp\/2015\/11\/30\/torcedores-do-santa-cruz-promovem-um-domingo-de-carnaval-na-vitoria-de-santo-antao\/\"><\/fb:share-button><\/span><span class=\"mr_social_sharing\"><a rel=\"nofollow\" class=\"linksalpha_button linksalpha_link\" href=\"\/\/www.linksalpha.com\/social\/mobile\" data-url=\"https:\/\/www.blogdopilako.com.br\/wp\/2015\/11\/30\/torcedores-do-santa-cruz-promovem-um-domingo-de-carnaval-na-vitoria-de-santo-antao\/\" data-text=\"Torcedores do Santa Cruz promovem um domingo de carnaval na Vit\u00f3ria de Santo Ant\u00e3o.\" data-desc=\"A tarde do \u00faltimo domingo (29), na nossa Vit\u00f3ria de Santo Ant\u00e3o, transformou-se num verdadeiro dia de carnaval. Ao som do potente trio PILEQUE 2, \u00a0\u201cpuxado\u201d pelo inconfund\u00edvel Pierre, os torcedores do Tricolor do Arruda \u2013 Santa Cruz \u2013 promoveram um bonito espet\u00e1culo pelas principias\" data-image=\"\" data-button=\"none\">\n\t\t\t\t\t<img src=\"\/\/www.linksalpha.com\/images\/social_share_button.png\" alt=\"Share\" class=\"linksalpha_image\" \/>\n\t\t\t\t\t<\/a><script type=\"text\/javascript\" src=\"\/\/www.linksalpha.com\/scripts\/loader_iconbox.js?v=2.4\"><\/script><\/span><\/div>","protected":false},"author":4,"featured_media":0,"comment_status":"open","ping_status":"open","sticky":false,"template":"","format":"standard","meta":[],"categories":[21,22],"tags":[],"_links":{"self":[{"href":"https:\/\/www.blogdopilako.com.br\/wp\/wp-json\/wp\/v2\/posts\/83739"}],"collection":[{"href":"https:\/\/www.blogdopilako.com.br\/wp\/wp-json\/wp\/v2\/posts"}],"about":[{"href":"https:\/\/www.blogdopilako.com.br\/wp\/wp-json\/wp\/v2\/types\/post"}],"author":[{"embeddable":true,"href":"https:\/\/www.blogdopilako.com.br\/wp\/wp-json\/wp\/v2\/users\/4"}],"replies":[{"embeddable":true,"href":"https:\/\/www.blogdopilako.com.br\/wp\/wp-json\/wp\/v2\/comments?post=83739"}],"version-history":[{"count":4,"href":"https:\/\/www.blogdopilako.com.br\/wp\/wp-json\/wp\/v2\/posts\/83739\/revisions"}],"predecessor-version":[{"id":83810,"href":"https:\/\/www.blogdopilako.com.br\/wp\/wp-json\/wp\/v2\/posts\/83739\/revisions\/83810"}],"wp:attachment":[{"href":"https:\/\/www.blogdopilako.com.br\/wp\/wp-json\/wp\/v2\/media?parent=83739"}],"wp:term":[{"taxonomy":"category","embeddable":true,"href":"https:\/\/www.blogdopilako.com.br\/wp\/wp-json\/wp\/v2\/categories?post=83739"},{"taxonomy":"post_tag","embeddable":true,"href":"https:\/\/www.blogdopilako.com.br\/wp\/wp-json\/wp\/v2\/tags?post=83739"}],"curies":[{"name":"wp","href":"https:\/\/api.w.org\/{rel}","templated":true}]}}