{"id":83074,"date":"2015-11-12T12:58:58","date_gmt":"2015-11-12T15:58:58","guid":{"rendered":"http:\/\/www.blogdopilako.com.br\/wp\/?p=83074"},"modified":"2015-11-12T12:58:58","modified_gmt":"2015-11-12T15:58:58","slug":"70-anos-do-3-de-agosto-ex-aluno-ozias-valentim","status":"publish","type":"post","link":"https:\/\/www.blogdopilako.com.br\/wp\/2015\/11\/12\/70-anos-do-3-de-agosto-ex-aluno-ozias-valentim\/","title":{"rendered":"70 anos do 3 de Agosto: ex-aluno Ozias Valentim"},"content":{"rendered":"\n\t\t\t\t<div class=\"mr_social_sharing_wrapper\">\n\t\t\t\t<!-- Social Sharing Toolkit v2.2 --><span class=\"mr_social_sharing_top\"><span style=\"display: inline-block; width: 55px; height: 62px; overflow: hidden;\"><div class=\"fb-like\" data-href=\"https:\/\/www.blogdopilako.com.br\/wp\/2015\/11\/12\/70-anos-do-3-de-agosto-ex-aluno-ozias-valentim\/\" data-send=\"false\" data-layout=\"box_count\" data-width=\"55\" data-show-faces=\"false\"><\/div><\/span><\/span><span class=\"mr_social_sharing_top\"><fb:share-button type=\"box_count\" href=\"https:\/\/www.blogdopilako.com.br\/wp\/2015\/11\/12\/70-anos-do-3-de-agosto-ex-aluno-ozias-valentim\/\"><\/fb:share-button><\/span><span class=\"mr_social_sharing\"><a rel=\"nofollow\" class=\"linksalpha_button linksalpha_link\" href=\"\/\/www.linksalpha.com\/social\/mobile\" data-url=\"https:\/\/www.blogdopilako.com.br\/wp\/2015\/11\/12\/70-anos-do-3-de-agosto-ex-aluno-ozias-valentim\/\" data-text=\"70 anos do 3 de Agosto: ex-aluno Ozias Valentim\" data-desc=\"Dando continuidade\u00a0 \u00e0 s\u00e9rie de v\u00eddeos, gravados no jantar promovido pela Comiss\u00e3o dos Ex-alunos do\u00a0Col\u00e9gio Municipal 3 de Agosto, ocorrido no \u00faltimo s\u00e1bado (07), destacamos a participa\u00e7\u00e3o do amigo\u00a0Ozias Valentim. Disse ele: \u201ceu passei aqui sete anos, hoje tenho fortes recorda\u00e7\u00f5es\u201d.\" data-image=\"\" data-button=\"none\">\n\t\t\t\t\t<img src=\"\/\/www.linksalpha.com\/images\/social_share_button.png\" alt=\"Share\" class=\"linksalpha_image\" \/>\n\t\t\t\t\t<\/a><script type=\"text\/javascript\" src=\"\/\/www.linksalpha.com\/scripts\/loader_iconbox.js?v=2.4\"><\/script><\/span><\/div><p style=\"text-align: justify;\">Dando continuidade\u00a0 \u00e0 s\u00e9rie de v\u00eddeos, gravados no jantar promovido pela Comiss\u00e3o dos Ex-alunos do\u00a0<strong>Col\u00e9gio Municipal 3 de Agosto<\/strong>, ocorrido no \u00faltimo s\u00e1bado (07), destacamos a participa\u00e7\u00e3o do amigo\u00a0<strong><em>Ozias Valentim<\/em><\/strong>. Disse ele: \u201ceu passei aqui sete anos, hoje tenho fortes recorda\u00e7\u00f5es\u201d. Veja o v\u00eddeo:<\/p>\n<p style=\"text-align: justify;\"><iframe loading=\"lazy\" src=\"https:\/\/www.youtube.com\/embed\/qhO5oZ-nWI0\" width=\"560\" height=\"315\" frameborder=\"0\" allowfullscreen=\"allowfullscreen\"><\/iframe><\/p>\n\n\t\t\t\t<div class=\"mr_social_sharing_wrapper\">\n\t\t\t\t<!-- Social Sharing Toolkit v2.2 --><span class=\"mr_social_sharing_top\"><span style=\"display: inline-block; width: 55px; height: 62px; overflow: hidden;\"><div class=\"fb-like\" data-href=\"https:\/\/www.blogdopilako.com.br\/wp\/2015\/11\/12\/70-anos-do-3-de-agosto-ex-aluno-ozias-valentim\/\" data-send=\"false\" data-layout=\"box_count\" data-width=\"55\" data-show-faces=\"false\"><\/div><\/span><\/span><span class=\"mr_social_sharing_top\"><fb:share-button type=\"box_count\" href=\"https:\/\/www.blogdopilako.com.br\/wp\/2015\/11\/12\/70-anos-do-3-de-agosto-ex-aluno-ozias-valentim\/\"><\/fb:share-button><\/span><span class=\"mr_social_sharing\"><a rel=\"nofollow\" class=\"linksalpha_button linksalpha_link\" href=\"\/\/www.linksalpha.com\/social\/mobile\" data-url=\"https:\/\/www.blogdopilako.com.br\/wp\/2015\/11\/12\/70-anos-do-3-de-agosto-ex-aluno-ozias-valentim\/\" data-text=\"70 anos do 3 de Agosto: ex-aluno Ozias Valentim\" data-desc=\"Dando continuidade\u00a0 \u00e0 s\u00e9rie de v\u00eddeos, gravados no jantar promovido pela Comiss\u00e3o dos Ex-alunos do\u00a0Col\u00e9gio Municipal 3 de Agosto, ocorrido no \u00faltimo s\u00e1bado (07), destacamos a participa\u00e7\u00e3o do amigo\u00a0Ozias Valentim. Disse ele: \u201ceu passei aqui sete anos, hoje tenho fortes recorda\u00e7\u00f5es\u201d.\" data-image=\"\" data-button=\"none\">\n\t\t\t\t\t<img src=\"\/\/www.linksalpha.com\/images\/social_share_button.png\" alt=\"Share\" class=\"linksalpha_image\" \/>\n\t\t\t\t\t<\/a><script type=\"text\/javascript\" src=\"\/\/www.linksalpha.com\/scripts\/loader_iconbox.js?v=2.4\"><\/script><\/span><\/div>","protected":false},"excerpt":{"rendered":"\n\t\t\t\t<div class=\"mr_social_sharing_wrapper\">\n\t\t\t\t<!-- Social Sharing Toolkit v2.2 --><span class=\"mr_social_sharing_top\"><span style=\"display: inline-block; width: 55px; height: 62px; overflow: hidden;\"><div class=\"fb-like\" data-href=\"https:\/\/www.blogdopilako.com.br\/wp\/2015\/11\/12\/70-anos-do-3-de-agosto-ex-aluno-ozias-valentim\/\" data-send=\"false\" data-layout=\"box_count\" data-width=\"55\" data-show-faces=\"false\"><\/div><\/span><\/span><span class=\"mr_social_sharing_top\"><fb:share-button type=\"box_count\" href=\"https:\/\/www.blogdopilako.com.br\/wp\/2015\/11\/12\/70-anos-do-3-de-agosto-ex-aluno-ozias-valentim\/\"><\/fb:share-button><\/span><span class=\"mr_social_sharing\"><a rel=\"nofollow\" class=\"linksalpha_button linksalpha_link\" href=\"\/\/www.linksalpha.com\/social\/mobile\" data-url=\"https:\/\/www.blogdopilako.com.br\/wp\/2015\/11\/12\/70-anos-do-3-de-agosto-ex-aluno-ozias-valentim\/\" data-text=\"70 anos do 3 de Agosto: ex-aluno Ozias Valentim\" data-desc=\"Dando continuidade\u00a0 \u00e0 s\u00e9rie de v\u00eddeos, gravados no jantar promovido pela Comiss\u00e3o dos Ex-alunos do\u00a0Col\u00e9gio Municipal 3 de Agosto, ocorrido no \u00faltimo s\u00e1bado (07), destacamos a participa\u00e7\u00e3o do amigo\u00a0Ozias Valentim. Disse ele: \u201ceu passei aqui sete anos, hoje tenho fortes recorda\u00e7\u00f5es\u201d.\" data-image=\"\" data-button=\"none\">\n\t\t\t\t\t<img src=\"\/\/www.linksalpha.com\/images\/social_share_button.png\" alt=\"Share\" class=\"linksalpha_image\" \/>\n\t\t\t\t\t<\/a><script type=\"text\/javascript\" src=\"\/\/www.linksalpha.com\/scripts\/loader_iconbox.js?v=2.4\"><\/script><\/span><\/div><p>Dando continuidade\u00a0 \u00e0 s\u00e9rie de v\u00eddeos, gravados no jantar promovido pela Comiss\u00e3o dos Ex-alunos do\u00a0Col\u00e9gio Municipal 3 de Agosto, ocorrido no \u00faltimo s\u00e1bado (07), destacamos a participa\u00e7\u00e3o do amigo\u00a0Ozias Valentim. Disse ele: \u201ceu passei aqui sete anos, hoje tenho fortes &hellip; <a href=\"https:\/\/www.blogdopilako.com.br\/wp\/2015\/11\/12\/70-anos-do-3-de-agosto-ex-aluno-ozias-valentim\/\">Continue lendo <span class=\"meta-nav\">&rarr;<\/span><\/a><\/p>\n\n\t\t\t\t<div class=\"mr_social_sharing_wrapper\">\n\t\t\t\t<!-- Social Sharing Toolkit v2.2 --><span class=\"mr_social_sharing_top\"><span style=\"display: inline-block; width: 55px; height: 62px; overflow: hidden;\"><div class=\"fb-like\" data-href=\"https:\/\/www.blogdopilako.com.br\/wp\/2015\/11\/12\/70-anos-do-3-de-agosto-ex-aluno-ozias-valentim\/\" data-send=\"false\" data-layout=\"box_count\" data-width=\"55\" data-show-faces=\"false\"><\/div><\/span><\/span><span class=\"mr_social_sharing_top\"><fb:share-button type=\"box_count\" href=\"https:\/\/www.blogdopilako.com.br\/wp\/2015\/11\/12\/70-anos-do-3-de-agosto-ex-aluno-ozias-valentim\/\"><\/fb:share-button><\/span><span class=\"mr_social_sharing\"><a rel=\"nofollow\" class=\"linksalpha_button linksalpha_link\" href=\"\/\/www.linksalpha.com\/social\/mobile\" data-url=\"https:\/\/www.blogdopilako.com.br\/wp\/2015\/11\/12\/70-anos-do-3-de-agosto-ex-aluno-ozias-valentim\/\" data-text=\"70 anos do 3 de Agosto: ex-aluno Ozias Valentim\" data-desc=\"Dando continuidade\u00a0 \u00e0 s\u00e9rie de v\u00eddeos, gravados no jantar promovido pela Comiss\u00e3o dos Ex-alunos do\u00a0Col\u00e9gio Municipal 3 de Agosto, ocorrido no \u00faltimo s\u00e1bado (07), destacamos a participa\u00e7\u00e3o do amigo\u00a0Ozias Valentim. Disse ele: \u201ceu passei aqui sete anos, hoje tenho fortes recorda\u00e7\u00f5es\u201d.\" data-image=\"\" data-button=\"none\">\n\t\t\t\t\t<img src=\"\/\/www.linksalpha.com\/images\/social_share_button.png\" alt=\"Share\" class=\"linksalpha_image\" \/>\n\t\t\t\t\t<\/a><script type=\"text\/javascript\" src=\"\/\/www.linksalpha.com\/scripts\/loader_iconbox.js?v=2.4\"><\/script><\/span><\/div>","protected":false},"author":4,"featured_media":0,"comment_status":"open","ping_status":"open","sticky":false,"template":"","format":"standard","meta":[],"categories":[22],"tags":[],"_links":{"self":[{"href":"https:\/\/www.blogdopilako.com.br\/wp\/wp-json\/wp\/v2\/posts\/83074"}],"collection":[{"href":"https:\/\/www.blogdopilako.com.br\/wp\/wp-json\/wp\/v2\/posts"}],"about":[{"href":"https:\/\/www.blogdopilako.com.br\/wp\/wp-json\/wp\/v2\/types\/post"}],"author":[{"embeddable":true,"href":"https:\/\/www.blogdopilako.com.br\/wp\/wp-json\/wp\/v2\/users\/4"}],"replies":[{"embeddable":true,"href":"https:\/\/www.blogdopilako.com.br\/wp\/wp-json\/wp\/v2\/comments?post=83074"}],"version-history":[{"count":3,"href":"https:\/\/www.blogdopilako.com.br\/wp\/wp-json\/wp\/v2\/posts\/83074\/revisions"}],"predecessor-version":[{"id":83112,"href":"https:\/\/www.blogdopilako.com.br\/wp\/wp-json\/wp\/v2\/posts\/83074\/revisions\/83112"}],"wp:attachment":[{"href":"https:\/\/www.blogdopilako.com.br\/wp\/wp-json\/wp\/v2\/media?parent=83074"}],"wp:term":[{"taxonomy":"category","embeddable":true,"href":"https:\/\/www.blogdopilako.com.br\/wp\/wp-json\/wp\/v2\/categories?post=83074"},{"taxonomy":"post_tag","embeddable":true,"href":"https:\/\/www.blogdopilako.com.br\/wp\/wp-json\/wp\/v2\/tags?post=83074"}],"curies":[{"name":"wp","href":"https:\/\/api.w.org\/{rel}","templated":true}]}}