{"id":82994,"date":"2015-11-10T14:41:19","date_gmt":"2015-11-10T17:41:19","guid":{"rendered":"http:\/\/www.blogdopilako.com.br\/wp\/?p=82994"},"modified":"2016-05-20T12:46:34","modified_gmt":"2016-05-20T15:46:34","slug":"momento-cultural-forcas-e-elementos-da-natureza-3","status":"publish","type":"post","link":"https:\/\/www.blogdopilako.com.br\/wp\/2015\/11\/10\/momento-cultural-forcas-e-elementos-da-natureza-3\/","title":{"rendered":"Momento Cultural: FOR\u00c7AS E ELEMENTOS DA NATUREZA &#8211; por MELCHISEDEC"},"content":{"rendered":"\n\t\t\t\t<div class=\"mr_social_sharing_wrapper\">\n\t\t\t\t<!-- Social Sharing Toolkit v2.2 --><span class=\"mr_social_sharing_top\"><span style=\"display: inline-block; width: 55px; height: 62px; overflow: hidden;\"><div class=\"fb-like\" data-href=\"https:\/\/www.blogdopilako.com.br\/wp\/2015\/11\/10\/momento-cultural-forcas-e-elementos-da-natureza-3\/\" data-send=\"false\" data-layout=\"box_count\" data-width=\"55\" data-show-faces=\"false\"><\/div><\/span><\/span><span class=\"mr_social_sharing_top\"><fb:share-button type=\"box_count\" href=\"https:\/\/www.blogdopilako.com.br\/wp\/2015\/11\/10\/momento-cultural-forcas-e-elementos-da-natureza-3\/\"><\/fb:share-button><\/span><span class=\"mr_social_sharing\"><a rel=\"nofollow\" class=\"linksalpha_button linksalpha_link\" href=\"\/\/www.linksalpha.com\/social\/mobile\" data-url=\"https:\/\/www.blogdopilako.com.br\/wp\/2015\/11\/10\/momento-cultural-forcas-e-elementos-da-natureza-3\/\" data-text=\"Momento Cultural: FOR\u00c7AS E ELEMENTOS DA NATUREZA \u2013 por MELCHISEDEC\" data-desc=\"Toda manifesta\u00e7\u00e3o da vida, vibra num mesmo diapas\u00e3o, t\u00e3o harmonicamente afinado que faz soar em cada \u201ceon\u201d (per\u00edodo de tempo), uma verdadeira sinfonia das esferas. A maior ou menor quantidade de vibra\u00e7\u00e3o \u00e9 a manifesta\u00e7\u00e3o das Energias Prim\u00e1rias. A raiz de todas essas Energias C\u00f3smicas\" data-image=\"http:\/\/www.blogdopilako.com.br\/wp\/wp-content\/uploads\/Melchisedec1.jpg\" data-button=\"none\">\n\t\t\t\t\t<img src=\"\/\/www.linksalpha.com\/images\/social_share_button.png\" alt=\"Share\" class=\"linksalpha_image\" \/>\n\t\t\t\t\t<\/a><script type=\"text\/javascript\" src=\"\/\/www.linksalpha.com\/scripts\/loader_iconbox.js?v=2.4\"><\/script><\/span><\/div><p style=\"text-align: justify;\"><a href=\"http:\/\/www.blogdopilako.com.br\/wp\/wp-content\/uploads\/Melchisedec1.jpg\"><img loading=\"lazy\" class=\" wp-image-64733 alignleft\" src=\"http:\/\/www.blogdopilako.com.br\/wp\/wp-content\/uploads\/Melchisedec1.jpg\" alt=\"Melchisedec\" width=\"123\" height=\"176\" \/><\/a>Toda manifesta\u00e7\u00e3o da vida, vibra num mesmo diapas\u00e3o, t\u00e3o harmonicamente afinado que faz soar em cada \u201c<strong>eon<\/strong>\u201d (per\u00edodo de tempo), uma verdadeira sinfonia das esferas. A maior ou menor quantidade de vibra\u00e7\u00e3o \u00e9 a manifesta\u00e7\u00e3o das Energias Prim\u00e1rias.<\/p>\n<p style=\"text-align: justify;\">A raiz de todas essas Energias C\u00f3smicas que se polarizam no mundo de maneira dupla, chama-se Oceano Universal de Energia Vida. Essas Energias emanam do sol e se manifestam em tr\u00eas formas: Luz Primordial, Poder \u00cdgneo e Base Energ\u00e9tica Vital do mundo f\u00edsico.<\/p>\n<p style=\"text-align: justify;\">Cada uma dessas for\u00e7as se manifesta em todos os planos do Sistema Solar. Elas permanecem distintas e nenhuma delas, em nosso plano, pode ser transformada na outra.<\/p>\n<p>&nbsp;<\/p>\n<p><strong>ELEMENTOS DA NATUREZA<\/strong> \u2013 S\u00e3o os princ\u00edpios b\u00e1sicos de todas as subst\u00e2ncias que constituem os ve\u00edculos da vida no Reino da Natureza.<\/p>\n<p><strong>\u00c1gua<\/strong> \u2013 Constitu\u00edda do elemento qu\u00edmico <strong>H\u00b2O<\/strong>.<\/p>\n<p><strong>Ar<\/strong> \u2013 Constitu\u00eddo do elemento qu\u00edmico <strong>O\u00b2<\/strong>.<\/p>\n<p><strong>Fogo<\/strong> \u2013 Constitu\u00eddo do elemento qu\u00edmico <strong>CO\u00b2<\/strong>.<\/p>\n<p><strong>Terra<\/strong> \u2013 Constitu\u00eddo do elemento qu\u00edmico <strong>CL<\/strong> e <strong>CA<\/strong>.<\/p>\n<p>Todos esses elementos s\u00e3o regidos por for\u00e7as sutis.<\/p>\n<p>(VERDADES FUNDAMENTAIS \u2013 MELCHISEDEC &#8211; P\u00e1g. 51)<\/p>\n\n\t\t\t\t<div class=\"mr_social_sharing_wrapper\">\n\t\t\t\t<!-- Social Sharing Toolkit v2.2 --><span class=\"mr_social_sharing_top\"><span style=\"display: inline-block; width: 55px; height: 62px; overflow: hidden;\"><div class=\"fb-like\" data-href=\"https:\/\/www.blogdopilako.com.br\/wp\/2015\/11\/10\/momento-cultural-forcas-e-elementos-da-natureza-3\/\" data-send=\"false\" data-layout=\"box_count\" data-width=\"55\" data-show-faces=\"false\"><\/div><\/span><\/span><span class=\"mr_social_sharing_top\"><fb:share-button type=\"box_count\" href=\"https:\/\/www.blogdopilako.com.br\/wp\/2015\/11\/10\/momento-cultural-forcas-e-elementos-da-natureza-3\/\"><\/fb:share-button><\/span><span class=\"mr_social_sharing\"><a rel=\"nofollow\" class=\"linksalpha_button linksalpha_link\" href=\"\/\/www.linksalpha.com\/social\/mobile\" data-url=\"https:\/\/www.blogdopilako.com.br\/wp\/2015\/11\/10\/momento-cultural-forcas-e-elementos-da-natureza-3\/\" data-text=\"Momento Cultural: FOR\u00c7AS E ELEMENTOS DA NATUREZA \u2013 por MELCHISEDEC\" data-desc=\"Toda manifesta\u00e7\u00e3o da vida, vibra num mesmo diapas\u00e3o, t\u00e3o harmonicamente afinado que faz soar em cada \u201ceon\u201d (per\u00edodo de tempo), uma verdadeira sinfonia das esferas. A maior ou menor quantidade de vibra\u00e7\u00e3o \u00e9 a manifesta\u00e7\u00e3o das Energias Prim\u00e1rias. A raiz de todas essas Energias C\u00f3smicas\" data-image=\"http:\/\/www.blogdopilako.com.br\/wp\/wp-content\/uploads\/Melchisedec1.jpg\" data-button=\"none\">\n\t\t\t\t\t<img src=\"\/\/www.linksalpha.com\/images\/social_share_button.png\" alt=\"Share\" class=\"linksalpha_image\" \/>\n\t\t\t\t\t<\/a><script type=\"text\/javascript\" src=\"\/\/www.linksalpha.com\/scripts\/loader_iconbox.js?v=2.4\"><\/script><\/span><\/div>","protected":false},"excerpt":{"rendered":"\n\t\t\t\t<div class=\"mr_social_sharing_wrapper\">\n\t\t\t\t<!-- Social Sharing Toolkit v2.2 --><span class=\"mr_social_sharing_top\"><span style=\"display: inline-block; width: 55px; height: 62px; overflow: hidden;\"><div class=\"fb-like\" data-href=\"https:\/\/www.blogdopilako.com.br\/wp\/2015\/11\/10\/momento-cultural-forcas-e-elementos-da-natureza-3\/\" data-send=\"false\" data-layout=\"box_count\" data-width=\"55\" data-show-faces=\"false\"><\/div><\/span><\/span><span class=\"mr_social_sharing_top\"><fb:share-button type=\"box_count\" href=\"https:\/\/www.blogdopilako.com.br\/wp\/2015\/11\/10\/momento-cultural-forcas-e-elementos-da-natureza-3\/\"><\/fb:share-button><\/span><span class=\"mr_social_sharing\"><a rel=\"nofollow\" class=\"linksalpha_button linksalpha_link\" href=\"\/\/www.linksalpha.com\/social\/mobile\" data-url=\"https:\/\/www.blogdopilako.com.br\/wp\/2015\/11\/10\/momento-cultural-forcas-e-elementos-da-natureza-3\/\" data-text=\"Momento Cultural: FOR\u00c7AS E ELEMENTOS DA NATUREZA \u2013 por MELCHISEDEC\" data-desc=\"Toda manifesta\u00e7\u00e3o da vida, vibra num mesmo diapas\u00e3o, t\u00e3o harmonicamente afinado que faz soar em cada \u201ceon\u201d (per\u00edodo de tempo), uma verdadeira sinfonia das esferas. A maior ou menor quantidade de vibra\u00e7\u00e3o \u00e9 a manifesta\u00e7\u00e3o das Energias Prim\u00e1rias. A raiz de todas essas Energias C\u00f3smicas\" data-image=\"\" data-button=\"none\">\n\t\t\t\t\t<img src=\"\/\/www.linksalpha.com\/images\/social_share_button.png\" alt=\"Share\" class=\"linksalpha_image\" \/>\n\t\t\t\t\t<\/a><script type=\"text\/javascript\" src=\"\/\/www.linksalpha.com\/scripts\/loader_iconbox.js?v=2.4\"><\/script><\/span><\/div><p>Toda manifesta\u00e7\u00e3o da vida, vibra num mesmo diapas\u00e3o, t\u00e3o harmonicamente afinado que faz soar em cada \u201ceon\u201d (per\u00edodo de tempo), uma verdadeira sinfonia das esferas. A maior ou menor quantidade de vibra\u00e7\u00e3o \u00e9 a manifesta\u00e7\u00e3o das Energias Prim\u00e1rias. A raiz &hellip; <a href=\"https:\/\/www.blogdopilako.com.br\/wp\/2015\/11\/10\/momento-cultural-forcas-e-elementos-da-natureza-3\/\">Continue lendo <span class=\"meta-nav\">&rarr;<\/span><\/a><\/p>\n\n\t\t\t\t<div class=\"mr_social_sharing_wrapper\">\n\t\t\t\t<!-- Social Sharing Toolkit v2.2 --><span class=\"mr_social_sharing_top\"><span style=\"display: inline-block; width: 55px; height: 62px; overflow: hidden;\"><div class=\"fb-like\" data-href=\"https:\/\/www.blogdopilako.com.br\/wp\/2015\/11\/10\/momento-cultural-forcas-e-elementos-da-natureza-3\/\" data-send=\"false\" data-layout=\"box_count\" data-width=\"55\" data-show-faces=\"false\"><\/div><\/span><\/span><span class=\"mr_social_sharing_top\"><fb:share-button type=\"box_count\" href=\"https:\/\/www.blogdopilako.com.br\/wp\/2015\/11\/10\/momento-cultural-forcas-e-elementos-da-natureza-3\/\"><\/fb:share-button><\/span><span class=\"mr_social_sharing\"><a rel=\"nofollow\" class=\"linksalpha_button linksalpha_link\" href=\"\/\/www.linksalpha.com\/social\/mobile\" data-url=\"https:\/\/www.blogdopilako.com.br\/wp\/2015\/11\/10\/momento-cultural-forcas-e-elementos-da-natureza-3\/\" data-text=\"Momento Cultural: FOR\u00c7AS E ELEMENTOS DA NATUREZA \u2013 por MELCHISEDEC\" data-desc=\"Toda manifesta\u00e7\u00e3o da vida, vibra num mesmo diapas\u00e3o, t\u00e3o harmonicamente afinado que faz soar em cada \u201ceon\u201d (per\u00edodo de tempo), uma verdadeira sinfonia das esferas. A maior ou menor quantidade de vibra\u00e7\u00e3o \u00e9 a manifesta\u00e7\u00e3o das Energias Prim\u00e1rias. A raiz de todas essas Energias C\u00f3smicas\" data-image=\"\" data-button=\"none\">\n\t\t\t\t\t<img src=\"\/\/www.linksalpha.com\/images\/social_share_button.png\" alt=\"Share\" class=\"linksalpha_image\" \/>\n\t\t\t\t\t<\/a><script type=\"text\/javascript\" src=\"\/\/www.linksalpha.com\/scripts\/loader_iconbox.js?v=2.4\"><\/script><\/span><\/div>","protected":false},"author":1,"featured_media":0,"comment_status":"open","ping_status":"open","sticky":false,"template":"","format":"standard","meta":[],"categories":[114],"tags":[],"_links":{"self":[{"href":"https:\/\/www.blogdopilako.com.br\/wp\/wp-json\/wp\/v2\/posts\/82994"}],"collection":[{"href":"https:\/\/www.blogdopilako.com.br\/wp\/wp-json\/wp\/v2\/posts"}],"about":[{"href":"https:\/\/www.blogdopilako.com.br\/wp\/wp-json\/wp\/v2\/types\/post"}],"author":[{"embeddable":true,"href":"https:\/\/www.blogdopilako.com.br\/wp\/wp-json\/wp\/v2\/users\/1"}],"replies":[{"embeddable":true,"href":"https:\/\/www.blogdopilako.com.br\/wp\/wp-json\/wp\/v2\/comments?post=82994"}],"version-history":[{"count":3,"href":"https:\/\/www.blogdopilako.com.br\/wp\/wp-json\/wp\/v2\/posts\/82994\/revisions"}],"predecessor-version":[{"id":89371,"href":"https:\/\/www.blogdopilako.com.br\/wp\/wp-json\/wp\/v2\/posts\/82994\/revisions\/89371"}],"wp:attachment":[{"href":"https:\/\/www.blogdopilako.com.br\/wp\/wp-json\/wp\/v2\/media?parent=82994"}],"wp:term":[{"taxonomy":"category","embeddable":true,"href":"https:\/\/www.blogdopilako.com.br\/wp\/wp-json\/wp\/v2\/categories?post=82994"},{"taxonomy":"post_tag","embeddable":true,"href":"https:\/\/www.blogdopilako.com.br\/wp\/wp-json\/wp\/v2\/tags?post=82994"}],"curies":[{"name":"wp","href":"https:\/\/api.w.org\/{rel}","templated":true}]}}