{"id":82901,"date":"2015-11-09T14:00:33","date_gmt":"2015-11-09T17:00:33","guid":{"rendered":"http:\/\/www.blogdopilako.com.br\/wp\/?p=82901"},"modified":"2015-11-09T12:05:01","modified_gmt":"2015-11-09T15:05:01","slug":"primeira-comunhao-40-anos","status":"publish","type":"post","link":"https:\/\/www.blogdopilako.com.br\/wp\/2015\/11\/09\/primeira-comunhao-40-anos\/","title":{"rendered":"O Tempo Voa: Hoje faz 40 anos da primeira comunh\u00e3o do blogueiro"},"content":{"rendered":"\n\t\t\t\t<div class=\"mr_social_sharing_wrapper\">\n\t\t\t\t<!-- Social Sharing Toolkit v2.2 --><span class=\"mr_social_sharing_top\"><span style=\"display: inline-block; width: 55px; height: 62px; overflow: hidden;\"><div class=\"fb-like\" data-href=\"https:\/\/www.blogdopilako.com.br\/wp\/2015\/11\/09\/primeira-comunhao-40-anos\/\" data-send=\"false\" data-layout=\"box_count\" data-width=\"55\" data-show-faces=\"false\"><\/div><\/span><\/span><span class=\"mr_social_sharing_top\"><fb:share-button type=\"box_count\" href=\"https:\/\/www.blogdopilako.com.br\/wp\/2015\/11\/09\/primeira-comunhao-40-anos\/\"><\/fb:share-button><\/span><span class=\"mr_social_sharing\"><a rel=\"nofollow\" class=\"linksalpha_button linksalpha_link\" href=\"\/\/www.linksalpha.com\/social\/mobile\" data-url=\"https:\/\/www.blogdopilako.com.br\/wp\/2015\/11\/09\/primeira-comunhao-40-anos\/\" data-text=\"O Tempo Voa: Hoje faz 40 anos da primeira comunh\u00e3o do blogueiro\" data-desc=\"Exatamente hoje, 9 de novembro, est\u00e1 completando 40 anos da minha Primeira Comunh\u00e3o, realizada na Matriz de Santo Ant\u00e3o no ano de 1975. Na foto, entre outros, \u00a0Padre Renato e ao fundo Raminho Fot\u00f3grafo.\" data-image=\"http:\/\/www.blogdopilako.com.br\/wp\/wp-content\/uploads\/O-TEMPO-VOA-primeira-comunh\u00e3o.jpg\" data-button=\"none\">\n\t\t\t\t\t<img src=\"\/\/www.linksalpha.com\/images\/social_share_button.png\" alt=\"Share\" class=\"linksalpha_image\" \/>\n\t\t\t\t\t<\/a><script type=\"text\/javascript\" src=\"\/\/www.linksalpha.com\/scripts\/loader_iconbox.js?v=2.4\"><\/script><\/span><\/div><p style=\"text-align: justify;\"><a href=\"http:\/\/www.blogdopilako.com.br\/wp\/wp-content\/uploads\/O-TEMPO-VOA-primeira-comunh\u00e3o.jpg\"><img loading=\"lazy\" class=\"aligncenter size-full wp-image-30180\" title=\"O TEMPO VOA-primeira-comunh\u00e3o\" src=\"http:\/\/www.blogdopilako.com.br\/wp\/wp-content\/uploads\/O-TEMPO-VOA-primeira-comunh\u00e3o.jpg\" alt=\"\" width=\"588\" height=\"429\" \/><\/a><br \/>\nExatamente hoje, 9 de novembro, est\u00e1 completando <strong>40 anos<\/strong> da minha <strong>Primeira Comunh\u00e3o<\/strong>, realizada na Matriz de Santo Ant\u00e3o no ano de <strong>1975<\/strong>. Na foto, entre outros, \u00a0<strong>Padre Renato<\/strong> e ao fundo <strong>Raminho Fot\u00f3grafo<\/strong>.<\/p>\n\n\t\t\t\t<div class=\"mr_social_sharing_wrapper\">\n\t\t\t\t<!-- Social Sharing Toolkit v2.2 --><span class=\"mr_social_sharing_top\"><span style=\"display: inline-block; width: 55px; height: 62px; overflow: hidden;\"><div class=\"fb-like\" data-href=\"https:\/\/www.blogdopilako.com.br\/wp\/2015\/11\/09\/primeira-comunhao-40-anos\/\" data-send=\"false\" data-layout=\"box_count\" data-width=\"55\" data-show-faces=\"false\"><\/div><\/span><\/span><span class=\"mr_social_sharing_top\"><fb:share-button type=\"box_count\" href=\"https:\/\/www.blogdopilako.com.br\/wp\/2015\/11\/09\/primeira-comunhao-40-anos\/\"><\/fb:share-button><\/span><span class=\"mr_social_sharing\"><a rel=\"nofollow\" class=\"linksalpha_button linksalpha_link\" href=\"\/\/www.linksalpha.com\/social\/mobile\" data-url=\"https:\/\/www.blogdopilako.com.br\/wp\/2015\/11\/09\/primeira-comunhao-40-anos\/\" data-text=\"O Tempo Voa: Hoje faz 40 anos da primeira comunh\u00e3o do blogueiro\" data-desc=\"Exatamente hoje, 9 de novembro, est\u00e1 completando 40 anos da minha Primeira Comunh\u00e3o, realizada na Matriz de Santo Ant\u00e3o no ano de 1975. Na foto, entre outros, \u00a0Padre Renato e ao fundo Raminho Fot\u00f3grafo.\" data-image=\"http:\/\/www.blogdopilako.com.br\/wp\/wp-content\/uploads\/O-TEMPO-VOA-primeira-comunh\u00e3o.jpg\" data-button=\"none\">\n\t\t\t\t\t<img src=\"\/\/www.linksalpha.com\/images\/social_share_button.png\" alt=\"Share\" class=\"linksalpha_image\" \/>\n\t\t\t\t\t<\/a><script type=\"text\/javascript\" src=\"\/\/www.linksalpha.com\/scripts\/loader_iconbox.js?v=2.4\"><\/script><\/span><\/div>","protected":false},"excerpt":{"rendered":"\n\t\t\t\t<div class=\"mr_social_sharing_wrapper\">\n\t\t\t\t<!-- Social Sharing Toolkit v2.2 --><span class=\"mr_social_sharing_top\"><span style=\"display: inline-block; width: 55px; height: 62px; overflow: hidden;\"><div class=\"fb-like\" data-href=\"https:\/\/www.blogdopilako.com.br\/wp\/2015\/11\/09\/primeira-comunhao-40-anos\/\" data-send=\"false\" data-layout=\"box_count\" data-width=\"55\" data-show-faces=\"false\"><\/div><\/span><\/span><span class=\"mr_social_sharing_top\"><fb:share-button type=\"box_count\" href=\"https:\/\/www.blogdopilako.com.br\/wp\/2015\/11\/09\/primeira-comunhao-40-anos\/\"><\/fb:share-button><\/span><span class=\"mr_social_sharing\"><a rel=\"nofollow\" class=\"linksalpha_button linksalpha_link\" href=\"\/\/www.linksalpha.com\/social\/mobile\" data-url=\"https:\/\/www.blogdopilako.com.br\/wp\/2015\/11\/09\/primeira-comunhao-40-anos\/\" data-text=\"O Tempo Voa: Hoje faz 40 anos da primeira comunh\u00e3o do blogueiro\" data-desc=\"Exatamente hoje, 9 de novembro, est\u00e1 completando 40 anos da minha Primeira Comunh\u00e3o, realizada na Matriz de Santo Ant\u00e3o no ano de 1975. Na foto, entre outros, \u00a0Padre Renato e ao fundo Raminho Fot\u00f3grafo.\" data-image=\"\" data-button=\"none\">\n\t\t\t\t\t<img src=\"\/\/www.linksalpha.com\/images\/social_share_button.png\" alt=\"Share\" class=\"linksalpha_image\" \/>\n\t\t\t\t\t<\/a><script type=\"text\/javascript\" src=\"\/\/www.linksalpha.com\/scripts\/loader_iconbox.js?v=2.4\"><\/script><\/span><\/div><p>Exatamente hoje, 9 de novembro, est\u00e1 completando 40 anos da minha Primeira Comunh\u00e3o, realizada na Matriz de Santo Ant\u00e3o no ano de 1975. Na foto, entre outros, \u00a0Padre Renato e ao fundo Raminho Fot\u00f3grafo.<\/p>\n\n\t\t\t\t<div class=\"mr_social_sharing_wrapper\">\n\t\t\t\t<!-- Social Sharing Toolkit v2.2 --><span class=\"mr_social_sharing_top\"><span style=\"display: inline-block; width: 55px; height: 62px; overflow: hidden;\"><div class=\"fb-like\" data-href=\"https:\/\/www.blogdopilako.com.br\/wp\/2015\/11\/09\/primeira-comunhao-40-anos\/\" data-send=\"false\" data-layout=\"box_count\" data-width=\"55\" data-show-faces=\"false\"><\/div><\/span><\/span><span class=\"mr_social_sharing_top\"><fb:share-button type=\"box_count\" href=\"https:\/\/www.blogdopilako.com.br\/wp\/2015\/11\/09\/primeira-comunhao-40-anos\/\"><\/fb:share-button><\/span><span class=\"mr_social_sharing\"><a rel=\"nofollow\" class=\"linksalpha_button linksalpha_link\" href=\"\/\/www.linksalpha.com\/social\/mobile\" data-url=\"https:\/\/www.blogdopilako.com.br\/wp\/2015\/11\/09\/primeira-comunhao-40-anos\/\" data-text=\"O Tempo Voa: Hoje faz 40 anos da primeira comunh\u00e3o do blogueiro\" data-desc=\"Exatamente hoje, 9 de novembro, est\u00e1 completando 40 anos da minha Primeira Comunh\u00e3o, realizada na Matriz de Santo Ant\u00e3o no ano de 1975. Na foto, entre outros, \u00a0Padre Renato e ao fundo Raminho Fot\u00f3grafo.\" data-image=\"\" data-button=\"none\">\n\t\t\t\t\t<img src=\"\/\/www.linksalpha.com\/images\/social_share_button.png\" alt=\"Share\" class=\"linksalpha_image\" \/>\n\t\t\t\t\t<\/a><script type=\"text\/javascript\" src=\"\/\/www.linksalpha.com\/scripts\/loader_iconbox.js?v=2.4\"><\/script><\/span><\/div>","protected":false},"author":1,"featured_media":0,"comment_status":"open","ping_status":"open","sticky":false,"template":"","format":"standard","meta":[],"categories":[23],"tags":[],"_links":{"self":[{"href":"https:\/\/www.blogdopilako.com.br\/wp\/wp-json\/wp\/v2\/posts\/82901"}],"collection":[{"href":"https:\/\/www.blogdopilako.com.br\/wp\/wp-json\/wp\/v2\/posts"}],"about":[{"href":"https:\/\/www.blogdopilako.com.br\/wp\/wp-json\/wp\/v2\/types\/post"}],"author":[{"embeddable":true,"href":"https:\/\/www.blogdopilako.com.br\/wp\/wp-json\/wp\/v2\/users\/1"}],"replies":[{"embeddable":true,"href":"https:\/\/www.blogdopilako.com.br\/wp\/wp-json\/wp\/v2\/comments?post=82901"}],"version-history":[{"count":3,"href":"https:\/\/www.blogdopilako.com.br\/wp\/wp-json\/wp\/v2\/posts\/82901\/revisions"}],"predecessor-version":[{"id":82918,"href":"https:\/\/www.blogdopilako.com.br\/wp\/wp-json\/wp\/v2\/posts\/82901\/revisions\/82918"}],"wp:attachment":[{"href":"https:\/\/www.blogdopilako.com.br\/wp\/wp-json\/wp\/v2\/media?parent=82901"}],"wp:term":[{"taxonomy":"category","embeddable":true,"href":"https:\/\/www.blogdopilako.com.br\/wp\/wp-json\/wp\/v2\/categories?post=82901"},{"taxonomy":"post_tag","embeddable":true,"href":"https:\/\/www.blogdopilako.com.br\/wp\/wp-json\/wp\/v2\/tags?post=82901"}],"curies":[{"name":"wp","href":"https:\/\/api.w.org\/{rel}","templated":true}]}}