{"id":81734,"date":"2015-10-16T15:02:12","date_gmt":"2015-10-16T18:02:12","guid":{"rendered":"http:\/\/www.blogdopilako.com.br\/wp\/?p=81734"},"modified":"2015-10-16T15:02:12","modified_gmt":"2015-10-16T18:02:12","slug":"o-tempo-voa-colegio-nossa-senhora-das-gracas-3","status":"publish","type":"post","link":"https:\/\/www.blogdopilako.com.br\/wp\/2015\/10\/16\/o-tempo-voa-colegio-nossa-senhora-das-gracas-3\/","title":{"rendered":"O Tempo Voa: Col\u00e9gio Nossa Senhora das Gra\u00e7as"},"content":{"rendered":"\n\t\t\t\t<div class=\"mr_social_sharing_wrapper\">\n\t\t\t\t<!-- Social Sharing Toolkit v2.2 --><span class=\"mr_social_sharing_top\"><span style=\"display: inline-block; width: 55px; height: 62px; overflow: hidden;\"><div class=\"fb-like\" data-href=\"https:\/\/www.blogdopilako.com.br\/wp\/2015\/10\/16\/o-tempo-voa-colegio-nossa-senhora-das-gracas-3\/\" data-send=\"false\" data-layout=\"box_count\" data-width=\"55\" data-show-faces=\"false\"><\/div><\/span><\/span><span class=\"mr_social_sharing_top\"><fb:share-button type=\"box_count\" href=\"https:\/\/www.blogdopilako.com.br\/wp\/2015\/10\/16\/o-tempo-voa-colegio-nossa-senhora-das-gracas-3\/\"><\/fb:share-button><\/span><span class=\"mr_social_sharing\"><a rel=\"nofollow\" class=\"linksalpha_button linksalpha_link\" href=\"\/\/www.linksalpha.com\/social\/mobile\" data-url=\"https:\/\/www.blogdopilako.com.br\/wp\/2015\/10\/16\/o-tempo-voa-colegio-nossa-senhora-das-gracas-3\/\" data-text=\"O Tempo Voa: Col\u00e9gio Nossa Senhora das Gra\u00e7as\" data-desc=\"Fachada principal do Col\u00e9gio Nossa Senhora da Gra\u00e7a, dirigido pelas Damas da Instru\u00e7\u00e3o Crist\u00e3. Fundado em 1929 - FOTO: HISTORIA DA VIT\u00d3RIA DE SANTO ANT\u00c3O- 3\u00ba VOLUME (1843 - 1982) pag 85.\" data-image=\"http:\/\/www.blogdopilako.com.br\/wp\/wp-content\/uploads\/O-TEMPO-VOA-Fachada-principal-do-Col\u00e9gio-Nossa-Senhora-da-Gra\u00e7a-dirigido-pelas-Damas-da-Instru\u00e7\u00e3o-Crist\u00e3.-Fundado-em-1929-HISTORIA-DA-VIT\u00d3RIA-DE-SANTO-ANT\u00c3O-3\u00ba-VOLUME-1843-1982-pag-85.jpg\" data-button=\"none\">\n\t\t\t\t\t<img src=\"\/\/www.linksalpha.com\/images\/social_share_button.png\" alt=\"Share\" class=\"linksalpha_image\" \/>\n\t\t\t\t\t<\/a><script type=\"text\/javascript\" src=\"\/\/www.linksalpha.com\/scripts\/loader_iconbox.js?v=2.4\"><\/script><\/span><\/div><p style=\"text-align: center;\"><a href=\"http:\/\/www.blogdopilako.com.br\/wp\/wp-content\/uploads\/O-TEMPO-VOA-Fachada-principal-do-Col\u00e9gio-Nossa-Senhora-da-Gra\u00e7a-dirigido-pelas-Damas-da-Instru\u00e7\u00e3o-Crist\u00e3.-Fundado-em-1929-HISTORIA-DA-VIT\u00d3RIA-DE-SANTO-ANT\u00c3O-3\u00ba-VOLUME-1843-1982-pag-85.jpg\"><img loading=\"lazy\" class=\"aligncenter size-full wp-image-27528\" title=\"O TEMPO VOA - Fachada principal do Col\u00e9gio Nossa Senhora da Gra\u00e7a, dirigido pelas Damas da Instru\u00e7\u00e3o Crist\u00e3. Fundado em 1929 - HISTORIA DA VIT\u00d3RIA DE SANTO ANT\u00c3O- 3\u00ba VOLUME (1843 - 1982) pag 85\" src=\"http:\/\/www.blogdopilako.com.br\/wp\/wp-content\/uploads\/O-TEMPO-VOA-Fachada-principal-do-Col\u00e9gio-Nossa-Senhora-da-Gra\u00e7a-dirigido-pelas-Damas-da-Instru\u00e7\u00e3o-Crist\u00e3.-Fundado-em-1929-HISTORIA-DA-VIT\u00d3RIA-DE-SANTO-ANT\u00c3O-3\u00ba-VOLUME-1843-1982-pag-85.jpg\" alt=\"\" width=\"551\" height=\"348\" \/><\/a>Fachada principal do Col\u00e9gio Nossa Senhora da Gra\u00e7a, dirigido pelas Damas da Instru\u00e7\u00e3o Crist\u00e3. Fundado em 1929 &#8211; FOTO: HISTORIA DA VIT\u00d3RIA DE SANTO ANT\u00c3O- 3\u00ba VOLUME (1843 &#8211; 1982) pag 85.<\/p>\n\n\t\t\t\t<div class=\"mr_social_sharing_wrapper\">\n\t\t\t\t<!-- Social Sharing Toolkit v2.2 --><span class=\"mr_social_sharing_top\"><span style=\"display: inline-block; width: 55px; height: 62px; overflow: hidden;\"><div class=\"fb-like\" data-href=\"https:\/\/www.blogdopilako.com.br\/wp\/2015\/10\/16\/o-tempo-voa-colegio-nossa-senhora-das-gracas-3\/\" data-send=\"false\" data-layout=\"box_count\" data-width=\"55\" data-show-faces=\"false\"><\/div><\/span><\/span><span class=\"mr_social_sharing_top\"><fb:share-button type=\"box_count\" href=\"https:\/\/www.blogdopilako.com.br\/wp\/2015\/10\/16\/o-tempo-voa-colegio-nossa-senhora-das-gracas-3\/\"><\/fb:share-button><\/span><span class=\"mr_social_sharing\"><a rel=\"nofollow\" class=\"linksalpha_button linksalpha_link\" href=\"\/\/www.linksalpha.com\/social\/mobile\" data-url=\"https:\/\/www.blogdopilako.com.br\/wp\/2015\/10\/16\/o-tempo-voa-colegio-nossa-senhora-das-gracas-3\/\" data-text=\"O Tempo Voa: Col\u00e9gio Nossa Senhora das Gra\u00e7as\" data-desc=\"Fachada principal do Col\u00e9gio Nossa Senhora da Gra\u00e7a, dirigido pelas Damas da Instru\u00e7\u00e3o Crist\u00e3. Fundado em 1929 - FOTO: HISTORIA DA VIT\u00d3RIA DE SANTO ANT\u00c3O- 3\u00ba VOLUME (1843 - 1982) pag 85.\" data-image=\"http:\/\/www.blogdopilako.com.br\/wp\/wp-content\/uploads\/O-TEMPO-VOA-Fachada-principal-do-Col\u00e9gio-Nossa-Senhora-da-Gra\u00e7a-dirigido-pelas-Damas-da-Instru\u00e7\u00e3o-Crist\u00e3.-Fundado-em-1929-HISTORIA-DA-VIT\u00d3RIA-DE-SANTO-ANT\u00c3O-3\u00ba-VOLUME-1843-1982-pag-85.jpg\" data-button=\"none\">\n\t\t\t\t\t<img src=\"\/\/www.linksalpha.com\/images\/social_share_button.png\" alt=\"Share\" class=\"linksalpha_image\" \/>\n\t\t\t\t\t<\/a><script type=\"text\/javascript\" src=\"\/\/www.linksalpha.com\/scripts\/loader_iconbox.js?v=2.4\"><\/script><\/span><\/div>","protected":false},"excerpt":{"rendered":"\n\t\t\t\t<div class=\"mr_social_sharing_wrapper\">\n\t\t\t\t<!-- Social Sharing Toolkit v2.2 --><span class=\"mr_social_sharing_top\"><span style=\"display: inline-block; width: 55px; height: 62px; overflow: hidden;\"><div class=\"fb-like\" data-href=\"https:\/\/www.blogdopilako.com.br\/wp\/2015\/10\/16\/o-tempo-voa-colegio-nossa-senhora-das-gracas-3\/\" data-send=\"false\" data-layout=\"box_count\" data-width=\"55\" data-show-faces=\"false\"><\/div><\/span><\/span><span class=\"mr_social_sharing_top\"><fb:share-button type=\"box_count\" href=\"https:\/\/www.blogdopilako.com.br\/wp\/2015\/10\/16\/o-tempo-voa-colegio-nossa-senhora-das-gracas-3\/\"><\/fb:share-button><\/span><span class=\"mr_social_sharing\"><a rel=\"nofollow\" class=\"linksalpha_button linksalpha_link\" href=\"\/\/www.linksalpha.com\/social\/mobile\" data-url=\"https:\/\/www.blogdopilako.com.br\/wp\/2015\/10\/16\/o-tempo-voa-colegio-nossa-senhora-das-gracas-3\/\" data-text=\"O Tempo Voa: Col\u00e9gio Nossa Senhora das Gra\u00e7as\" data-desc=\"Fachada principal do Col\u00e9gio Nossa Senhora da Gra\u00e7a, dirigido pelas Damas da Instru\u00e7\u00e3o Crist\u00e3. Fundado em 1929 - FOTO: HISTORIA DA VIT\u00d3RIA DE SANTO ANT\u00c3O- 3\u00ba VOLUME (1843 - 1982) pag 85.\" data-image=\"\" data-button=\"none\">\n\t\t\t\t\t<img src=\"\/\/www.linksalpha.com\/images\/social_share_button.png\" alt=\"Share\" class=\"linksalpha_image\" \/>\n\t\t\t\t\t<\/a><script type=\"text\/javascript\" src=\"\/\/www.linksalpha.com\/scripts\/loader_iconbox.js?v=2.4\"><\/script><\/span><\/div><p>Fachada principal do Col\u00e9gio Nossa Senhora da Gra\u00e7a, dirigido pelas Damas da Instru\u00e7\u00e3o Crist\u00e3. Fundado em 1929 &#8211; FOTO: HISTORIA DA VIT\u00d3RIA DE SANTO ANT\u00c3O- 3\u00ba VOLUME (1843 &#8211; 1982) pag 85.<\/p>\n\n\t\t\t\t<div class=\"mr_social_sharing_wrapper\">\n\t\t\t\t<!-- Social Sharing Toolkit v2.2 --><span class=\"mr_social_sharing_top\"><span style=\"display: inline-block; width: 55px; height: 62px; overflow: hidden;\"><div class=\"fb-like\" data-href=\"https:\/\/www.blogdopilako.com.br\/wp\/2015\/10\/16\/o-tempo-voa-colegio-nossa-senhora-das-gracas-3\/\" data-send=\"false\" data-layout=\"box_count\" data-width=\"55\" data-show-faces=\"false\"><\/div><\/span><\/span><span class=\"mr_social_sharing_top\"><fb:share-button type=\"box_count\" href=\"https:\/\/www.blogdopilako.com.br\/wp\/2015\/10\/16\/o-tempo-voa-colegio-nossa-senhora-das-gracas-3\/\"><\/fb:share-button><\/span><span class=\"mr_social_sharing\"><a rel=\"nofollow\" class=\"linksalpha_button linksalpha_link\" href=\"\/\/www.linksalpha.com\/social\/mobile\" data-url=\"https:\/\/www.blogdopilako.com.br\/wp\/2015\/10\/16\/o-tempo-voa-colegio-nossa-senhora-das-gracas-3\/\" data-text=\"O Tempo Voa: Col\u00e9gio Nossa Senhora das Gra\u00e7as\" data-desc=\"Fachada principal do Col\u00e9gio Nossa Senhora da Gra\u00e7a, dirigido pelas Damas da Instru\u00e7\u00e3o Crist\u00e3. Fundado em 1929 - FOTO: HISTORIA DA VIT\u00d3RIA DE SANTO ANT\u00c3O- 3\u00ba VOLUME (1843 - 1982) pag 85.\" data-image=\"\" data-button=\"none\">\n\t\t\t\t\t<img src=\"\/\/www.linksalpha.com\/images\/social_share_button.png\" alt=\"Share\" class=\"linksalpha_image\" \/>\n\t\t\t\t\t<\/a><script type=\"text\/javascript\" src=\"\/\/www.linksalpha.com\/scripts\/loader_iconbox.js?v=2.4\"><\/script><\/span><\/div>","protected":false},"author":1,"featured_media":0,"comment_status":"open","ping_status":"open","sticky":false,"template":"","format":"standard","meta":[],"categories":[23],"tags":[],"_links":{"self":[{"href":"https:\/\/www.blogdopilako.com.br\/wp\/wp-json\/wp\/v2\/posts\/81734"}],"collection":[{"href":"https:\/\/www.blogdopilako.com.br\/wp\/wp-json\/wp\/v2\/posts"}],"about":[{"href":"https:\/\/www.blogdopilako.com.br\/wp\/wp-json\/wp\/v2\/types\/post"}],"author":[{"embeddable":true,"href":"https:\/\/www.blogdopilako.com.br\/wp\/wp-json\/wp\/v2\/users\/1"}],"replies":[{"embeddable":true,"href":"https:\/\/www.blogdopilako.com.br\/wp\/wp-json\/wp\/v2\/comments?post=81734"}],"version-history":[{"count":1,"href":"https:\/\/www.blogdopilako.com.br\/wp\/wp-json\/wp\/v2\/posts\/81734\/revisions"}],"predecessor-version":[{"id":81735,"href":"https:\/\/www.blogdopilako.com.br\/wp\/wp-json\/wp\/v2\/posts\/81734\/revisions\/81735"}],"wp:attachment":[{"href":"https:\/\/www.blogdopilako.com.br\/wp\/wp-json\/wp\/v2\/media?parent=81734"}],"wp:term":[{"taxonomy":"category","embeddable":true,"href":"https:\/\/www.blogdopilako.com.br\/wp\/wp-json\/wp\/v2\/categories?post=81734"},{"taxonomy":"post_tag","embeddable":true,"href":"https:\/\/www.blogdopilako.com.br\/wp\/wp-json\/wp\/v2\/tags?post=81734"}],"curies":[{"name":"wp","href":"https:\/\/api.w.org\/{rel}","templated":true}]}}