{"id":81681,"date":"2015-10-15T11:00:40","date_gmt":"2015-10-15T14:00:40","guid":{"rendered":"http:\/\/www.blogdopilako.com.br\/wp\/?p=81681"},"modified":"2015-10-14T16:29:36","modified_gmt":"2015-10-14T19:29:36","slug":"momento-grau-tecnico-vitoria-104","status":"publish","type":"post","link":"https:\/\/www.blogdopilako.com.br\/wp\/2015\/10\/15\/momento-grau-tecnico-vitoria-104\/","title":{"rendered":"Momento Grau T\u00e9cnico Vit\u00f3ria"},"content":{"rendered":"\n\t\t\t\t<div class=\"mr_social_sharing_wrapper\">\n\t\t\t\t<!-- Social Sharing Toolkit v2.2 --><span class=\"mr_social_sharing_top\"><span style=\"display: inline-block; width: 55px; height: 62px; overflow: hidden;\"><div class=\"fb-like\" data-href=\"https:\/\/www.blogdopilako.com.br\/wp\/2015\/10\/15\/momento-grau-tecnico-vitoria-104\/\" data-send=\"false\" data-layout=\"box_count\" data-width=\"55\" data-show-faces=\"false\"><\/div><\/span><\/span><span class=\"mr_social_sharing_top\"><fb:share-button type=\"box_count\" href=\"https:\/\/www.blogdopilako.com.br\/wp\/2015\/10\/15\/momento-grau-tecnico-vitoria-104\/\"><\/fb:share-button><\/span><span class=\"mr_social_sharing\"><a rel=\"nofollow\" class=\"linksalpha_button linksalpha_link\" href=\"\/\/www.linksalpha.com\/social\/mobile\" data-url=\"https:\/\/www.blogdopilako.com.br\/wp\/2015\/10\/15\/momento-grau-tecnico-vitoria-104\/\" data-text=\"Momento Grau T\u00e9cnico Vit\u00f3ria\" data-desc=\"PODE! A partir do terceiro ano do ensino m\u00e9dio, o aluno j\u00e1 pode iniciar o curso no Grau T\u00e9cnico. \u00c9 importante lembrar que, para concluir o curso, \u00e9 necess\u00e1rio apresentar o certificado de conclus\u00e3o do ensino m\u00e9dio. SERVI\u00c7O Grau T\u00e9cnico Vit\u00f3ria Rua Henrique de Holanda, 1210 - Centro\" data-image=\"http:\/\/www.blogdopilako.com.br\/wp\/wp-content\/uploads\/12002374_906850472696175_5446719136501057452_o.png\" data-button=\"none\">\n\t\t\t\t\t<img src=\"\/\/www.linksalpha.com\/images\/social_share_button.png\" alt=\"Share\" class=\"linksalpha_image\" \/>\n\t\t\t\t\t<\/a><script type=\"text\/javascript\" src=\"\/\/www.linksalpha.com\/scripts\/loader_iconbox.js?v=2.4\"><\/script><\/span><\/div><p style=\"text-align: justify;\"><a href=\"http:\/\/www.blogdopilako.com.br\/wp\/wp-content\/uploads\/12002374_906850472696175_5446719136501057452_o.png\"><img loading=\"lazy\" class=\"aligncenter size-full wp-image-80435\" src=\"http:\/\/www.blogdopilako.com.br\/wp\/wp-content\/uploads\/12002374_906850472696175_5446719136501057452_o.png\" alt=\"12002374_906850472696175_5446719136501057452_o\" width=\"1038\" height=\"1038\" \/><\/a>PODE! A partir do terceiro ano do ensino m\u00e9dio, o aluno j\u00e1 pode iniciar o curso no Grau T\u00e9cnico. \u00c9 importante lembrar que, para concluir o curso, \u00e9 necess\u00e1rio apresentar o certificado de conclus\u00e3o do ensino m\u00e9dio.<\/p>\n<p style=\"text-align: justify;\"><strong>SERVI\u00c7O<\/strong><br \/>\n<strong>Grau T\u00e9cnico Vit\u00f3ria<\/strong><br \/>\nRua Henrique de Holanda, 1210 &#8211; Centro<br \/>\nVit\u00f3ria de Santo Ant\u00e3o (Antiga BR232).<br \/>\nTEL: (81) 3526.4099<\/p>\n\n\t\t\t\t<div class=\"mr_social_sharing_wrapper\">\n\t\t\t\t<!-- Social Sharing Toolkit v2.2 --><span class=\"mr_social_sharing_top\"><span style=\"display: inline-block; width: 55px; height: 62px; overflow: hidden;\"><div class=\"fb-like\" data-href=\"https:\/\/www.blogdopilako.com.br\/wp\/2015\/10\/15\/momento-grau-tecnico-vitoria-104\/\" data-send=\"false\" data-layout=\"box_count\" data-width=\"55\" data-show-faces=\"false\"><\/div><\/span><\/span><span class=\"mr_social_sharing_top\"><fb:share-button type=\"box_count\" href=\"https:\/\/www.blogdopilako.com.br\/wp\/2015\/10\/15\/momento-grau-tecnico-vitoria-104\/\"><\/fb:share-button><\/span><span class=\"mr_social_sharing\"><a rel=\"nofollow\" class=\"linksalpha_button linksalpha_link\" href=\"\/\/www.linksalpha.com\/social\/mobile\" data-url=\"https:\/\/www.blogdopilako.com.br\/wp\/2015\/10\/15\/momento-grau-tecnico-vitoria-104\/\" data-text=\"Momento Grau T\u00e9cnico Vit\u00f3ria\" data-desc=\"PODE! A partir do terceiro ano do ensino m\u00e9dio, o aluno j\u00e1 pode iniciar o curso no Grau T\u00e9cnico. \u00c9 importante lembrar que, para concluir o curso, \u00e9 necess\u00e1rio apresentar o certificado de conclus\u00e3o do ensino m\u00e9dio. SERVI\u00c7O Grau T\u00e9cnico Vit\u00f3ria Rua Henrique de Holanda, 1210 - Centro\" data-image=\"http:\/\/www.blogdopilako.com.br\/wp\/wp-content\/uploads\/12002374_906850472696175_5446719136501057452_o.png\" data-button=\"none\">\n\t\t\t\t\t<img src=\"\/\/www.linksalpha.com\/images\/social_share_button.png\" alt=\"Share\" class=\"linksalpha_image\" \/>\n\t\t\t\t\t<\/a><script type=\"text\/javascript\" src=\"\/\/www.linksalpha.com\/scripts\/loader_iconbox.js?v=2.4\"><\/script><\/span><\/div>","protected":false},"excerpt":{"rendered":"\n\t\t\t\t<div class=\"mr_social_sharing_wrapper\">\n\t\t\t\t<!-- Social Sharing Toolkit v2.2 --><span class=\"mr_social_sharing_top\"><span style=\"display: inline-block; width: 55px; height: 62px; overflow: hidden;\"><div class=\"fb-like\" data-href=\"https:\/\/www.blogdopilako.com.br\/wp\/2015\/10\/15\/momento-grau-tecnico-vitoria-104\/\" data-send=\"false\" data-layout=\"box_count\" data-width=\"55\" data-show-faces=\"false\"><\/div><\/span><\/span><span class=\"mr_social_sharing_top\"><fb:share-button type=\"box_count\" href=\"https:\/\/www.blogdopilako.com.br\/wp\/2015\/10\/15\/momento-grau-tecnico-vitoria-104\/\"><\/fb:share-button><\/span><span class=\"mr_social_sharing\"><a rel=\"nofollow\" class=\"linksalpha_button linksalpha_link\" href=\"\/\/www.linksalpha.com\/social\/mobile\" data-url=\"https:\/\/www.blogdopilako.com.br\/wp\/2015\/10\/15\/momento-grau-tecnico-vitoria-104\/\" data-text=\"Momento Grau T\u00e9cnico Vit\u00f3ria\" data-desc=\"PODE! A partir do terceiro ano do ensino m\u00e9dio, o aluno j\u00e1 pode iniciar o curso no Grau T\u00e9cnico. \u00c9 importante lembrar que, para concluir o curso, \u00e9 necess\u00e1rio apresentar o certificado de conclus\u00e3o do ensino m\u00e9dio. SERVI\u00c7O Grau T\u00e9cnico Vit\u00f3ria Rua Henrique de Holanda, 1210 - Centro\" data-image=\"\" data-button=\"none\">\n\t\t\t\t\t<img src=\"\/\/www.linksalpha.com\/images\/social_share_button.png\" alt=\"Share\" class=\"linksalpha_image\" \/>\n\t\t\t\t\t<\/a><script type=\"text\/javascript\" src=\"\/\/www.linksalpha.com\/scripts\/loader_iconbox.js?v=2.4\"><\/script><\/span><\/div><p>PODE! A partir do terceiro ano do ensino m\u00e9dio, o aluno j\u00e1 pode iniciar o curso no Grau T\u00e9cnico. \u00c9 importante lembrar que, para concluir o curso, \u00e9 necess\u00e1rio apresentar o certificado de conclus\u00e3o do ensino m\u00e9dio. SERVI\u00c7O Grau T\u00e9cnico &hellip; <a href=\"https:\/\/www.blogdopilako.com.br\/wp\/2015\/10\/15\/momento-grau-tecnico-vitoria-104\/\">Continue lendo <span class=\"meta-nav\">&rarr;<\/span><\/a><\/p>\n\n\t\t\t\t<div class=\"mr_social_sharing_wrapper\">\n\t\t\t\t<!-- Social Sharing Toolkit v2.2 --><span class=\"mr_social_sharing_top\"><span style=\"display: inline-block; width: 55px; height: 62px; overflow: hidden;\"><div class=\"fb-like\" data-href=\"https:\/\/www.blogdopilako.com.br\/wp\/2015\/10\/15\/momento-grau-tecnico-vitoria-104\/\" data-send=\"false\" data-layout=\"box_count\" data-width=\"55\" data-show-faces=\"false\"><\/div><\/span><\/span><span class=\"mr_social_sharing_top\"><fb:share-button type=\"box_count\" href=\"https:\/\/www.blogdopilako.com.br\/wp\/2015\/10\/15\/momento-grau-tecnico-vitoria-104\/\"><\/fb:share-button><\/span><span class=\"mr_social_sharing\"><a rel=\"nofollow\" class=\"linksalpha_button linksalpha_link\" href=\"\/\/www.linksalpha.com\/social\/mobile\" data-url=\"https:\/\/www.blogdopilako.com.br\/wp\/2015\/10\/15\/momento-grau-tecnico-vitoria-104\/\" data-text=\"Momento Grau T\u00e9cnico Vit\u00f3ria\" data-desc=\"PODE! A partir do terceiro ano do ensino m\u00e9dio, o aluno j\u00e1 pode iniciar o curso no Grau T\u00e9cnico. \u00c9 importante lembrar que, para concluir o curso, \u00e9 necess\u00e1rio apresentar o certificado de conclus\u00e3o do ensino m\u00e9dio. SERVI\u00c7O Grau T\u00e9cnico Vit\u00f3ria Rua Henrique de Holanda, 1210 - Centro\" data-image=\"\" data-button=\"none\">\n\t\t\t\t\t<img src=\"\/\/www.linksalpha.com\/images\/social_share_button.png\" alt=\"Share\" class=\"linksalpha_image\" \/>\n\t\t\t\t\t<\/a><script type=\"text\/javascript\" src=\"\/\/www.linksalpha.com\/scripts\/loader_iconbox.js?v=2.4\"><\/script><\/span><\/div>","protected":false},"author":1,"featured_media":0,"comment_status":"open","ping_status":"open","sticky":false,"template":"","format":"standard","meta":[],"categories":[120],"tags":[],"_links":{"self":[{"href":"https:\/\/www.blogdopilako.com.br\/wp\/wp-json\/wp\/v2\/posts\/81681"}],"collection":[{"href":"https:\/\/www.blogdopilako.com.br\/wp\/wp-json\/wp\/v2\/posts"}],"about":[{"href":"https:\/\/www.blogdopilako.com.br\/wp\/wp-json\/wp\/v2\/types\/post"}],"author":[{"embeddable":true,"href":"https:\/\/www.blogdopilako.com.br\/wp\/wp-json\/wp\/v2\/users\/1"}],"replies":[{"embeddable":true,"href":"https:\/\/www.blogdopilako.com.br\/wp\/wp-json\/wp\/v2\/comments?post=81681"}],"version-history":[{"count":1,"href":"https:\/\/www.blogdopilako.com.br\/wp\/wp-json\/wp\/v2\/posts\/81681\/revisions"}],"predecessor-version":[{"id":81684,"href":"https:\/\/www.blogdopilako.com.br\/wp\/wp-json\/wp\/v2\/posts\/81681\/revisions\/81684"}],"wp:attachment":[{"href":"https:\/\/www.blogdopilako.com.br\/wp\/wp-json\/wp\/v2\/media?parent=81681"}],"wp:term":[{"taxonomy":"category","embeddable":true,"href":"https:\/\/www.blogdopilako.com.br\/wp\/wp-json\/wp\/v2\/categories?post=81681"},{"taxonomy":"post_tag","embeddable":true,"href":"https:\/\/www.blogdopilako.com.br\/wp\/wp-json\/wp\/v2\/tags?post=81681"}],"curies":[{"name":"wp","href":"https:\/\/api.w.org\/{rel}","templated":true}]}}