{"id":81452,"date":"2015-10-08T15:41:49","date_gmt":"2015-10-08T18:41:49","guid":{"rendered":"http:\/\/www.blogdopilako.com.br\/wp\/?p=81452"},"modified":"2015-10-08T15:41:49","modified_gmt":"2015-10-08T18:41:49","slug":"momento-vitoria-park-shopping-rm-construtora-inicia-obra-da-caixa-economica-federal","status":"publish","type":"post","link":"https:\/\/www.blogdopilako.com.br\/wp\/2015\/10\/08\/momento-vitoria-park-shopping-rm-construtora-inicia-obra-da-caixa-economica-federal\/","title":{"rendered":"Momento Vit\u00f3ria Park Shopping: RM Construtora inicia obra da Caixa Econ\u00f4mica Federal."},"content":{"rendered":"\n\t\t\t\t<div class=\"mr_social_sharing_wrapper\">\n\t\t\t\t<!-- Social Sharing Toolkit v2.2 --><span class=\"mr_social_sharing_top\"><span style=\"display: inline-block; width: 55px; height: 62px; overflow: hidden;\"><div class=\"fb-like\" data-href=\"https:\/\/www.blogdopilako.com.br\/wp\/2015\/10\/08\/momento-vitoria-park-shopping-rm-construtora-inicia-obra-da-caixa-economica-federal\/\" data-send=\"false\" data-layout=\"box_count\" data-width=\"55\" data-show-faces=\"false\"><\/div><\/span><\/span><span class=\"mr_social_sharing_top\"><fb:share-button type=\"box_count\" href=\"https:\/\/www.blogdopilako.com.br\/wp\/2015\/10\/08\/momento-vitoria-park-shopping-rm-construtora-inicia-obra-da-caixa-economica-federal\/\"><\/fb:share-button><\/span><span class=\"mr_social_sharing\"><a rel=\"nofollow\" class=\"linksalpha_button linksalpha_link\" href=\"\/\/www.linksalpha.com\/social\/mobile\" data-url=\"https:\/\/www.blogdopilako.com.br\/wp\/2015\/10\/08\/momento-vitoria-park-shopping-rm-construtora-inicia-obra-da-caixa-economica-federal\/\" data-text=\"Momento Vit\u00f3ria Park Shopping: RM Construtora inicia obra da Caixa Econ\u00f4mica Federal.\" data-desc=\"A convite da dire\u00e7\u00e3o do Vit\u00f3ria Park Shopping, estive, na tarde ontem (07), no local onde funcionar\u00e1 \u00a0a agencia da Caixa Econ\u00f4mica Federal, no Centro de Compras. As obras j\u00e1 come\u00e7aram e a previs\u00e3o para a conclus\u00e3o da mesma, conforme os engenheiros Marcelo Negri e Ricardo Mendon\u00e7a \u00a0\u00e9 de\" data-image=\"http:\/\/www.blogdopilako.com.br\/wp\/wp-content\/uploads\/IMG_2351.jpg\" data-button=\"none\">\n\t\t\t\t\t<img src=\"\/\/www.linksalpha.com\/images\/social_share_button.png\" alt=\"Share\" class=\"linksalpha_image\" \/>\n\t\t\t\t\t<\/a><script type=\"text\/javascript\" src=\"\/\/www.linksalpha.com\/scripts\/loader_iconbox.js?v=2.4\"><\/script><\/span><\/div><p style=\"text-align: justify;\"><a href=\"http:\/\/www.blogdopilako.com.br\/wp\/wp-content\/uploads\/IMG_2351.jpg\"><img loading=\"lazy\" class=\"aligncenter size-full wp-image-81491\" src=\"http:\/\/www.blogdopilako.com.br\/wp\/wp-content\/uploads\/IMG_2351.jpg\" alt=\"IMG_2351\" width=\"576\" height=\"432\" \/><\/a><br \/>\nA convite da dire\u00e7\u00e3o do <strong>Vit\u00f3ria Park Shopping<\/strong>, estive, na tarde ontem (07), no local onde funcionar\u00e1 \u00a0a agencia da Caixa Econ\u00f4mica Federal, no Centro de Compras. As obras j\u00e1 come\u00e7aram e a previs\u00e3o para a conclus\u00e3o da mesma, conforme os engenheiros Marcelo Negri e Ricardo Mendon\u00e7a \u00a0\u00e9 de 75\/90 dias.<\/p>\n<p style=\"text-align: justify;\">O espa\u00e7o reservado para a ag\u00eancia bancaria fica no piso superior, pr\u00f3ximo \u00e0s salas do \u00a0cinema. Portanto, fica a\u00ed \u00a0a expectativa de um atendimento com mais seguran\u00e7a e conforto para os clientes e usu\u00e1rios dos servi\u00e7os sociais, oferecidos pela CAIXA ECON\u00d4MICA FEDERAL, na nossa cidade.<\/p>\n<p><a href=\"http:\/\/www.blogdopilako.com.br\/wp\/wp-content\/uploads\/IMG_2344.jpg\"><img loading=\"lazy\" class=\"aligncenter size-full wp-image-81492\" src=\"http:\/\/www.blogdopilako.com.br\/wp\/wp-content\/uploads\/IMG_2344.jpg\" alt=\"IMG_2344\" width=\"552\" height=\"414\" \/><\/a><\/p>\n\n\t\t\t\t<div class=\"mr_social_sharing_wrapper\">\n\t\t\t\t<!-- Social Sharing Toolkit v2.2 --><span class=\"mr_social_sharing_top\"><span style=\"display: inline-block; width: 55px; height: 62px; overflow: hidden;\"><div class=\"fb-like\" data-href=\"https:\/\/www.blogdopilako.com.br\/wp\/2015\/10\/08\/momento-vitoria-park-shopping-rm-construtora-inicia-obra-da-caixa-economica-federal\/\" data-send=\"false\" data-layout=\"box_count\" data-width=\"55\" data-show-faces=\"false\"><\/div><\/span><\/span><span class=\"mr_social_sharing_top\"><fb:share-button type=\"box_count\" href=\"https:\/\/www.blogdopilako.com.br\/wp\/2015\/10\/08\/momento-vitoria-park-shopping-rm-construtora-inicia-obra-da-caixa-economica-federal\/\"><\/fb:share-button><\/span><span class=\"mr_social_sharing\"><a rel=\"nofollow\" class=\"linksalpha_button linksalpha_link\" href=\"\/\/www.linksalpha.com\/social\/mobile\" data-url=\"https:\/\/www.blogdopilako.com.br\/wp\/2015\/10\/08\/momento-vitoria-park-shopping-rm-construtora-inicia-obra-da-caixa-economica-federal\/\" data-text=\"Momento Vit\u00f3ria Park Shopping: RM Construtora inicia obra da Caixa Econ\u00f4mica Federal.\" data-desc=\"A convite da dire\u00e7\u00e3o do Vit\u00f3ria Park Shopping, estive, na tarde ontem (07), no local onde funcionar\u00e1 \u00a0a agencia da Caixa Econ\u00f4mica Federal, no Centro de Compras. As obras j\u00e1 come\u00e7aram e a previs\u00e3o para a conclus\u00e3o da mesma, conforme os engenheiros Marcelo Negri e Ricardo Mendon\u00e7a \u00a0\u00e9 de\" data-image=\"http:\/\/www.blogdopilako.com.br\/wp\/wp-content\/uploads\/IMG_2351.jpg\" data-button=\"none\">\n\t\t\t\t\t<img src=\"\/\/www.linksalpha.com\/images\/social_share_button.png\" alt=\"Share\" class=\"linksalpha_image\" \/>\n\t\t\t\t\t<\/a><script type=\"text\/javascript\" src=\"\/\/www.linksalpha.com\/scripts\/loader_iconbox.js?v=2.4\"><\/script><\/span><\/div>","protected":false},"excerpt":{"rendered":"\n\t\t\t\t<div class=\"mr_social_sharing_wrapper\">\n\t\t\t\t<!-- Social Sharing Toolkit v2.2 --><span class=\"mr_social_sharing_top\"><span style=\"display: inline-block; width: 55px; height: 62px; overflow: hidden;\"><div class=\"fb-like\" data-href=\"https:\/\/www.blogdopilako.com.br\/wp\/2015\/10\/08\/momento-vitoria-park-shopping-rm-construtora-inicia-obra-da-caixa-economica-federal\/\" data-send=\"false\" data-layout=\"box_count\" data-width=\"55\" data-show-faces=\"false\"><\/div><\/span><\/span><span class=\"mr_social_sharing_top\"><fb:share-button type=\"box_count\" href=\"https:\/\/www.blogdopilako.com.br\/wp\/2015\/10\/08\/momento-vitoria-park-shopping-rm-construtora-inicia-obra-da-caixa-economica-federal\/\"><\/fb:share-button><\/span><span class=\"mr_social_sharing\"><a rel=\"nofollow\" class=\"linksalpha_button linksalpha_link\" href=\"\/\/www.linksalpha.com\/social\/mobile\" data-url=\"https:\/\/www.blogdopilako.com.br\/wp\/2015\/10\/08\/momento-vitoria-park-shopping-rm-construtora-inicia-obra-da-caixa-economica-federal\/\" data-text=\"Momento Vit\u00f3ria Park Shopping: RM Construtora inicia obra da Caixa Econ\u00f4mica Federal.\" data-desc=\"A convite da dire\u00e7\u00e3o do Vit\u00f3ria Park Shopping, estive, na tarde ontem (07), no local onde funcionar\u00e1 \u00a0a agencia da Caixa Econ\u00f4mica Federal, no Centro de Compras. As obras j\u00e1 come\u00e7aram e a previs\u00e3o para a conclus\u00e3o da mesma, conforme os engenheiros Marcelo Negri e Ricardo Mendon\u00e7a \u00a0\u00e9 de\" data-image=\"\" data-button=\"none\">\n\t\t\t\t\t<img src=\"\/\/www.linksalpha.com\/images\/social_share_button.png\" alt=\"Share\" class=\"linksalpha_image\" \/>\n\t\t\t\t\t<\/a><script type=\"text\/javascript\" src=\"\/\/www.linksalpha.com\/scripts\/loader_iconbox.js?v=2.4\"><\/script><\/span><\/div><p>A convite da dire\u00e7\u00e3o do Vit\u00f3ria Park Shopping, estive, na tarde ontem (07), no local onde funcionar\u00e1 \u00a0a agencia da Caixa Econ\u00f4mica Federal, no Centro de Compras. As obras j\u00e1 come\u00e7aram e a previs\u00e3o para a conclus\u00e3o da mesma, conforme &hellip; <a href=\"https:\/\/www.blogdopilako.com.br\/wp\/2015\/10\/08\/momento-vitoria-park-shopping-rm-construtora-inicia-obra-da-caixa-economica-federal\/\">Continue lendo <span class=\"meta-nav\">&rarr;<\/span><\/a><\/p>\n\n\t\t\t\t<div class=\"mr_social_sharing_wrapper\">\n\t\t\t\t<!-- Social Sharing Toolkit v2.2 --><span class=\"mr_social_sharing_top\"><span style=\"display: inline-block; width: 55px; height: 62px; overflow: hidden;\"><div class=\"fb-like\" data-href=\"https:\/\/www.blogdopilako.com.br\/wp\/2015\/10\/08\/momento-vitoria-park-shopping-rm-construtora-inicia-obra-da-caixa-economica-federal\/\" data-send=\"false\" data-layout=\"box_count\" data-width=\"55\" data-show-faces=\"false\"><\/div><\/span><\/span><span class=\"mr_social_sharing_top\"><fb:share-button type=\"box_count\" href=\"https:\/\/www.blogdopilako.com.br\/wp\/2015\/10\/08\/momento-vitoria-park-shopping-rm-construtora-inicia-obra-da-caixa-economica-federal\/\"><\/fb:share-button><\/span><span class=\"mr_social_sharing\"><a rel=\"nofollow\" class=\"linksalpha_button linksalpha_link\" href=\"\/\/www.linksalpha.com\/social\/mobile\" data-url=\"https:\/\/www.blogdopilako.com.br\/wp\/2015\/10\/08\/momento-vitoria-park-shopping-rm-construtora-inicia-obra-da-caixa-economica-federal\/\" data-text=\"Momento Vit\u00f3ria Park Shopping: RM Construtora inicia obra da Caixa Econ\u00f4mica Federal.\" data-desc=\"A convite da dire\u00e7\u00e3o do Vit\u00f3ria Park Shopping, estive, na tarde ontem (07), no local onde funcionar\u00e1 \u00a0a agencia da Caixa Econ\u00f4mica Federal, no Centro de Compras. As obras j\u00e1 come\u00e7aram e a previs\u00e3o para a conclus\u00e3o da mesma, conforme os engenheiros Marcelo Negri e Ricardo Mendon\u00e7a \u00a0\u00e9 de\" data-image=\"\" data-button=\"none\">\n\t\t\t\t\t<img src=\"\/\/www.linksalpha.com\/images\/social_share_button.png\" alt=\"Share\" class=\"linksalpha_image\" \/>\n\t\t\t\t\t<\/a><script type=\"text\/javascript\" src=\"\/\/www.linksalpha.com\/scripts\/loader_iconbox.js?v=2.4\"><\/script><\/span><\/div>","protected":false},"author":4,"featured_media":0,"comment_status":"open","ping_status":"open","sticky":false,"template":"","format":"standard","meta":[],"categories":[120,22],"tags":[],"_links":{"self":[{"href":"https:\/\/www.blogdopilako.com.br\/wp\/wp-json\/wp\/v2\/posts\/81452"}],"collection":[{"href":"https:\/\/www.blogdopilako.com.br\/wp\/wp-json\/wp\/v2\/posts"}],"about":[{"href":"https:\/\/www.blogdopilako.com.br\/wp\/wp-json\/wp\/v2\/types\/post"}],"author":[{"embeddable":true,"href":"https:\/\/www.blogdopilako.com.br\/wp\/wp-json\/wp\/v2\/users\/4"}],"replies":[{"embeddable":true,"href":"https:\/\/www.blogdopilako.com.br\/wp\/wp-json\/wp\/v2\/comments?post=81452"}],"version-history":[{"count":4,"href":"https:\/\/www.blogdopilako.com.br\/wp\/wp-json\/wp\/v2\/posts\/81452\/revisions"}],"predecessor-version":[{"id":81494,"href":"https:\/\/www.blogdopilako.com.br\/wp\/wp-json\/wp\/v2\/posts\/81452\/revisions\/81494"}],"wp:attachment":[{"href":"https:\/\/www.blogdopilako.com.br\/wp\/wp-json\/wp\/v2\/media?parent=81452"}],"wp:term":[{"taxonomy":"category","embeddable":true,"href":"https:\/\/www.blogdopilako.com.br\/wp\/wp-json\/wp\/v2\/categories?post=81452"},{"taxonomy":"post_tag","embeddable":true,"href":"https:\/\/www.blogdopilako.com.br\/wp\/wp-json\/wp\/v2\/tags?post=81452"}],"curies":[{"name":"wp","href":"https:\/\/api.w.org\/{rel}","templated":true}]}}