{"id":81450,"date":"2015-10-08T14:59:49","date_gmt":"2015-10-08T17:59:49","guid":{"rendered":"http:\/\/www.blogdopilako.com.br\/wp\/?p=81450"},"modified":"2015-10-08T14:59:49","modified_gmt":"2015-10-08T17:59:49","slug":"a-peca-teatral-a-menina-que-buscava-o-sol-e-uma-boa-opcao-para-o-dia-das-criancas","status":"publish","type":"post","link":"https:\/\/www.blogdopilako.com.br\/wp\/2015\/10\/08\/a-peca-teatral-a-menina-que-buscava-o-sol-e-uma-boa-opcao-para-o-dia-das-criancas\/","title":{"rendered":"A pe\u00e7a teatral, &#8220;A Menina Que Buscava o Sol&#8221;, \u00e9 uma boa op\u00e7\u00e3o para o dia das crian\u00e7as."},"content":{"rendered":"\n\t\t\t\t<div class=\"mr_social_sharing_wrapper\">\n\t\t\t\t<!-- Social Sharing Toolkit v2.2 --><span class=\"mr_social_sharing_top\"><span style=\"display: inline-block; width: 55px; height: 62px; overflow: hidden;\"><div class=\"fb-like\" data-href=\"https:\/\/www.blogdopilako.com.br\/wp\/2015\/10\/08\/a-peca-teatral-a-menina-que-buscava-o-sol-e-uma-boa-opcao-para-o-dia-das-criancas\/\" data-send=\"false\" data-layout=\"box_count\" data-width=\"55\" data-show-faces=\"false\"><\/div><\/span><\/span><span class=\"mr_social_sharing_top\"><fb:share-button type=\"box_count\" href=\"https:\/\/www.blogdopilako.com.br\/wp\/2015\/10\/08\/a-peca-teatral-a-menina-que-buscava-o-sol-e-uma-boa-opcao-para-o-dia-das-criancas\/\"><\/fb:share-button><\/span><span class=\"mr_social_sharing\"><a rel=\"nofollow\" class=\"linksalpha_button linksalpha_link\" href=\"\/\/www.linksalpha.com\/social\/mobile\" data-url=\"https:\/\/www.blogdopilako.com.br\/wp\/2015\/10\/08\/a-peca-teatral-a-menina-que-buscava-o-sol-e-uma-boa-opcao-para-o-dia-das-criancas\/\" data-text=\"A pe\u00e7a teatral, \u201cA Menina Que Buscava o Sol\u201d, \u00e9 uma boa op\u00e7\u00e3o para o dia das crian\u00e7as.\" data-desc=\"Ol\u00e1 Pilako. Estou te enviando o material de divulga\u00e7\u00e3o do meu espet\u00e1culo. Se voc\u00ea puder d\u00e1 uma for\u00e7a e divulgar no seu Blog, \u00a0eu ficaria grato. \u00a0O espet\u00e1culo acontece na segunda feira\u00a0 - 12 de Outubro - as 16 horas, no Teatro \u00a0SILOGEU, em comemora\u00e7\u00e3o ao dia das crian\u00e7as. O\" data-image=\"http:\/\/www.blogdopilako.com.br\/wp\/wp-content\/uploads\/foto70.jpg\" data-button=\"none\">\n\t\t\t\t\t<img src=\"\/\/www.linksalpha.com\/images\/social_share_button.png\" alt=\"Share\" class=\"linksalpha_image\" \/>\n\t\t\t\t\t<\/a><script type=\"text\/javascript\" src=\"\/\/www.linksalpha.com\/scripts\/loader_iconbox.js?v=2.4\"><\/script><\/span><\/div><p style=\"text-align: justify;\"><a href=\"http:\/\/www.blogdopilako.com.br\/wp\/wp-content\/uploads\/foto70.jpg\"><img loading=\"lazy\" class=\"aligncenter  wp-image-81475\" src=\"http:\/\/www.blogdopilako.com.br\/wp\/wp-content\/uploads\/foto70.jpg\" alt=\"foto\" width=\"507\" height=\"310\" \/><\/a><\/p>\n<p style=\"text-align: justify;\">Ol\u00e1 Pilako.<\/p>\n<p style=\"text-align: justify;\">Estou te enviando o material de divulga\u00e7\u00e3o do meu espet\u00e1culo. Se voc\u00ea puder d\u00e1 uma for\u00e7a e divulgar no seu Blog, \u00a0eu ficaria grato. \u00a0O espet\u00e1culo acontece na segunda feira\u00a0 &#8211; 12 de Outubro &#8211; as 16 horas, no Teatro \u00a0SILOGEU, em comemora\u00e7\u00e3o ao dia das crian\u00e7as.<\/p>\n<p style=\"text-align: justify;\">O espet\u00e1culo \u00e9 de autoria de Maria Helena K\u00fchner, \u00a0dirigido por Wedson Garcia e Thamiris Mendes. O espet\u00e1culo \u00e9 encenado e produzido pelo N\u00facleo de pesquisa c\u00eanica de Pernambuco. Os ingressos custam R$ 10,00 e est\u00e3o sendo vendido, \u00a0antecipadamente na farm\u00e1cia Nossa Senhora de F\u00e1tima. Desde j\u00e1 muito obrigado.<br \/>\nWedson Garcia.<\/p>\n<p style=\"text-align: justify;\">&#8220;Longa \u00e9 a arte, t\u00e3o breve a vida!&#8221;<\/p>\n\n\t\t\t\t<div class=\"mr_social_sharing_wrapper\">\n\t\t\t\t<!-- Social Sharing Toolkit v2.2 --><span class=\"mr_social_sharing_top\"><span style=\"display: inline-block; width: 55px; height: 62px; overflow: hidden;\"><div class=\"fb-like\" data-href=\"https:\/\/www.blogdopilako.com.br\/wp\/2015\/10\/08\/a-peca-teatral-a-menina-que-buscava-o-sol-e-uma-boa-opcao-para-o-dia-das-criancas\/\" data-send=\"false\" data-layout=\"box_count\" data-width=\"55\" data-show-faces=\"false\"><\/div><\/span><\/span><span class=\"mr_social_sharing_top\"><fb:share-button type=\"box_count\" href=\"https:\/\/www.blogdopilako.com.br\/wp\/2015\/10\/08\/a-peca-teatral-a-menina-que-buscava-o-sol-e-uma-boa-opcao-para-o-dia-das-criancas\/\"><\/fb:share-button><\/span><span class=\"mr_social_sharing\"><a rel=\"nofollow\" class=\"linksalpha_button linksalpha_link\" href=\"\/\/www.linksalpha.com\/social\/mobile\" data-url=\"https:\/\/www.blogdopilako.com.br\/wp\/2015\/10\/08\/a-peca-teatral-a-menina-que-buscava-o-sol-e-uma-boa-opcao-para-o-dia-das-criancas\/\" data-text=\"A pe\u00e7a teatral, \u201cA Menina Que Buscava o Sol\u201d, \u00e9 uma boa op\u00e7\u00e3o para o dia das crian\u00e7as.\" data-desc=\"Ol\u00e1 Pilako. Estou te enviando o material de divulga\u00e7\u00e3o do meu espet\u00e1culo. Se voc\u00ea puder d\u00e1 uma for\u00e7a e divulgar no seu Blog, \u00a0eu ficaria grato. \u00a0O espet\u00e1culo acontece na segunda feira\u00a0 - 12 de Outubro - as 16 horas, no Teatro \u00a0SILOGEU, em comemora\u00e7\u00e3o ao dia das crian\u00e7as. O\" data-image=\"http:\/\/www.blogdopilako.com.br\/wp\/wp-content\/uploads\/foto70.jpg\" data-button=\"none\">\n\t\t\t\t\t<img src=\"\/\/www.linksalpha.com\/images\/social_share_button.png\" alt=\"Share\" class=\"linksalpha_image\" \/>\n\t\t\t\t\t<\/a><script type=\"text\/javascript\" src=\"\/\/www.linksalpha.com\/scripts\/loader_iconbox.js?v=2.4\"><\/script><\/span><\/div>","protected":false},"excerpt":{"rendered":"\n\t\t\t\t<div class=\"mr_social_sharing_wrapper\">\n\t\t\t\t<!-- Social Sharing Toolkit v2.2 --><span class=\"mr_social_sharing_top\"><span style=\"display: inline-block; width: 55px; height: 62px; overflow: hidden;\"><div class=\"fb-like\" data-href=\"https:\/\/www.blogdopilako.com.br\/wp\/2015\/10\/08\/a-peca-teatral-a-menina-que-buscava-o-sol-e-uma-boa-opcao-para-o-dia-das-criancas\/\" data-send=\"false\" data-layout=\"box_count\" data-width=\"55\" data-show-faces=\"false\"><\/div><\/span><\/span><span class=\"mr_social_sharing_top\"><fb:share-button type=\"box_count\" href=\"https:\/\/www.blogdopilako.com.br\/wp\/2015\/10\/08\/a-peca-teatral-a-menina-que-buscava-o-sol-e-uma-boa-opcao-para-o-dia-das-criancas\/\"><\/fb:share-button><\/span><span class=\"mr_social_sharing\"><a rel=\"nofollow\" class=\"linksalpha_button linksalpha_link\" href=\"\/\/www.linksalpha.com\/social\/mobile\" data-url=\"https:\/\/www.blogdopilako.com.br\/wp\/2015\/10\/08\/a-peca-teatral-a-menina-que-buscava-o-sol-e-uma-boa-opcao-para-o-dia-das-criancas\/\" data-text=\"A pe\u00e7a teatral, \u201cA Menina Que Buscava o Sol\u201d, \u00e9 uma boa op\u00e7\u00e3o para o dia das crian\u00e7as.\" data-desc=\"Ol\u00e1 Pilako. Estou te enviando o material de divulga\u00e7\u00e3o do meu espet\u00e1culo. Se voc\u00ea puder d\u00e1 uma for\u00e7a e divulgar no seu Blog, \u00a0eu ficaria grato. \u00a0O espet\u00e1culo acontece na segunda feira\u00a0 - 12 de Outubro - as 16 horas, no Teatro \u00a0SILOGEU, em comemora\u00e7\u00e3o ao dia das crian\u00e7as. O\" data-image=\"\" data-button=\"none\">\n\t\t\t\t\t<img src=\"\/\/www.linksalpha.com\/images\/social_share_button.png\" alt=\"Share\" class=\"linksalpha_image\" \/>\n\t\t\t\t\t<\/a><script type=\"text\/javascript\" src=\"\/\/www.linksalpha.com\/scripts\/loader_iconbox.js?v=2.4\"><\/script><\/span><\/div><p>Ol\u00e1 Pilako. Estou te enviando o material de divulga\u00e7\u00e3o do meu espet\u00e1culo. Se voc\u00ea puder d\u00e1 uma for\u00e7a e divulgar no seu Blog, \u00a0eu ficaria grato. \u00a0O espet\u00e1culo acontece na segunda feira\u00a0 &#8211; 12 de Outubro &#8211; as 16 horas, &hellip; <a href=\"https:\/\/www.blogdopilako.com.br\/wp\/2015\/10\/08\/a-peca-teatral-a-menina-que-buscava-o-sol-e-uma-boa-opcao-para-o-dia-das-criancas\/\">Continue lendo <span class=\"meta-nav\">&rarr;<\/span><\/a><\/p>\n\n\t\t\t\t<div class=\"mr_social_sharing_wrapper\">\n\t\t\t\t<!-- Social Sharing Toolkit v2.2 --><span class=\"mr_social_sharing_top\"><span style=\"display: inline-block; width: 55px; height: 62px; overflow: hidden;\"><div class=\"fb-like\" data-href=\"https:\/\/www.blogdopilako.com.br\/wp\/2015\/10\/08\/a-peca-teatral-a-menina-que-buscava-o-sol-e-uma-boa-opcao-para-o-dia-das-criancas\/\" data-send=\"false\" data-layout=\"box_count\" data-width=\"55\" data-show-faces=\"false\"><\/div><\/span><\/span><span class=\"mr_social_sharing_top\"><fb:share-button type=\"box_count\" href=\"https:\/\/www.blogdopilako.com.br\/wp\/2015\/10\/08\/a-peca-teatral-a-menina-que-buscava-o-sol-e-uma-boa-opcao-para-o-dia-das-criancas\/\"><\/fb:share-button><\/span><span class=\"mr_social_sharing\"><a rel=\"nofollow\" class=\"linksalpha_button linksalpha_link\" href=\"\/\/www.linksalpha.com\/social\/mobile\" data-url=\"https:\/\/www.blogdopilako.com.br\/wp\/2015\/10\/08\/a-peca-teatral-a-menina-que-buscava-o-sol-e-uma-boa-opcao-para-o-dia-das-criancas\/\" data-text=\"A pe\u00e7a teatral, \u201cA Menina Que Buscava o Sol\u201d, \u00e9 uma boa op\u00e7\u00e3o para o dia das crian\u00e7as.\" data-desc=\"Ol\u00e1 Pilako. Estou te enviando o material de divulga\u00e7\u00e3o do meu espet\u00e1culo. Se voc\u00ea puder d\u00e1 uma for\u00e7a e divulgar no seu Blog, \u00a0eu ficaria grato. \u00a0O espet\u00e1culo acontece na segunda feira\u00a0 - 12 de Outubro - as 16 horas, no Teatro \u00a0SILOGEU, em comemora\u00e7\u00e3o ao dia das crian\u00e7as. O\" data-image=\"\" data-button=\"none\">\n\t\t\t\t\t<img src=\"\/\/www.linksalpha.com\/images\/social_share_button.png\" alt=\"Share\" class=\"linksalpha_image\" \/>\n\t\t\t\t\t<\/a><script type=\"text\/javascript\" src=\"\/\/www.linksalpha.com\/scripts\/loader_iconbox.js?v=2.4\"><\/script><\/span><\/div>","protected":false},"author":4,"featured_media":0,"comment_status":"open","ping_status":"open","sticky":false,"template":"","format":"standard","meta":[],"categories":[22],"tags":[],"_links":{"self":[{"href":"https:\/\/www.blogdopilako.com.br\/wp\/wp-json\/wp\/v2\/posts\/81450"}],"collection":[{"href":"https:\/\/www.blogdopilako.com.br\/wp\/wp-json\/wp\/v2\/posts"}],"about":[{"href":"https:\/\/www.blogdopilako.com.br\/wp\/wp-json\/wp\/v2\/types\/post"}],"author":[{"embeddable":true,"href":"https:\/\/www.blogdopilako.com.br\/wp\/wp-json\/wp\/v2\/users\/4"}],"replies":[{"embeddable":true,"href":"https:\/\/www.blogdopilako.com.br\/wp\/wp-json\/wp\/v2\/comments?post=81450"}],"version-history":[{"count":3,"href":"https:\/\/www.blogdopilako.com.br\/wp\/wp-json\/wp\/v2\/posts\/81450\/revisions"}],"predecessor-version":[{"id":81477,"href":"https:\/\/www.blogdopilako.com.br\/wp\/wp-json\/wp\/v2\/posts\/81450\/revisions\/81477"}],"wp:attachment":[{"href":"https:\/\/www.blogdopilako.com.br\/wp\/wp-json\/wp\/v2\/media?parent=81450"}],"wp:term":[{"taxonomy":"category","embeddable":true,"href":"https:\/\/www.blogdopilako.com.br\/wp\/wp-json\/wp\/v2\/categories?post=81450"},{"taxonomy":"post_tag","embeddable":true,"href":"https:\/\/www.blogdopilako.com.br\/wp\/wp-json\/wp\/v2\/tags?post=81450"}],"curies":[{"name":"wp","href":"https:\/\/api.w.org\/{rel}","templated":true}]}}