{"id":78121,"date":"2015-07-24T14:42:06","date_gmt":"2015-07-24T17:42:06","guid":{"rendered":"http:\/\/www.blogdopilako.com.br\/wp\/?p=78121"},"modified":"2015-07-24T18:16:55","modified_gmt":"2015-07-24T21:16:55","slug":"jacare-nao-vale-danilo","status":"publish","type":"post","link":"https:\/\/www.blogdopilako.com.br\/wp\/2015\/07\/24\/jacare-nao-vale-danilo\/","title":{"rendered":"Jacar\u00e9 n\u00e3o vale Danilo&#8230;"},"content":{"rendered":"\n\t\t\t\t<div class=\"mr_social_sharing_wrapper\">\n\t\t\t\t<!-- Social Sharing Toolkit v2.2 --><span class=\"mr_social_sharing_top\"><span style=\"display: inline-block; width: 55px; height: 62px; overflow: hidden;\"><div class=\"fb-like\" data-href=\"https:\/\/www.blogdopilako.com.br\/wp\/2015\/07\/24\/jacare-nao-vale-danilo\/\" data-send=\"false\" data-layout=\"box_count\" data-width=\"55\" data-show-faces=\"false\"><\/div><\/span><\/span><span class=\"mr_social_sharing_top\"><fb:share-button type=\"box_count\" href=\"https:\/\/www.blogdopilako.com.br\/wp\/2015\/07\/24\/jacare-nao-vale-danilo\/\"><\/fb:share-button><\/span><span class=\"mr_social_sharing\"><a rel=\"nofollow\" class=\"linksalpha_button linksalpha_link\" href=\"\/\/www.linksalpha.com\/social\/mobile\" data-url=\"https:\/\/www.blogdopilako.com.br\/wp\/2015\/07\/24\/jacare-nao-vale-danilo\/\" data-text=\"Jacar\u00e9 n\u00e3o vale Danilo\u2026\" data-desc=\"Recebemos do internauta Danilo Freitas um registro fotogr\u00e1fico contendo a seguinte frase: \u201cAbre a jaula pilako, coisa nova na cidade emmm\u201d. Bem, neste caso, \u00a0vou contrariar o pedido do amigo Danilo Freitas e n\u00e3o vou abrir a \u201cjaula do Elias\u201d. Trata-se, como bem falou Danilo, de um caso\" data-image=\"http:\/\/blogdopilako.com.br\/envio\/fotos\/47959edb51fafff69d8fcacd25330098.jpg\" data-button=\"none\">\n\t\t\t\t\t<img src=\"\/\/www.linksalpha.com\/images\/social_share_button.png\" alt=\"Share\" class=\"linksalpha_image\" \/>\n\t\t\t\t\t<\/a><script type=\"text\/javascript\" src=\"\/\/www.linksalpha.com\/scripts\/loader_iconbox.js?v=2.4\"><\/script><\/span><\/div><p style=\"text-align: justify;\">Recebemos do internauta <strong>Danilo Freitas<\/strong> um registro fotogr\u00e1fico contendo a seguinte frase: \u201c<strong>Abre a jaula pilako, coisa nova na cidade emmm<\/strong>\u201d.<\/p>\n<p style=\"text-align: justify;\"><img loading=\"lazy\" class=\" aligncenter\" src=\"http:\/\/blogdopilako.com.br\/envio\/fotos\/47959edb51fafff69d8fcacd25330098.jpg\" alt=\"\" width=\"478\" height=\"457\" \/><\/p>\n<p style=\"text-align: justify;\">Bem, neste caso, \u00a0vou contrariar o pedido do amigo Danilo Freitas e n\u00e3o vou abrir a \u201cjaula do Elias\u201d. Trata-se, como bem falou Danilo, de um caso \u201cnovo\u201d e, convenhamos \u00a0fora dos padr\u00f5es. \u00a0Mas de qualquer forma agrade\u00e7o o esp\u00edrito cooperativo e faro o jornal\u00edstico do amigo Danilo Freitas.<\/p>\n\n\t\t\t\t<div class=\"mr_social_sharing_wrapper\">\n\t\t\t\t<!-- Social Sharing Toolkit v2.2 --><span class=\"mr_social_sharing_top\"><span style=\"display: inline-block; width: 55px; height: 62px; overflow: hidden;\"><div class=\"fb-like\" data-href=\"https:\/\/www.blogdopilako.com.br\/wp\/2015\/07\/24\/jacare-nao-vale-danilo\/\" data-send=\"false\" data-layout=\"box_count\" data-width=\"55\" data-show-faces=\"false\"><\/div><\/span><\/span><span class=\"mr_social_sharing_top\"><fb:share-button type=\"box_count\" href=\"https:\/\/www.blogdopilako.com.br\/wp\/2015\/07\/24\/jacare-nao-vale-danilo\/\"><\/fb:share-button><\/span><span class=\"mr_social_sharing\"><a rel=\"nofollow\" class=\"linksalpha_button linksalpha_link\" href=\"\/\/www.linksalpha.com\/social\/mobile\" data-url=\"https:\/\/www.blogdopilako.com.br\/wp\/2015\/07\/24\/jacare-nao-vale-danilo\/\" data-text=\"Jacar\u00e9 n\u00e3o vale Danilo\u2026\" data-desc=\"Recebemos do internauta Danilo Freitas um registro fotogr\u00e1fico contendo a seguinte frase: \u201cAbre a jaula pilako, coisa nova na cidade emmm\u201d. Bem, neste caso, \u00a0vou contrariar o pedido do amigo Danilo Freitas e n\u00e3o vou abrir a \u201cjaula do Elias\u201d. Trata-se, como bem falou Danilo, de um caso\" data-image=\"http:\/\/blogdopilako.com.br\/envio\/fotos\/47959edb51fafff69d8fcacd25330098.jpg\" data-button=\"none\">\n\t\t\t\t\t<img src=\"\/\/www.linksalpha.com\/images\/social_share_button.png\" alt=\"Share\" class=\"linksalpha_image\" \/>\n\t\t\t\t\t<\/a><script type=\"text\/javascript\" src=\"\/\/www.linksalpha.com\/scripts\/loader_iconbox.js?v=2.4\"><\/script><\/span><\/div>","protected":false},"excerpt":{"rendered":"\n\t\t\t\t<div class=\"mr_social_sharing_wrapper\">\n\t\t\t\t<!-- Social Sharing Toolkit v2.2 --><span class=\"mr_social_sharing_top\"><span style=\"display: inline-block; width: 55px; height: 62px; overflow: hidden;\"><div class=\"fb-like\" data-href=\"https:\/\/www.blogdopilako.com.br\/wp\/2015\/07\/24\/jacare-nao-vale-danilo\/\" data-send=\"false\" data-layout=\"box_count\" data-width=\"55\" data-show-faces=\"false\"><\/div><\/span><\/span><span class=\"mr_social_sharing_top\"><fb:share-button type=\"box_count\" href=\"https:\/\/www.blogdopilako.com.br\/wp\/2015\/07\/24\/jacare-nao-vale-danilo\/\"><\/fb:share-button><\/span><span class=\"mr_social_sharing\"><a rel=\"nofollow\" class=\"linksalpha_button linksalpha_link\" href=\"\/\/www.linksalpha.com\/social\/mobile\" data-url=\"https:\/\/www.blogdopilako.com.br\/wp\/2015\/07\/24\/jacare-nao-vale-danilo\/\" data-text=\"Jacar\u00e9 n\u00e3o vale Danilo\u2026\" data-desc=\"Recebemos do internauta Danilo Freitas um registro fotogr\u00e1fico contendo a seguinte frase: \u201cAbre a jaula pilako, coisa nova na cidade emmm\u201d. Bem, neste caso, \u00a0vou contrariar o pedido do amigo Danilo Freitas e n\u00e3o vou abrir a \u201cjaula do Elias\u201d. Trata-se, como bem falou Danilo, de um caso\" data-image=\"\" data-button=\"none\">\n\t\t\t\t\t<img src=\"\/\/www.linksalpha.com\/images\/social_share_button.png\" alt=\"Share\" class=\"linksalpha_image\" \/>\n\t\t\t\t\t<\/a><script type=\"text\/javascript\" src=\"\/\/www.linksalpha.com\/scripts\/loader_iconbox.js?v=2.4\"><\/script><\/span><\/div><p>Recebemos do internauta Danilo Freitas um registro fotogr\u00e1fico contendo a seguinte frase: \u201cAbre a jaula pilako, coisa nova na cidade emmm\u201d. Bem, neste caso, \u00a0vou contrariar o pedido do amigo Danilo Freitas e n\u00e3o vou abrir a \u201cjaula do Elias\u201d. &hellip; <a href=\"https:\/\/www.blogdopilako.com.br\/wp\/2015\/07\/24\/jacare-nao-vale-danilo\/\">Continue lendo <span class=\"meta-nav\">&rarr;<\/span><\/a><\/p>\n\n\t\t\t\t<div class=\"mr_social_sharing_wrapper\">\n\t\t\t\t<!-- Social Sharing Toolkit v2.2 --><span class=\"mr_social_sharing_top\"><span style=\"display: inline-block; width: 55px; height: 62px; overflow: hidden;\"><div class=\"fb-like\" data-href=\"https:\/\/www.blogdopilako.com.br\/wp\/2015\/07\/24\/jacare-nao-vale-danilo\/\" data-send=\"false\" data-layout=\"box_count\" data-width=\"55\" data-show-faces=\"false\"><\/div><\/span><\/span><span class=\"mr_social_sharing_top\"><fb:share-button type=\"box_count\" href=\"https:\/\/www.blogdopilako.com.br\/wp\/2015\/07\/24\/jacare-nao-vale-danilo\/\"><\/fb:share-button><\/span><span class=\"mr_social_sharing\"><a rel=\"nofollow\" class=\"linksalpha_button linksalpha_link\" href=\"\/\/www.linksalpha.com\/social\/mobile\" data-url=\"https:\/\/www.blogdopilako.com.br\/wp\/2015\/07\/24\/jacare-nao-vale-danilo\/\" data-text=\"Jacar\u00e9 n\u00e3o vale Danilo\u2026\" data-desc=\"Recebemos do internauta Danilo Freitas um registro fotogr\u00e1fico contendo a seguinte frase: \u201cAbre a jaula pilako, coisa nova na cidade emmm\u201d. Bem, neste caso, \u00a0vou contrariar o pedido do amigo Danilo Freitas e n\u00e3o vou abrir a \u201cjaula do Elias\u201d. Trata-se, como bem falou Danilo, de um caso\" data-image=\"\" data-button=\"none\">\n\t\t\t\t\t<img src=\"\/\/www.linksalpha.com\/images\/social_share_button.png\" alt=\"Share\" class=\"linksalpha_image\" \/>\n\t\t\t\t\t<\/a><script type=\"text\/javascript\" src=\"\/\/www.linksalpha.com\/scripts\/loader_iconbox.js?v=2.4\"><\/script><\/span><\/div>","protected":false},"author":4,"featured_media":0,"comment_status":"open","ping_status":"open","sticky":false,"template":"","format":"standard","meta":[],"categories":[21,22],"tags":[],"_links":{"self":[{"href":"https:\/\/www.blogdopilako.com.br\/wp\/wp-json\/wp\/v2\/posts\/78121"}],"collection":[{"href":"https:\/\/www.blogdopilako.com.br\/wp\/wp-json\/wp\/v2\/posts"}],"about":[{"href":"https:\/\/www.blogdopilako.com.br\/wp\/wp-json\/wp\/v2\/types\/post"}],"author":[{"embeddable":true,"href":"https:\/\/www.blogdopilako.com.br\/wp\/wp-json\/wp\/v2\/users\/4"}],"replies":[{"embeddable":true,"href":"https:\/\/www.blogdopilako.com.br\/wp\/wp-json\/wp\/v2\/comments?post=78121"}],"version-history":[{"count":5,"href":"https:\/\/www.blogdopilako.com.br\/wp\/wp-json\/wp\/v2\/posts\/78121\/revisions"}],"predecessor-version":[{"id":78153,"href":"https:\/\/www.blogdopilako.com.br\/wp\/wp-json\/wp\/v2\/posts\/78121\/revisions\/78153"}],"wp:attachment":[{"href":"https:\/\/www.blogdopilako.com.br\/wp\/wp-json\/wp\/v2\/media?parent=78121"}],"wp:term":[{"taxonomy":"category","embeddable":true,"href":"https:\/\/www.blogdopilako.com.br\/wp\/wp-json\/wp\/v2\/categories?post=78121"},{"taxonomy":"post_tag","embeddable":true,"href":"https:\/\/www.blogdopilako.com.br\/wp\/wp-json\/wp\/v2\/tags?post=78121"}],"curies":[{"name":"wp","href":"https:\/\/api.w.org\/{rel}","templated":true}]}}