{"id":78120,"date":"2015-07-24T14:00:29","date_gmt":"2015-07-24T17:00:29","guid":{"rendered":"http:\/\/www.blogdopilako.com.br\/wp\/?p=78120"},"modified":"2015-07-24T14:32:03","modified_gmt":"2015-07-24T17:32:03","slug":"o-tempo-voa-comemoracao-ao-dia-do-funcionario-2","status":"publish","type":"post","link":"https:\/\/www.blogdopilako.com.br\/wp\/2015\/07\/24\/o-tempo-voa-comemoracao-ao-dia-do-funcionario-2\/","title":{"rendered":"O Tempo Voa: Comemora\u00e7\u00e3o ao dia do Funcion\u00e1rio"},"content":{"rendered":"\n\t\t\t\t<div class=\"mr_social_sharing_wrapper\">\n\t\t\t\t<!-- Social Sharing Toolkit v2.2 --><span class=\"mr_social_sharing_top\"><span style=\"display: inline-block; width: 55px; height: 62px; overflow: hidden;\"><div class=\"fb-like\" data-href=\"https:\/\/www.blogdopilako.com.br\/wp\/2015\/07\/24\/o-tempo-voa-comemoracao-ao-dia-do-funcionario-2\/\" data-send=\"false\" data-layout=\"box_count\" data-width=\"55\" data-show-faces=\"false\"><\/div><\/span><\/span><span class=\"mr_social_sharing_top\"><fb:share-button type=\"box_count\" href=\"https:\/\/www.blogdopilako.com.br\/wp\/2015\/07\/24\/o-tempo-voa-comemoracao-ao-dia-do-funcionario-2\/\"><\/fb:share-button><\/span><span class=\"mr_social_sharing\"><a rel=\"nofollow\" class=\"linksalpha_button linksalpha_link\" href=\"\/\/www.linksalpha.com\/social\/mobile\" data-url=\"https:\/\/www.blogdopilako.com.br\/wp\/2015\/07\/24\/o-tempo-voa-comemoracao-ao-dia-do-funcionario-2\/\" data-text=\"O Tempo Voa: Comemora\u00e7\u00e3o ao dia do Funcion\u00e1rio\" data-desc=\"Foto registrada durante festividades de comemora\u00e7\u00e3o do dia do Funcion\u00e1rio - Na foto: Barreto, Wandin, Albino Santana, Z\u00e9 Deodoro e Jos\u00e9 Augusto Ferrer. D\u00e9cada de 1970.\" data-image=\"http:\/\/www.blogdopilako.com.br\/wp\/wp-content\/uploads\/O-TEMPO-VOA-28-10-FESTIVIDADE-COMEMORA\u00c7\u00c3O-DO-DIA-DO-FUNCIONARIO-BARRETO-WANDIN-DA...-ALBINO-SANTANA-Z\u00c9-DEODORO-E-JOSE-AUGUSTO-FERRER1.jpg\" data-button=\"none\">\n\t\t\t\t\t<img src=\"\/\/www.linksalpha.com\/images\/social_share_button.png\" alt=\"Share\" class=\"linksalpha_image\" \/>\n\t\t\t\t\t<\/a><script type=\"text\/javascript\" src=\"\/\/www.linksalpha.com\/scripts\/loader_iconbox.js?v=2.4\"><\/script><\/span><\/div><p><a href=\"http:\/\/www.blogdopilako.com.br\/wp\/wp-content\/uploads\/O-TEMPO-VOA-28-10-FESTIVIDADE-COMEMORA\u00c7\u00c3O-DO-DIA-DO-FUNCIONARIO-BARRETO-WANDIN-DA...-ALBINO-SANTANA-Z\u00c9-DEODORO-E-JOSE-AUGUSTO-FERRER1.jpg\"><img loading=\"lazy\" class=\"aligncenter size-full wp-image-15683\" title=\"O TEMPO VOA -28-10 FESTIVIDADE COMEMORA\u00c7\u00c3O DO DIA DO FUNCIONARIO - BARRETO, WANDIN DA... ALBINO SANTANA, Z\u00c9 DEODORO E JOSE AUGUSTO FERRER1\" src=\"http:\/\/www.blogdopilako.com.br\/wp\/wp-content\/uploads\/O-TEMPO-VOA-28-10-FESTIVIDADE-COMEMORA\u00c7\u00c3O-DO-DIA-DO-FUNCIONARIO-BARRETO-WANDIN-DA...-ALBINO-SANTANA-Z\u00c9-DEODORO-E-JOSE-AUGUSTO-FERRER1.jpg\" alt=\"\" width=\"572\" height=\"424\" \/><\/a>Foto registrada durante festividades de comemora\u00e7\u00e3o do dia do Funcion\u00e1rio &#8211; Na foto: Barreto, Wandin, Albino Santana, Z\u00e9 Deodoro e Jos\u00e9 Augusto Ferrer. D\u00e9cada de 1970.<\/p>\n\n\t\t\t\t<div class=\"mr_social_sharing_wrapper\">\n\t\t\t\t<!-- Social Sharing Toolkit v2.2 --><span class=\"mr_social_sharing_top\"><span style=\"display: inline-block; width: 55px; height: 62px; overflow: hidden;\"><div class=\"fb-like\" data-href=\"https:\/\/www.blogdopilako.com.br\/wp\/2015\/07\/24\/o-tempo-voa-comemoracao-ao-dia-do-funcionario-2\/\" data-send=\"false\" data-layout=\"box_count\" data-width=\"55\" data-show-faces=\"false\"><\/div><\/span><\/span><span class=\"mr_social_sharing_top\"><fb:share-button type=\"box_count\" href=\"https:\/\/www.blogdopilako.com.br\/wp\/2015\/07\/24\/o-tempo-voa-comemoracao-ao-dia-do-funcionario-2\/\"><\/fb:share-button><\/span><span class=\"mr_social_sharing\"><a rel=\"nofollow\" class=\"linksalpha_button linksalpha_link\" href=\"\/\/www.linksalpha.com\/social\/mobile\" data-url=\"https:\/\/www.blogdopilako.com.br\/wp\/2015\/07\/24\/o-tempo-voa-comemoracao-ao-dia-do-funcionario-2\/\" data-text=\"O Tempo Voa: Comemora\u00e7\u00e3o ao dia do Funcion\u00e1rio\" data-desc=\"Foto registrada durante festividades de comemora\u00e7\u00e3o do dia do Funcion\u00e1rio - Na foto: Barreto, Wandin, Albino Santana, Z\u00e9 Deodoro e Jos\u00e9 Augusto Ferrer. D\u00e9cada de 1970.\" data-image=\"http:\/\/www.blogdopilako.com.br\/wp\/wp-content\/uploads\/O-TEMPO-VOA-28-10-FESTIVIDADE-COMEMORA\u00c7\u00c3O-DO-DIA-DO-FUNCIONARIO-BARRETO-WANDIN-DA...-ALBINO-SANTANA-Z\u00c9-DEODORO-E-JOSE-AUGUSTO-FERRER1.jpg\" data-button=\"none\">\n\t\t\t\t\t<img src=\"\/\/www.linksalpha.com\/images\/social_share_button.png\" alt=\"Share\" class=\"linksalpha_image\" \/>\n\t\t\t\t\t<\/a><script type=\"text\/javascript\" src=\"\/\/www.linksalpha.com\/scripts\/loader_iconbox.js?v=2.4\"><\/script><\/span><\/div>","protected":false},"excerpt":{"rendered":"\n\t\t\t\t<div class=\"mr_social_sharing_wrapper\">\n\t\t\t\t<!-- Social Sharing Toolkit v2.2 --><span class=\"mr_social_sharing_top\"><span style=\"display: inline-block; width: 55px; height: 62px; overflow: hidden;\"><div class=\"fb-like\" data-href=\"https:\/\/www.blogdopilako.com.br\/wp\/2015\/07\/24\/o-tempo-voa-comemoracao-ao-dia-do-funcionario-2\/\" data-send=\"false\" data-layout=\"box_count\" data-width=\"55\" data-show-faces=\"false\"><\/div><\/span><\/span><span class=\"mr_social_sharing_top\"><fb:share-button type=\"box_count\" href=\"https:\/\/www.blogdopilako.com.br\/wp\/2015\/07\/24\/o-tempo-voa-comemoracao-ao-dia-do-funcionario-2\/\"><\/fb:share-button><\/span><span class=\"mr_social_sharing\"><a rel=\"nofollow\" class=\"linksalpha_button linksalpha_link\" href=\"\/\/www.linksalpha.com\/social\/mobile\" data-url=\"https:\/\/www.blogdopilako.com.br\/wp\/2015\/07\/24\/o-tempo-voa-comemoracao-ao-dia-do-funcionario-2\/\" data-text=\"O Tempo Voa: Comemora\u00e7\u00e3o ao dia do Funcion\u00e1rio\" data-desc=\"Foto registrada durante festividades de comemora\u00e7\u00e3o do dia do Funcion\u00e1rio - Na foto: Barreto, Wandin, Albino Santana, Z\u00e9 Deodoro e Jos\u00e9 Augusto Ferrer. D\u00e9cada de 1970.\" data-image=\"\" data-button=\"none\">\n\t\t\t\t\t<img src=\"\/\/www.linksalpha.com\/images\/social_share_button.png\" alt=\"Share\" class=\"linksalpha_image\" \/>\n\t\t\t\t\t<\/a><script type=\"text\/javascript\" src=\"\/\/www.linksalpha.com\/scripts\/loader_iconbox.js?v=2.4\"><\/script><\/span><\/div><p>Foto registrada durante festividades de comemora\u00e7\u00e3o do dia do Funcion\u00e1rio &#8211; Na foto: Barreto, Wandin, Albino Santana, Z\u00e9 Deodoro e Jos\u00e9 Augusto Ferrer. D\u00e9cada de 1970.<\/p>\n\n\t\t\t\t<div class=\"mr_social_sharing_wrapper\">\n\t\t\t\t<!-- Social Sharing Toolkit v2.2 --><span class=\"mr_social_sharing_top\"><span style=\"display: inline-block; width: 55px; height: 62px; overflow: hidden;\"><div class=\"fb-like\" data-href=\"https:\/\/www.blogdopilako.com.br\/wp\/2015\/07\/24\/o-tempo-voa-comemoracao-ao-dia-do-funcionario-2\/\" data-send=\"false\" data-layout=\"box_count\" data-width=\"55\" data-show-faces=\"false\"><\/div><\/span><\/span><span class=\"mr_social_sharing_top\"><fb:share-button type=\"box_count\" href=\"https:\/\/www.blogdopilako.com.br\/wp\/2015\/07\/24\/o-tempo-voa-comemoracao-ao-dia-do-funcionario-2\/\"><\/fb:share-button><\/span><span class=\"mr_social_sharing\"><a rel=\"nofollow\" class=\"linksalpha_button linksalpha_link\" href=\"\/\/www.linksalpha.com\/social\/mobile\" data-url=\"https:\/\/www.blogdopilako.com.br\/wp\/2015\/07\/24\/o-tempo-voa-comemoracao-ao-dia-do-funcionario-2\/\" data-text=\"O Tempo Voa: Comemora\u00e7\u00e3o ao dia do Funcion\u00e1rio\" data-desc=\"Foto registrada durante festividades de comemora\u00e7\u00e3o do dia do Funcion\u00e1rio - Na foto: Barreto, Wandin, Albino Santana, Z\u00e9 Deodoro e Jos\u00e9 Augusto Ferrer. D\u00e9cada de 1970.\" data-image=\"\" data-button=\"none\">\n\t\t\t\t\t<img src=\"\/\/www.linksalpha.com\/images\/social_share_button.png\" alt=\"Share\" class=\"linksalpha_image\" \/>\n\t\t\t\t\t<\/a><script type=\"text\/javascript\" src=\"\/\/www.linksalpha.com\/scripts\/loader_iconbox.js?v=2.4\"><\/script><\/span><\/div>","protected":false},"author":1,"featured_media":0,"comment_status":"open","ping_status":"open","sticky":false,"template":"","format":"standard","meta":[],"categories":[23],"tags":[],"_links":{"self":[{"href":"https:\/\/www.blogdopilako.com.br\/wp\/wp-json\/wp\/v2\/posts\/78120"}],"collection":[{"href":"https:\/\/www.blogdopilako.com.br\/wp\/wp-json\/wp\/v2\/posts"}],"about":[{"href":"https:\/\/www.blogdopilako.com.br\/wp\/wp-json\/wp\/v2\/types\/post"}],"author":[{"embeddable":true,"href":"https:\/\/www.blogdopilako.com.br\/wp\/wp-json\/wp\/v2\/users\/1"}],"replies":[{"embeddable":true,"href":"https:\/\/www.blogdopilako.com.br\/wp\/wp-json\/wp\/v2\/comments?post=78120"}],"version-history":[{"count":2,"href":"https:\/\/www.blogdopilako.com.br\/wp\/wp-json\/wp\/v2\/posts\/78120\/revisions"}],"predecessor-version":[{"id":78136,"href":"https:\/\/www.blogdopilako.com.br\/wp\/wp-json\/wp\/v2\/posts\/78120\/revisions\/78136"}],"wp:attachment":[{"href":"https:\/\/www.blogdopilako.com.br\/wp\/wp-json\/wp\/v2\/media?parent=78120"}],"wp:term":[{"taxonomy":"category","embeddable":true,"href":"https:\/\/www.blogdopilako.com.br\/wp\/wp-json\/wp\/v2\/categories?post=78120"},{"taxonomy":"post_tag","embeddable":true,"href":"https:\/\/www.blogdopilako.com.br\/wp\/wp-json\/wp\/v2\/tags?post=78120"}],"curies":[{"name":"wp","href":"https:\/\/api.w.org\/{rel}","templated":true}]}}