{"id":76355,"date":"2015-06-01T11:40:49","date_gmt":"2015-06-01T14:40:49","guid":{"rendered":"http:\/\/www.blogdopilako.com.br\/wp\/?p=76355"},"modified":"2015-06-01T11:40:49","modified_gmt":"2015-06-01T14:40:49","slug":"vanildo-de-pombos-26","status":"publish","type":"post","link":"https:\/\/www.blogdopilako.com.br\/wp\/2015\/06\/01\/vanildo-de-pombos-26\/","title":{"rendered":"Vanildo de Pombos"},"content":{"rendered":"\n\t\t\t\t<div class=\"mr_social_sharing_wrapper\">\n\t\t\t\t<!-- Social Sharing Toolkit v2.2 --><span class=\"mr_social_sharing_top\"><span style=\"display: inline-block; width: 55px; height: 62px; overflow: hidden;\"><div class=\"fb-like\" data-href=\"https:\/\/www.blogdopilako.com.br\/wp\/2015\/06\/01\/vanildo-de-pombos-26\/\" data-send=\"false\" data-layout=\"box_count\" data-width=\"55\" data-show-faces=\"false\"><\/div><\/span><\/span><span class=\"mr_social_sharing_top\"><fb:share-button type=\"box_count\" href=\"https:\/\/www.blogdopilako.com.br\/wp\/2015\/06\/01\/vanildo-de-pombos-26\/\"><\/fb:share-button><\/span><span class=\"mr_social_sharing\"><a rel=\"nofollow\" class=\"linksalpha_button linksalpha_link\" href=\"\/\/www.linksalpha.com\/social\/mobile\" data-url=\"https:\/\/www.blogdopilako.com.br\/wp\/2015\/06\/01\/vanildo-de-pombos-26\/\" data-text=\"Vanildo de Pombos\" data-desc=\"A inesquec\u00edvel interpreta\u00e7\u00e3o e a saudade da voz marcante de\u00a0VANILDO DE POMBOS, cantando a m\u00fasica\u00a0Vaquejada da Vit\u00f3ria, composta por\u00a0Samuka Voice,\u00a0Benedito de Cachoeirinha\u00a0e\u00a0Aldenisio Tavares. Aldenisio Tavares\" data-image=\"http:\/\/www.blogdopilako.com.br\/wp\/wp-content\/uploads\/vanildodepombos-capafrente.jpg\" data-button=\"none\">\n\t\t\t\t\t<img src=\"\/\/www.linksalpha.com\/images\/social_share_button.png\" alt=\"Share\" class=\"linksalpha_image\" \/>\n\t\t\t\t\t<\/a><script type=\"text\/javascript\" src=\"\/\/www.linksalpha.com\/scripts\/loader_iconbox.js?v=2.4\"><\/script><\/span><\/div><p><a href=\"http:\/\/www.blogdopilako.com.br\/wp\/wp-content\/uploads\/vanildodepombos-capafrente.jpg\"><img loading=\"lazy\" class=\"aligncenter\" title=\"vanildodepombos-capafrente\" src=\"http:\/\/www.blogdopilako.com.br\/wp\/wp-content\/uploads\/vanildodepombos-capafrente.jpg\" alt=\"\" width=\"394\" height=\"408\" \/><\/a><\/p>\n<p>A inesquec\u00edvel interpreta\u00e7\u00e3o e a saudade da voz marcante de\u00a0<strong>VANILDO DE POMBOS<\/strong>, cantando a m\u00fasica\u00a0<strong>Vaquejada da Vit\u00f3ria<\/strong>, composta por\u00a0<strong>Samuka Voice<\/strong>,\u00a0<strong>Benedito de Cachoeirinha<\/strong>\u00a0e\u00a0<strong>Aldenisio Tavares<\/strong>.<\/p>\n<p><strong>[wpaudio url=&#8221;http:\/\/www.blogdopilako.com.br\/wp\/wp-content\/uploads\/vanildodepombos-vaquejada-de-vitoria.mp3&#8243; text=&#8221;Vaquejada da Vit\u00f3ria &#8211; Vanildo de Pombos&#8221; dl=&#8221;http:\/\/www.blogdopilako.com.br\/wp\/wp-content\/uploads\/vanildodepombos-vaquejada-de-vitoria.mp3&#8243;]<\/strong><\/p>\n<p><strong>Aldenisio Tavares<\/strong><\/p>\n\n\t\t\t\t<div class=\"mr_social_sharing_wrapper\">\n\t\t\t\t<!-- Social Sharing Toolkit v2.2 --><span class=\"mr_social_sharing_top\"><span style=\"display: inline-block; width: 55px; height: 62px; overflow: hidden;\"><div class=\"fb-like\" data-href=\"https:\/\/www.blogdopilako.com.br\/wp\/2015\/06\/01\/vanildo-de-pombos-26\/\" data-send=\"false\" data-layout=\"box_count\" data-width=\"55\" data-show-faces=\"false\"><\/div><\/span><\/span><span class=\"mr_social_sharing_top\"><fb:share-button type=\"box_count\" href=\"https:\/\/www.blogdopilako.com.br\/wp\/2015\/06\/01\/vanildo-de-pombos-26\/\"><\/fb:share-button><\/span><span class=\"mr_social_sharing\"><a rel=\"nofollow\" class=\"linksalpha_button linksalpha_link\" href=\"\/\/www.linksalpha.com\/social\/mobile\" data-url=\"https:\/\/www.blogdopilako.com.br\/wp\/2015\/06\/01\/vanildo-de-pombos-26\/\" data-text=\"Vanildo de Pombos\" data-desc=\"A inesquec\u00edvel interpreta\u00e7\u00e3o e a saudade da voz marcante de\u00a0VANILDO DE POMBOS, cantando a m\u00fasica\u00a0Vaquejada da Vit\u00f3ria, composta por\u00a0Samuka Voice,\u00a0Benedito de Cachoeirinha\u00a0e\u00a0Aldenisio Tavares. Aldenisio Tavares\" data-image=\"http:\/\/www.blogdopilako.com.br\/wp\/wp-content\/uploads\/vanildodepombos-capafrente.jpg\" data-button=\"none\">\n\t\t\t\t\t<img src=\"\/\/www.linksalpha.com\/images\/social_share_button.png\" alt=\"Share\" class=\"linksalpha_image\" \/>\n\t\t\t\t\t<\/a><script type=\"text\/javascript\" src=\"\/\/www.linksalpha.com\/scripts\/loader_iconbox.js?v=2.4\"><\/script><\/span><\/div>","protected":false},"excerpt":{"rendered":"\n\t\t\t\t<div class=\"mr_social_sharing_wrapper\">\n\t\t\t\t<!-- Social Sharing Toolkit v2.2 --><span class=\"mr_social_sharing_top\"><span style=\"display: inline-block; width: 55px; height: 62px; overflow: hidden;\"><div class=\"fb-like\" data-href=\"https:\/\/www.blogdopilako.com.br\/wp\/2015\/06\/01\/vanildo-de-pombos-26\/\" data-send=\"false\" data-layout=\"box_count\" data-width=\"55\" data-show-faces=\"false\"><\/div><\/span><\/span><span class=\"mr_social_sharing_top\"><fb:share-button type=\"box_count\" href=\"https:\/\/www.blogdopilako.com.br\/wp\/2015\/06\/01\/vanildo-de-pombos-26\/\"><\/fb:share-button><\/span><span class=\"mr_social_sharing\"><a rel=\"nofollow\" class=\"linksalpha_button linksalpha_link\" href=\"\/\/www.linksalpha.com\/social\/mobile\" data-url=\"https:\/\/www.blogdopilako.com.br\/wp\/2015\/06\/01\/vanildo-de-pombos-26\/\" data-text=\"Vanildo de Pombos\" data-desc=\"A inesquec\u00edvel interpreta\u00e7\u00e3o e a saudade da voz marcante de\u00a0VANILDO DE POMBOS, cantando a m\u00fasica\u00a0Vaquejada da Vit\u00f3ria, composta por\u00a0Samuka Voice,\u00a0Benedito de Cachoeirinha\u00a0e\u00a0Aldenisio Tavares. Aldenisio Tavares\" data-image=\"\" data-button=\"none\">\n\t\t\t\t\t<img src=\"\/\/www.linksalpha.com\/images\/social_share_button.png\" alt=\"Share\" class=\"linksalpha_image\" \/>\n\t\t\t\t\t<\/a><script type=\"text\/javascript\" src=\"\/\/www.linksalpha.com\/scripts\/loader_iconbox.js?v=2.4\"><\/script><\/span><\/div><p>A inesquec\u00edvel interpreta\u00e7\u00e3o e a saudade da voz marcante de\u00a0VANILDO DE POMBOS, cantando a m\u00fasica\u00a0Vaquejada da Vit\u00f3ria, composta por\u00a0Samuka Voice,\u00a0Benedito de Cachoeirinha\u00a0e\u00a0Aldenisio Tavares. [wpaudio url=&#8221;http:\/\/www.blogdopilako.com.br\/wp\/wp-content\/uploads\/vanildodepombos-vaquejada-de-vitoria.mp3&#8243; text=&#8221;Vaquejada da Vit\u00f3ria &#8211; Vanildo de Pombos&#8221; dl=&#8221;http:\/\/www.blogdopilako.com.br\/wp\/wp-content\/uploads\/vanildodepombos-vaquejada-de-vitoria.mp3&#8243;] Aldenisio Tavares<\/p>\n\n\t\t\t\t<div class=\"mr_social_sharing_wrapper\">\n\t\t\t\t<!-- Social Sharing Toolkit v2.2 --><span class=\"mr_social_sharing_top\"><span style=\"display: inline-block; width: 55px; height: 62px; overflow: hidden;\"><div class=\"fb-like\" data-href=\"https:\/\/www.blogdopilako.com.br\/wp\/2015\/06\/01\/vanildo-de-pombos-26\/\" data-send=\"false\" data-layout=\"box_count\" data-width=\"55\" data-show-faces=\"false\"><\/div><\/span><\/span><span class=\"mr_social_sharing_top\"><fb:share-button type=\"box_count\" href=\"https:\/\/www.blogdopilako.com.br\/wp\/2015\/06\/01\/vanildo-de-pombos-26\/\"><\/fb:share-button><\/span><span class=\"mr_social_sharing\"><a rel=\"nofollow\" class=\"linksalpha_button linksalpha_link\" href=\"\/\/www.linksalpha.com\/social\/mobile\" data-url=\"https:\/\/www.blogdopilako.com.br\/wp\/2015\/06\/01\/vanildo-de-pombos-26\/\" data-text=\"Vanildo de Pombos\" data-desc=\"A inesquec\u00edvel interpreta\u00e7\u00e3o e a saudade da voz marcante de\u00a0VANILDO DE POMBOS, cantando a m\u00fasica\u00a0Vaquejada da Vit\u00f3ria, composta por\u00a0Samuka Voice,\u00a0Benedito de Cachoeirinha\u00a0e\u00a0Aldenisio Tavares. Aldenisio Tavares\" data-image=\"\" data-button=\"none\">\n\t\t\t\t\t<img src=\"\/\/www.linksalpha.com\/images\/social_share_button.png\" alt=\"Share\" class=\"linksalpha_image\" \/>\n\t\t\t\t\t<\/a><script type=\"text\/javascript\" src=\"\/\/www.linksalpha.com\/scripts\/loader_iconbox.js?v=2.4\"><\/script><\/span><\/div>","protected":false},"author":1,"featured_media":0,"comment_status":"open","ping_status":"open","sticky":false,"template":"","format":"standard","meta":[],"categories":[17],"tags":[],"_links":{"self":[{"href":"https:\/\/www.blogdopilako.com.br\/wp\/wp-json\/wp\/v2\/posts\/76355"}],"collection":[{"href":"https:\/\/www.blogdopilako.com.br\/wp\/wp-json\/wp\/v2\/posts"}],"about":[{"href":"https:\/\/www.blogdopilako.com.br\/wp\/wp-json\/wp\/v2\/types\/post"}],"author":[{"embeddable":true,"href":"https:\/\/www.blogdopilako.com.br\/wp\/wp-json\/wp\/v2\/users\/1"}],"replies":[{"embeddable":true,"href":"https:\/\/www.blogdopilako.com.br\/wp\/wp-json\/wp\/v2\/comments?post=76355"}],"version-history":[{"count":1,"href":"https:\/\/www.blogdopilako.com.br\/wp\/wp-json\/wp\/v2\/posts\/76355\/revisions"}],"predecessor-version":[{"id":76356,"href":"https:\/\/www.blogdopilako.com.br\/wp\/wp-json\/wp\/v2\/posts\/76355\/revisions\/76356"}],"wp:attachment":[{"href":"https:\/\/www.blogdopilako.com.br\/wp\/wp-json\/wp\/v2\/media?parent=76355"}],"wp:term":[{"taxonomy":"category","embeddable":true,"href":"https:\/\/www.blogdopilako.com.br\/wp\/wp-json\/wp\/v2\/categories?post=76355"},{"taxonomy":"post_tag","embeddable":true,"href":"https:\/\/www.blogdopilako.com.br\/wp\/wp-json\/wp\/v2\/tags?post=76355"}],"curies":[{"name":"wp","href":"https:\/\/api.w.org\/{rel}","templated":true}]}}