{"id":76353,"date":"2015-06-01T15:28:15","date_gmt":"2015-06-01T18:28:15","guid":{"rendered":"http:\/\/www.blogdopilako.com.br\/wp\/?p=76353"},"modified":"2015-06-01T16:27:08","modified_gmt":"2015-06-01T19:27:08","slug":"monsenhor-mauricio-diniz-e-empossado","status":"publish","type":"post","link":"https:\/\/www.blogdopilako.com.br\/wp\/2015\/06\/01\/monsenhor-mauricio-diniz-e-empossado\/","title":{"rendered":"Monsenhor Maur\u00edcio Diniz foi empossado."},"content":{"rendered":"\n\t\t\t\t<div class=\"mr_social_sharing_wrapper\">\n\t\t\t\t<!-- Social Sharing Toolkit v2.2 --><span class=\"mr_social_sharing_top\"><span style=\"display: inline-block; width: 55px; height: 62px; overflow: hidden;\"><div class=\"fb-like\" data-href=\"https:\/\/www.blogdopilako.com.br\/wp\/2015\/06\/01\/monsenhor-mauricio-diniz-e-empossado\/\" data-send=\"false\" data-layout=\"box_count\" data-width=\"55\" data-show-faces=\"false\"><\/div><\/span><\/span><span class=\"mr_social_sharing_top\"><fb:share-button type=\"box_count\" href=\"https:\/\/www.blogdopilako.com.br\/wp\/2015\/06\/01\/monsenhor-mauricio-diniz-e-empossado\/\"><\/fb:share-button><\/span><span class=\"mr_social_sharing\"><a rel=\"nofollow\" class=\"linksalpha_button linksalpha_link\" href=\"\/\/www.linksalpha.com\/social\/mobile\" data-url=\"https:\/\/www.blogdopilako.com.br\/wp\/2015\/06\/01\/monsenhor-mauricio-diniz-e-empossado\/\" data-text=\"Monsenhor Maur\u00edcio Diniz foi empossado.\" data-desc=\"Na noite do domingo (31) tomou posse como P\u00e1roco na Matriz de Santo Ant\u00e3o, \u00a0o Monsenhor Maur\u00edcio Diniz. O evento religioso congregou um bom numero de cat\u00f3licos \u00a0e foi conduzido pelo Arcebispo de Olinda e Recife, Dom Fernando Saburido. Fies da vizinha cidade do Moreno, antiga Par\u00f3quia do\" data-image=\"http:\/\/www.blogdopilako.com.br\/wp\/wp-content\/uploads\/saburido.jpg\" data-button=\"none\">\n\t\t\t\t\t<img src=\"\/\/www.linksalpha.com\/images\/social_share_button.png\" alt=\"Share\" class=\"linksalpha_image\" \/>\n\t\t\t\t\t<\/a><script type=\"text\/javascript\" src=\"\/\/www.linksalpha.com\/scripts\/loader_iconbox.js?v=2.4\"><\/script><\/span><\/div><p style=\"text-align: justify;\">Na noite do domingo (31) tomou posse como P\u00e1roco na Matriz de Santo Ant\u00e3o, \u00a0o <strong>Monsenhor Maur\u00edcio Diniz<\/strong>. O evento religioso congregou um bom numero de cat\u00f3licos \u00a0e foi conduzido pelo Arcebispo de Olinda e Recife, Dom Fernando Saburido.<\/p>\n<p style=\"text-align: justify;\"><a href=\"http:\/\/www.blogdopilako.com.br\/wp\/wp-content\/uploads\/saburido.jpg\"><img loading=\"lazy\" class=\"aligncenter size-full wp-image-76394\" src=\"http:\/\/www.blogdopilako.com.br\/wp\/wp-content\/uploads\/saburido.jpg\" alt=\"saburido\" width=\"592\" height=\"385\" \/><\/a><\/p>\n<p style=\"text-align: justify;\">Fies da vizinha cidade do Moreno, antiga Par\u00f3quia do <strong>Monsenhor Maur\u00edcio Diniz<\/strong>, marcaram presen\u00e7a para prestigiar a celebra\u00e7\u00e3o religiosa. Com a Igreja lotada os religiosos foram recebidos com c\u00e2nticos e palmas. Veja o v\u00eddeo:<\/p>\n<p style=\"text-align: justify;\"><iframe loading=\"lazy\" src=\"https:\/\/www.youtube.com\/embed\/HFeqhdQ-FCw\" width=\"600\" height=\"338\" frameborder=\"0\" allowfullscreen=\"allowfullscreen\"><\/iframe><\/p>\n<p style=\"text-align: justify;\">O novo padre chega para substituir o respeitado Padre Renato, falecido v\u00edtima de uma c\u00e2ncer, que dedicou mais de cinquenta anos da sua vida \u00e0 Vit\u00f3ria de Santo Ant\u00e3o e, em particular, \u00e0 Igreja Matriz de Santo Ant\u00e3o. Portanto, nossa cidade, muito particularmente a comunidade cat\u00f3lica, come\u00e7ar\u00e1 a viver uma nova din\u00e2mica na Matriz de Santo Ant\u00e3o.<\/p>\n<p style=\"text-align: justify;\"><a href=\"http:\/\/www.blogdopilako.com.br\/wp\/wp-content\/uploads\/Scan00022.jpg\"><img loading=\"lazy\" class=\"aligncenter size-full wp-image-76395\" src=\"http:\/\/www.blogdopilako.com.br\/wp\/wp-content\/uploads\/Scan00022.jpg\" alt=\"Scan0002\" width=\"519\" height=\"522\" \/><\/a><\/p>\n\n\t\t\t\t<div class=\"mr_social_sharing_wrapper\">\n\t\t\t\t<!-- Social Sharing Toolkit v2.2 --><span class=\"mr_social_sharing_top\"><span style=\"display: inline-block; width: 55px; height: 62px; overflow: hidden;\"><div class=\"fb-like\" data-href=\"https:\/\/www.blogdopilako.com.br\/wp\/2015\/06\/01\/monsenhor-mauricio-diniz-e-empossado\/\" data-send=\"false\" data-layout=\"box_count\" data-width=\"55\" data-show-faces=\"false\"><\/div><\/span><\/span><span class=\"mr_social_sharing_top\"><fb:share-button type=\"box_count\" href=\"https:\/\/www.blogdopilako.com.br\/wp\/2015\/06\/01\/monsenhor-mauricio-diniz-e-empossado\/\"><\/fb:share-button><\/span><span class=\"mr_social_sharing\"><a rel=\"nofollow\" class=\"linksalpha_button linksalpha_link\" href=\"\/\/www.linksalpha.com\/social\/mobile\" data-url=\"https:\/\/www.blogdopilako.com.br\/wp\/2015\/06\/01\/monsenhor-mauricio-diniz-e-empossado\/\" data-text=\"Monsenhor Maur\u00edcio Diniz foi empossado.\" data-desc=\"Na noite do domingo (31) tomou posse como P\u00e1roco na Matriz de Santo Ant\u00e3o, \u00a0o Monsenhor Maur\u00edcio Diniz. O evento religioso congregou um bom numero de cat\u00f3licos \u00a0e foi conduzido pelo Arcebispo de Olinda e Recife, Dom Fernando Saburido. Fies da vizinha cidade do Moreno, antiga Par\u00f3quia do\" data-image=\"http:\/\/www.blogdopilako.com.br\/wp\/wp-content\/uploads\/saburido.jpg\" data-button=\"none\">\n\t\t\t\t\t<img src=\"\/\/www.linksalpha.com\/images\/social_share_button.png\" alt=\"Share\" class=\"linksalpha_image\" \/>\n\t\t\t\t\t<\/a><script type=\"text\/javascript\" src=\"\/\/www.linksalpha.com\/scripts\/loader_iconbox.js?v=2.4\"><\/script><\/span><\/div>","protected":false},"excerpt":{"rendered":"\n\t\t\t\t<div class=\"mr_social_sharing_wrapper\">\n\t\t\t\t<!-- Social Sharing Toolkit v2.2 --><span class=\"mr_social_sharing_top\"><span style=\"display: inline-block; width: 55px; height: 62px; overflow: hidden;\"><div class=\"fb-like\" data-href=\"https:\/\/www.blogdopilako.com.br\/wp\/2015\/06\/01\/monsenhor-mauricio-diniz-e-empossado\/\" data-send=\"false\" data-layout=\"box_count\" data-width=\"55\" data-show-faces=\"false\"><\/div><\/span><\/span><span class=\"mr_social_sharing_top\"><fb:share-button type=\"box_count\" href=\"https:\/\/www.blogdopilako.com.br\/wp\/2015\/06\/01\/monsenhor-mauricio-diniz-e-empossado\/\"><\/fb:share-button><\/span><span class=\"mr_social_sharing\"><a rel=\"nofollow\" class=\"linksalpha_button linksalpha_link\" href=\"\/\/www.linksalpha.com\/social\/mobile\" data-url=\"https:\/\/www.blogdopilako.com.br\/wp\/2015\/06\/01\/monsenhor-mauricio-diniz-e-empossado\/\" data-text=\"Monsenhor Maur\u00edcio Diniz foi empossado.\" data-desc=\"Na noite do domingo (31) tomou posse como P\u00e1roco na Matriz de Santo Ant\u00e3o, \u00a0o Monsenhor Maur\u00edcio Diniz. O evento religioso congregou um bom numero de cat\u00f3licos \u00a0e foi conduzido pelo Arcebispo de Olinda e Recife, Dom Fernando Saburido. Fies da vizinha cidade do Moreno, antiga Par\u00f3quia do\" data-image=\"\" data-button=\"none\">\n\t\t\t\t\t<img src=\"\/\/www.linksalpha.com\/images\/social_share_button.png\" alt=\"Share\" class=\"linksalpha_image\" \/>\n\t\t\t\t\t<\/a><script type=\"text\/javascript\" src=\"\/\/www.linksalpha.com\/scripts\/loader_iconbox.js?v=2.4\"><\/script><\/span><\/div><p>Na noite do domingo (31) tomou posse como P\u00e1roco na Matriz de Santo Ant\u00e3o, \u00a0o Monsenhor Maur\u00edcio Diniz. O evento religioso congregou um bom numero de cat\u00f3licos \u00a0e foi conduzido pelo Arcebispo de Olinda e Recife, Dom Fernando Saburido. Fies &hellip; <a href=\"https:\/\/www.blogdopilako.com.br\/wp\/2015\/06\/01\/monsenhor-mauricio-diniz-e-empossado\/\">Continue lendo <span class=\"meta-nav\">&rarr;<\/span><\/a><\/p>\n\n\t\t\t\t<div class=\"mr_social_sharing_wrapper\">\n\t\t\t\t<!-- Social Sharing Toolkit v2.2 --><span class=\"mr_social_sharing_top\"><span style=\"display: inline-block; width: 55px; height: 62px; overflow: hidden;\"><div class=\"fb-like\" data-href=\"https:\/\/www.blogdopilako.com.br\/wp\/2015\/06\/01\/monsenhor-mauricio-diniz-e-empossado\/\" data-send=\"false\" data-layout=\"box_count\" data-width=\"55\" data-show-faces=\"false\"><\/div><\/span><\/span><span class=\"mr_social_sharing_top\"><fb:share-button type=\"box_count\" href=\"https:\/\/www.blogdopilako.com.br\/wp\/2015\/06\/01\/monsenhor-mauricio-diniz-e-empossado\/\"><\/fb:share-button><\/span><span class=\"mr_social_sharing\"><a rel=\"nofollow\" class=\"linksalpha_button linksalpha_link\" href=\"\/\/www.linksalpha.com\/social\/mobile\" data-url=\"https:\/\/www.blogdopilako.com.br\/wp\/2015\/06\/01\/monsenhor-mauricio-diniz-e-empossado\/\" data-text=\"Monsenhor Maur\u00edcio Diniz foi empossado.\" data-desc=\"Na noite do domingo (31) tomou posse como P\u00e1roco na Matriz de Santo Ant\u00e3o, \u00a0o Monsenhor Maur\u00edcio Diniz. O evento religioso congregou um bom numero de cat\u00f3licos \u00a0e foi conduzido pelo Arcebispo de Olinda e Recife, Dom Fernando Saburido. Fies da vizinha cidade do Moreno, antiga Par\u00f3quia do\" data-image=\"\" data-button=\"none\">\n\t\t\t\t\t<img src=\"\/\/www.linksalpha.com\/images\/social_share_button.png\" alt=\"Share\" class=\"linksalpha_image\" \/>\n\t\t\t\t\t<\/a><script type=\"text\/javascript\" src=\"\/\/www.linksalpha.com\/scripts\/loader_iconbox.js?v=2.4\"><\/script><\/span><\/div>","protected":false},"author":4,"featured_media":0,"comment_status":"open","ping_status":"open","sticky":false,"template":"","format":"standard","meta":[],"categories":[22],"tags":[],"_links":{"self":[{"href":"https:\/\/www.blogdopilako.com.br\/wp\/wp-json\/wp\/v2\/posts\/76353"}],"collection":[{"href":"https:\/\/www.blogdopilako.com.br\/wp\/wp-json\/wp\/v2\/posts"}],"about":[{"href":"https:\/\/www.blogdopilako.com.br\/wp\/wp-json\/wp\/v2\/types\/post"}],"author":[{"embeddable":true,"href":"https:\/\/www.blogdopilako.com.br\/wp\/wp-json\/wp\/v2\/users\/4"}],"replies":[{"embeddable":true,"href":"https:\/\/www.blogdopilako.com.br\/wp\/wp-json\/wp\/v2\/comments?post=76353"}],"version-history":[{"count":4,"href":"https:\/\/www.blogdopilako.com.br\/wp\/wp-json\/wp\/v2\/posts\/76353\/revisions"}],"predecessor-version":[{"id":76407,"href":"https:\/\/www.blogdopilako.com.br\/wp\/wp-json\/wp\/v2\/posts\/76353\/revisions\/76407"}],"wp:attachment":[{"href":"https:\/\/www.blogdopilako.com.br\/wp\/wp-json\/wp\/v2\/media?parent=76353"}],"wp:term":[{"taxonomy":"category","embeddable":true,"href":"https:\/\/www.blogdopilako.com.br\/wp\/wp-json\/wp\/v2\/categories?post=76353"},{"taxonomy":"post_tag","embeddable":true,"href":"https:\/\/www.blogdopilako.com.br\/wp\/wp-json\/wp\/v2\/tags?post=76353"}],"curies":[{"name":"wp","href":"https:\/\/api.w.org\/{rel}","templated":true}]}}