{"id":76255,"date":"2015-05-29T14:50:31","date_gmt":"2015-05-29T17:50:31","guid":{"rendered":"http:\/\/www.blogdopilako.com.br\/wp\/?p=76255"},"modified":"2015-05-29T18:29:34","modified_gmt":"2015-05-29T21:29:34","slug":"os-deputados-da-vitoria-deveriam-espiar-o-trabalho-do-deputado-eduino-brito","status":"publish","type":"post","link":"https:\/\/www.blogdopilako.com.br\/wp\/2015\/05\/29\/os-deputados-da-vitoria-deveriam-espiar-o-trabalho-do-deputado-eduino-brito\/","title":{"rendered":"Os deputados da Vit\u00f3ria deveriam espiar o trabalho do deputado Eduino Brito."},"content":{"rendered":"\n\t\t\t\t<div class=\"mr_social_sharing_wrapper\">\n\t\t\t\t<!-- Social Sharing Toolkit v2.2 --><span class=\"mr_social_sharing_top\"><span style=\"display: inline-block; width: 55px; height: 62px; overflow: hidden;\"><div class=\"fb-like\" data-href=\"https:\/\/www.blogdopilako.com.br\/wp\/2015\/05\/29\/os-deputados-da-vitoria-deveriam-espiar-o-trabalho-do-deputado-eduino-brito\/\" data-send=\"false\" data-layout=\"box_count\" data-width=\"55\" data-show-faces=\"false\"><\/div><\/span><\/span><span class=\"mr_social_sharing_top\"><fb:share-button type=\"box_count\" href=\"https:\/\/www.blogdopilako.com.br\/wp\/2015\/05\/29\/os-deputados-da-vitoria-deveriam-espiar-o-trabalho-do-deputado-eduino-brito\/\"><\/fb:share-button><\/span><span class=\"mr_social_sharing\"><a rel=\"nofollow\" class=\"linksalpha_button linksalpha_link\" href=\"\/\/www.linksalpha.com\/social\/mobile\" data-url=\"https:\/\/www.blogdopilako.com.br\/wp\/2015\/05\/29\/os-deputados-da-vitoria-deveriam-espiar-o-trabalho-do-deputado-eduino-brito\/\" data-text=\"Os deputados da Vit\u00f3ria deveriam espiar o trabalho do deputado Eduino Brito.\" data-desc=\"Atrav\u00e9s de diversos \u00a0blogs tomei conhecimento da atua\u00e7\u00e3o parlamentar \u00a0do deputado estadual Eduino Brito (PHS) no que diz respeito \u00e0 viol\u00eancia no tr\u00e2nsito e suas consequ\u00eancias. \u00c9 bom que se diga, o jovem deputado est\u00e1 no seu primeiro mandato e \u00e9 oriundo do Agreste pernambucano, mais\" data-image=\"http:\/\/www.blogdopilako.com.br\/wp\/wp-content\/uploads\/11025281_440384892784119_4127785665292522245_o.jpg\" data-button=\"none\">\n\t\t\t\t\t<img src=\"\/\/www.linksalpha.com\/images\/social_share_button.png\" alt=\"Share\" class=\"linksalpha_image\" \/>\n\t\t\t\t\t<\/a><script type=\"text\/javascript\" src=\"\/\/www.linksalpha.com\/scripts\/loader_iconbox.js?v=2.4\"><\/script><\/span><\/div><p style=\"text-align: justify;\"><a href=\"http:\/\/www.blogdopilako.com.br\/wp\/wp-content\/uploads\/11025281_440384892784119_4127785665292522245_o.jpg\"><img loading=\"lazy\" class=\"aligncenter size-full wp-image-76341\" src=\"http:\/\/www.blogdopilako.com.br\/wp\/wp-content\/uploads\/11025281_440384892784119_4127785665292522245_o.jpg\" alt=\"11025281_440384892784119_4127785665292522245_o\" width=\"2048\" height=\"1536\" \/><\/a><br \/>\nAtrav\u00e9s de diversos \u00a0blogs tomei conhecimento da atua\u00e7\u00e3o parlamentar \u00a0do deputado estadual <strong>Eduino Brito<\/strong> (PHS) no que diz respeito \u00e0 viol\u00eancia no tr\u00e2nsito e suas consequ\u00eancias. \u00c9 bom que se diga, o jovem deputado est\u00e1 no seu primeiro mandato e \u00e9 oriundo do Agreste pernambucano, mais precisamente da pequena cidade de Pedra.<\/p>\n<p style=\"text-align: justify;\">O deputado <a href=\"https:\/\/www.facebook.com\/profile.php?id=100004378352369&amp;fref=ts\">Edu\u00edno Brito<\/a>, entre outras coisas, vem se debru\u00e7ando sobres os preocupantes \u00a0n\u00fameros \u00a0negativos do tr\u00e2nsito. Segundo ele \u201c\u00a0o Pa\u00eds ter\u00e1 que voltar a aderir ao programa da ONU urgentemente, por conta dos gastos catastr\u00f3ficos nas \u00e1reas de sa\u00fade e seguridade social. Segundo dados oficiais do DPVAT, entre 2013 e 2014, o n\u00famero de indeniza\u00e7\u00f5es por invalidez aumentou 33%. Passando de 324.387 para 430.322. As despesas m\u00e9dicas tiveram um aumento de 11%. Outro dado alarmante: pelo menos seis crian\u00e7as morrem por dia no tr\u00e2nsito brasileiro\u201d. Em Pernambuco, ele \u00e9 voz ativa na ALEPE para que esta quest\u00e3o seja tratada com mais profundidade.<\/p>\n<p style=\"text-align: justify;\">Pois bem, gostaria de dizer que n\u00e3o conhe\u00e7o o jovem deputado e s\u00f3 \u00a0ouvi falar no seu nome, \u00a0pela primeira vez, por ocasi\u00e3o da elei\u00e7\u00e3o de 2014. Real\u00e7o o seu trabalho nesta ocasi\u00e3o, para dizer e comparar, \u00a0o quanto os \u201cnossos\u201d deputados, \u201cnossos\u201d leg\u00edtimos representantes na Assembleia Legislativa do Estado \u2013 Henrique Queiroz, Aglailson J\u00fanior e Joaquim Lira \u2013 s\u00e3o despreparados para o grande debate, para o debate produtivo.<\/p>\n<div id=\"attachment_66115\" style=\"width: 350px\" class=\"wp-caption aligncenter\"><a href=\"http:\/\/www.blogdopilako.com.br\/wp\/wp-content\/uploads\/HENRIQUE_QUEIROZ.gif\"><img aria-describedby=\"caption-attachment-66115\" loading=\"lazy\" class=\"wp-image-66115 size-full\" src=\"http:\/\/www.blogdopilako.com.br\/wp\/wp-content\/uploads\/HENRIQUE_QUEIROZ.gif\" alt=\"HENRIQUE_QUEIROZ\" width=\"340\" height=\"227\" \/><\/a><p id=\"caption-attachment-66115\" class=\"wp-caption-text\">Foto: Divulga\u00e7\u00e3o<\/p><\/div>\n<p style=\"text-align: justify;\">Mesmo exercendo seu d\u00e9cimo mandato, Henrique Queiroz, ainda continua sendo considerado um deputado do \u201cbaixo clero\u201d.\u00a0 Sua vida parlamentar, praticamente, tem servido apenas ao segmento sucroalcooleiro e \u00a0os interesses familiares na manuten\u00e7\u00e3o do poder.<\/p>\n<div id=\"attachment_9488\" style=\"width: 350px\" class=\"wp-caption aligncenter\"><a href=\"http:\/\/www.blogdopilako.com.br\/wp\/wp-content\/uploads\/alepe-aglailson-jr.gif\"><img aria-describedby=\"caption-attachment-9488\" loading=\"lazy\" class=\"wp-image-9488 size-full\" src=\"http:\/\/www.blogdopilako.com.br\/wp\/wp-content\/uploads\/alepe-aglailson-jr.gif\" alt=\"alepe-aglailson-jr\" width=\"340\" height=\"227\" \/><\/a><p id=\"caption-attachment-9488\" class=\"wp-caption-text\">Foto: Divulga\u00e7\u00e3o<\/p><\/div>\n<p style=\"text-align: justify;\">O Aglailson J\u00fanior \u00e9 uma esp\u00e9cie de deputado sem projeto. Pilotando seu quarto mandato consecutivo, aparentemente, n\u00e3o conseguiu \u00a0a confian\u00e7a dos pares da pr\u00f3pria legenda (PSB), pois,\u00a0 mesmo usando todo o prestigio pol\u00edtico do pai ( folcl\u00f3rico ex prefeito Jos\u00e9 Aglailson) \u00a0ainda n\u00e3o teve sequer o direito de concorrer a primeira secret\u00e1ria da casa, pleiteada por ele \u00a0desde o primeiro mandato.<\/p>\n<div id=\"attachment_66333\" style=\"width: 382px\" class=\"wp-caption aligncenter\"><a href=\"http:\/\/www.blogdopilako.com.br\/wp\/wp-content\/uploads\/joaquim.jpg\"><img aria-describedby=\"caption-attachment-66333\" loading=\"lazy\" class=\"wp-image-66333\" src=\"http:\/\/www.blogdopilako.com.br\/wp\/wp-content\/uploads\/joaquim.jpg\" alt=\"Foto: Divulga\u00e7\u00e3o\" width=\"372\" height=\"254\" \/><\/a><p id=\"caption-attachment-66333\" class=\"wp-caption-text\">Foto: Divulga\u00e7\u00e3o<\/p><\/div>\n<p style=\"text-align: justify;\">A chegada do filho do prefeito da Vit\u00f3ria, Elias Lira, ao parlamento estadual, at\u00e9 o momento, em nada enriqueceu a casa. Produzido na \u201cchocadeira\u201d \u2013 estrutura da m\u00e1quina administrativa &#8211; Joaquim Lira ascendeu \u00e0 pol\u00edtica sem verve. Recentemente, li no mais novo \u00a0exemplar do Jornal da Vit\u00f3ria \u00a0alguns requerimentos do parlamentar. Curiosamente, entre eles, est\u00e1 a solicita\u00e7\u00e3o de um Matadouro P\u00fablico para nossa Vit\u00f3ria de Santo Ant\u00e3o (ind. 230\/2015).<\/p>\n<p style=\"text-align: justify;\">O curioso \u00e9 que o pai dele, \u00a0juntamente com o deputado Andr\u00e9 de Paula, ent\u00e3o candidatos a deputado estadual e federal, respectivamente, l\u00e1 em 2006, \u00a0j\u00e1 diziam est\u00e1, este mesmo matadouro, em faze de licita\u00e7\u00e3o.<\/p>\n<div style=\"text-align: center;\">\n<dl id=\"attachment_9882\">\n<dt><a href=\"http:\/\/www.blogdopilako.com.br\/wp\/wp-content\/uploads\/panfleto-elias-2006.jpg\"><img loading=\"lazy\" title=\"panfleto-elias-2006\" src=\"http:\/\/www.blogdopilako.com.br\/wp\/wp-content\/uploads\/panfleto-elias-2006.jpg\" alt=\"\" width=\"569\" height=\"405\" \/><\/a><\/dt>\n<dd>Frente<\/dd>\n<\/dl>\n<\/div>\n<div style=\"text-align: center;\">\n<dl id=\"attachment_9880\">\n<dt><a href=\"http:\/\/www.blogdopilako.com.br\/wp\/wp-content\/uploads\/panfleto-elias-2006_verso.jpg\"><img loading=\"lazy\" title=\"panfleto-elias-2006_verso\" src=\"http:\/\/www.blogdopilako.com.br\/wp\/wp-content\/uploads\/panfleto-elias-2006_verso.jpg\" alt=\"\" width=\"569\" height=\"405\" \/><\/a><\/dt>\n<dd>Verso<\/dd>\n<\/dl>\n<\/div>\n<p style=\"text-align: justify;\">Como se v\u00ea, para \u00a0continuar enganando a popula\u00e7\u00e3o da Vit\u00f3ria, nossos pol\u00edticos nem precisa muita criatividade. Basta, reeditar as velhas PAIMAS, ou seja: &#8220;UM MUSEU DE GRANDES NOVIDADES&#8221;.<\/p>\n\n\t\t\t\t<div class=\"mr_social_sharing_wrapper\">\n\t\t\t\t<!-- Social Sharing Toolkit v2.2 --><span class=\"mr_social_sharing_top\"><span style=\"display: inline-block; width: 55px; height: 62px; overflow: hidden;\"><div class=\"fb-like\" data-href=\"https:\/\/www.blogdopilako.com.br\/wp\/2015\/05\/29\/os-deputados-da-vitoria-deveriam-espiar-o-trabalho-do-deputado-eduino-brito\/\" data-send=\"false\" data-layout=\"box_count\" data-width=\"55\" data-show-faces=\"false\"><\/div><\/span><\/span><span class=\"mr_social_sharing_top\"><fb:share-button type=\"box_count\" href=\"https:\/\/www.blogdopilako.com.br\/wp\/2015\/05\/29\/os-deputados-da-vitoria-deveriam-espiar-o-trabalho-do-deputado-eduino-brito\/\"><\/fb:share-button><\/span><span class=\"mr_social_sharing\"><a rel=\"nofollow\" class=\"linksalpha_button linksalpha_link\" href=\"\/\/www.linksalpha.com\/social\/mobile\" data-url=\"https:\/\/www.blogdopilako.com.br\/wp\/2015\/05\/29\/os-deputados-da-vitoria-deveriam-espiar-o-trabalho-do-deputado-eduino-brito\/\" data-text=\"Os deputados da Vit\u00f3ria deveriam espiar o trabalho do deputado Eduino Brito.\" data-desc=\"Atrav\u00e9s de diversos \u00a0blogs tomei conhecimento da atua\u00e7\u00e3o parlamentar \u00a0do deputado estadual Eduino Brito (PHS) no que diz respeito \u00e0 viol\u00eancia no tr\u00e2nsito e suas consequ\u00eancias. \u00c9 bom que se diga, o jovem deputado est\u00e1 no seu primeiro mandato e \u00e9 oriundo do Agreste pernambucano, mais\" data-image=\"http:\/\/www.blogdopilako.com.br\/wp\/wp-content\/uploads\/11025281_440384892784119_4127785665292522245_o.jpg\" data-button=\"none\">\n\t\t\t\t\t<img src=\"\/\/www.linksalpha.com\/images\/social_share_button.png\" alt=\"Share\" class=\"linksalpha_image\" \/>\n\t\t\t\t\t<\/a><script type=\"text\/javascript\" src=\"\/\/www.linksalpha.com\/scripts\/loader_iconbox.js?v=2.4\"><\/script><\/span><\/div>","protected":false},"excerpt":{"rendered":"\n\t\t\t\t<div class=\"mr_social_sharing_wrapper\">\n\t\t\t\t<!-- Social Sharing Toolkit v2.2 --><span class=\"mr_social_sharing_top\"><span style=\"display: inline-block; width: 55px; height: 62px; overflow: hidden;\"><div class=\"fb-like\" data-href=\"https:\/\/www.blogdopilako.com.br\/wp\/2015\/05\/29\/os-deputados-da-vitoria-deveriam-espiar-o-trabalho-do-deputado-eduino-brito\/\" data-send=\"false\" data-layout=\"box_count\" data-width=\"55\" data-show-faces=\"false\"><\/div><\/span><\/span><span class=\"mr_social_sharing_top\"><fb:share-button type=\"box_count\" href=\"https:\/\/www.blogdopilako.com.br\/wp\/2015\/05\/29\/os-deputados-da-vitoria-deveriam-espiar-o-trabalho-do-deputado-eduino-brito\/\"><\/fb:share-button><\/span><span class=\"mr_social_sharing\"><a rel=\"nofollow\" class=\"linksalpha_button linksalpha_link\" href=\"\/\/www.linksalpha.com\/social\/mobile\" data-url=\"https:\/\/www.blogdopilako.com.br\/wp\/2015\/05\/29\/os-deputados-da-vitoria-deveriam-espiar-o-trabalho-do-deputado-eduino-brito\/\" data-text=\"Os deputados da Vit\u00f3ria deveriam espiar o trabalho do deputado Eduino Brito.\" data-desc=\"Atrav\u00e9s de diversos \u00a0blogs tomei conhecimento da atua\u00e7\u00e3o parlamentar \u00a0do deputado estadual Eduino Brito (PHS) no que diz respeito \u00e0 viol\u00eancia no tr\u00e2nsito e suas consequ\u00eancias. \u00c9 bom que se diga, o jovem deputado est\u00e1 no seu primeiro mandato e \u00e9 oriundo do Agreste pernambucano, mais\" data-image=\"\" data-button=\"none\">\n\t\t\t\t\t<img src=\"\/\/www.linksalpha.com\/images\/social_share_button.png\" alt=\"Share\" class=\"linksalpha_image\" \/>\n\t\t\t\t\t<\/a><script type=\"text\/javascript\" src=\"\/\/www.linksalpha.com\/scripts\/loader_iconbox.js?v=2.4\"><\/script><\/span><\/div><p>Atrav\u00e9s de diversos \u00a0blogs tomei conhecimento da atua\u00e7\u00e3o parlamentar \u00a0do deputado estadual Eduino Brito (PHS) no que diz respeito \u00e0 viol\u00eancia no tr\u00e2nsito e suas consequ\u00eancias. \u00c9 bom que se diga, o jovem deputado est\u00e1 no seu primeiro mandato e &hellip; <a href=\"https:\/\/www.blogdopilako.com.br\/wp\/2015\/05\/29\/os-deputados-da-vitoria-deveriam-espiar-o-trabalho-do-deputado-eduino-brito\/\">Continue lendo <span class=\"meta-nav\">&rarr;<\/span><\/a><\/p>\n\n\t\t\t\t<div class=\"mr_social_sharing_wrapper\">\n\t\t\t\t<!-- Social Sharing Toolkit v2.2 --><span class=\"mr_social_sharing_top\"><span style=\"display: inline-block; width: 55px; height: 62px; overflow: hidden;\"><div class=\"fb-like\" data-href=\"https:\/\/www.blogdopilako.com.br\/wp\/2015\/05\/29\/os-deputados-da-vitoria-deveriam-espiar-o-trabalho-do-deputado-eduino-brito\/\" data-send=\"false\" data-layout=\"box_count\" data-width=\"55\" data-show-faces=\"false\"><\/div><\/span><\/span><span class=\"mr_social_sharing_top\"><fb:share-button type=\"box_count\" href=\"https:\/\/www.blogdopilako.com.br\/wp\/2015\/05\/29\/os-deputados-da-vitoria-deveriam-espiar-o-trabalho-do-deputado-eduino-brito\/\"><\/fb:share-button><\/span><span class=\"mr_social_sharing\"><a rel=\"nofollow\" class=\"linksalpha_button linksalpha_link\" href=\"\/\/www.linksalpha.com\/social\/mobile\" data-url=\"https:\/\/www.blogdopilako.com.br\/wp\/2015\/05\/29\/os-deputados-da-vitoria-deveriam-espiar-o-trabalho-do-deputado-eduino-brito\/\" data-text=\"Os deputados da Vit\u00f3ria deveriam espiar o trabalho do deputado Eduino Brito.\" data-desc=\"Atrav\u00e9s de diversos \u00a0blogs tomei conhecimento da atua\u00e7\u00e3o parlamentar \u00a0do deputado estadual Eduino Brito (PHS) no que diz respeito \u00e0 viol\u00eancia no tr\u00e2nsito e suas consequ\u00eancias. \u00c9 bom que se diga, o jovem deputado est\u00e1 no seu primeiro mandato e \u00e9 oriundo do Agreste pernambucano, mais\" data-image=\"\" data-button=\"none\">\n\t\t\t\t\t<img src=\"\/\/www.linksalpha.com\/images\/social_share_button.png\" alt=\"Share\" class=\"linksalpha_image\" \/>\n\t\t\t\t\t<\/a><script type=\"text\/javascript\" src=\"\/\/www.linksalpha.com\/scripts\/loader_iconbox.js?v=2.4\"><\/script><\/span><\/div>","protected":false},"author":4,"featured_media":0,"comment_status":"open","ping_status":"open","sticky":false,"template":"","format":"standard","meta":[],"categories":[21,22],"tags":[],"_links":{"self":[{"href":"https:\/\/www.blogdopilako.com.br\/wp\/wp-json\/wp\/v2\/posts\/76255"}],"collection":[{"href":"https:\/\/www.blogdopilako.com.br\/wp\/wp-json\/wp\/v2\/posts"}],"about":[{"href":"https:\/\/www.blogdopilako.com.br\/wp\/wp-json\/wp\/v2\/types\/post"}],"author":[{"embeddable":true,"href":"https:\/\/www.blogdopilako.com.br\/wp\/wp-json\/wp\/v2\/users\/4"}],"replies":[{"embeddable":true,"href":"https:\/\/www.blogdopilako.com.br\/wp\/wp-json\/wp\/v2\/comments?post=76255"}],"version-history":[{"count":8,"href":"https:\/\/www.blogdopilako.com.br\/wp\/wp-json\/wp\/v2\/posts\/76255\/revisions"}],"predecessor-version":[{"id":76342,"href":"https:\/\/www.blogdopilako.com.br\/wp\/wp-json\/wp\/v2\/posts\/76255\/revisions\/76342"}],"wp:attachment":[{"href":"https:\/\/www.blogdopilako.com.br\/wp\/wp-json\/wp\/v2\/media?parent=76255"}],"wp:term":[{"taxonomy":"category","embeddable":true,"href":"https:\/\/www.blogdopilako.com.br\/wp\/wp-json\/wp\/v2\/categories?post=76255"},{"taxonomy":"post_tag","embeddable":true,"href":"https:\/\/www.blogdopilako.com.br\/wp\/wp-json\/wp\/v2\/tags?post=76255"}],"curies":[{"name":"wp","href":"https:\/\/api.w.org\/{rel}","templated":true}]}}