{"id":76197,"date":"2015-05-26T14:59:00","date_gmt":"2015-05-26T17:59:00","guid":{"rendered":"http:\/\/www.blogdopilako.com.br\/wp\/?p=76197"},"modified":"2015-05-26T14:59:00","modified_gmt":"2015-05-26T17:59:00","slug":"ifpe-abre-selecao-para-estagio-no-campus-vitoria-de-santo-antao","status":"publish","type":"post","link":"https:\/\/www.blogdopilako.com.br\/wp\/2015\/05\/26\/ifpe-abre-selecao-para-estagio-no-campus-vitoria-de-santo-antao\/","title":{"rendered":"IFPE abre sele\u00e7\u00e3o para est\u00e1gio no Campus Vit\u00f3ria de Santo Ant\u00e3o"},"content":{"rendered":"\n\t\t\t\t<div class=\"mr_social_sharing_wrapper\">\n\t\t\t\t<!-- Social Sharing Toolkit v2.2 --><span class=\"mr_social_sharing_top\"><span style=\"display: inline-block; width: 55px; height: 62px; overflow: hidden;\"><div class=\"fb-like\" data-href=\"https:\/\/www.blogdopilako.com.br\/wp\/2015\/05\/26\/ifpe-abre-selecao-para-estagio-no-campus-vitoria-de-santo-antao\/\" data-send=\"false\" data-layout=\"box_count\" data-width=\"55\" data-show-faces=\"false\"><\/div><\/span><\/span><span class=\"mr_social_sharing_top\"><fb:share-button type=\"box_count\" href=\"https:\/\/www.blogdopilako.com.br\/wp\/2015\/05\/26\/ifpe-abre-selecao-para-estagio-no-campus-vitoria-de-santo-antao\/\"><\/fb:share-button><\/span><span class=\"mr_social_sharing\"><a rel=\"nofollow\" class=\"linksalpha_button linksalpha_link\" href=\"\/\/www.linksalpha.com\/social\/mobile\" data-url=\"https:\/\/www.blogdopilako.com.br\/wp\/2015\/05\/26\/ifpe-abre-selecao-para-estagio-no-campus-vitoria-de-santo-antao\/\" data-text=\"IFPE abre sele\u00e7\u00e3o para est\u00e1gio no Campus Vit\u00f3ria de Santo Ant\u00e3o\" data-desc=\"Oportunidades s\u00e3o para estudantes das \u00e1reas de Administra\u00e7\u00e3o, Comunica\u00e7\u00e3o Social, Educa\u00e7\u00e3o F\u00edsica, Gest\u00e3o em RH, Pedagogia e Tecnologia da Informa\u00e7\u00e3o O Campus Vit\u00f3ria de Santo Ant\u00e3o do Instituto Federal de Pernambuco (IFPE) lan\u00e7ou edital para processo seletivo de estagi\u00e1rios. As\" data-image=\"http:\/\/www.blogdopilako.com.br\/wp\/wp-content\/uploads\/IFPE1.png\" data-button=\"none\">\n\t\t\t\t\t<img src=\"\/\/www.linksalpha.com\/images\/social_share_button.png\" alt=\"Share\" class=\"linksalpha_image\" \/>\n\t\t\t\t\t<\/a><script type=\"text\/javascript\" src=\"\/\/www.linksalpha.com\/scripts\/loader_iconbox.js?v=2.4\"><\/script><\/span><\/div><p style=\"text-align: justify;\"><a href=\"http:\/\/www.blogdopilako.com.br\/wp\/wp-content\/uploads\/IFPE1.png\"><img loading=\"lazy\" class=\"aligncenter  wp-image-76198\" src=\"http:\/\/www.blogdopilako.com.br\/wp\/wp-content\/uploads\/IFPE1.png\" alt=\"IFPE1\" width=\"493\" height=\"197\" \/><\/a><\/p>\n<p style=\"text-align: justify;\"><i>Oportunidades s\u00e3o para estudantes das \u00e1reas de Administra\u00e7\u00e3o, Comunica\u00e7\u00e3o Social, Educa\u00e7\u00e3o F\u00edsica, Gest\u00e3o em RH, Pedagogia e Tecnologia da Informa\u00e7\u00e3o<\/i><\/p>\n<p style=\"text-align: justify;\">O Campus Vit\u00f3ria de Santo Ant\u00e3o do Instituto Federal de Pernambuco (IFPE) lan\u00e7ou edital para processo seletivo de estagi\u00e1rios. As inscri\u00e7\u00f5es come\u00e7am no pr\u00f3ximo dia 1\u00ba e seguem at\u00e9 o dia 5 de junho, no pr\u00f3prio campus. S\u00e3o oferecidas 13 vagas para estudantes do Ensino Superior, e tamb\u00e9m ser\u00e1 formado um banco de dados para Cadastro de Reserva.<\/p>\n<p>As oportunidades s\u00e3o para estudantes das \u00e1reas de Administra\u00e7\u00e3o, Comunica\u00e7\u00e3o Social, Educa\u00e7\u00e3o F\u00edsica, Gest\u00e3o em RH, Pedagogia e Tecnologia da Informa\u00e7\u00e3o. A carga hor\u00e1ria \u00e9 de 30 horas semanais, e a remunera\u00e7\u00e3o \u00e9 de R$ 520,00, acrescidos de R$ 132,00 de vale-transporte. O tempo m\u00e1ximo de dura\u00e7\u00e3o do contrato de est\u00e1gio ser\u00e1 de dois anos.<\/p>\n<p>Para realizar as inscri\u00e7\u00f5es, os interessados devem comparecer ao Campus Vit\u00f3ria, no Departamento de Desenvolvimento Educacional (DDE), no hor\u00e1rio das 8h \u00e0s 11h e das 13h \u00e0s 16h, e fornecer a ficha de inscri\u00e7\u00e3o preenchida, al\u00e9m dos documentos exigidos no edital. O processo de sele\u00e7\u00e3o ser\u00e1 dividido em tr\u00eas etapas: an\u00e1lise do hist\u00f3rico escolar, entrevista e reda\u00e7\u00e3o.<\/p>\n<p>A divulga\u00e7\u00e3o do resultado preliminar do processo seletivo est\u00e1 prevista para o dia 18 de junho. Mais informa\u00e7\u00f5es podem ser obtidas no edital (N\u00ba 04\/2015), que est\u00e1 dispon\u00edvel na p\u00e1gina do Campus Vit\u00f3ria, no site <a href=\"http:\/\/www.ifpe.edu.br\/\" target=\"_blank\">www.ifpe.edu.br<\/a>.<\/p>\n<p style=\"text-align: justify;\"><em>Com informa\u00e7\u00f5es da assessoria de imprensa.<\/em><\/p>\n\n\t\t\t\t<div class=\"mr_social_sharing_wrapper\">\n\t\t\t\t<!-- Social Sharing Toolkit v2.2 --><span class=\"mr_social_sharing_top\"><span style=\"display: inline-block; width: 55px; height: 62px; overflow: hidden;\"><div class=\"fb-like\" data-href=\"https:\/\/www.blogdopilako.com.br\/wp\/2015\/05\/26\/ifpe-abre-selecao-para-estagio-no-campus-vitoria-de-santo-antao\/\" data-send=\"false\" data-layout=\"box_count\" data-width=\"55\" data-show-faces=\"false\"><\/div><\/span><\/span><span class=\"mr_social_sharing_top\"><fb:share-button type=\"box_count\" href=\"https:\/\/www.blogdopilako.com.br\/wp\/2015\/05\/26\/ifpe-abre-selecao-para-estagio-no-campus-vitoria-de-santo-antao\/\"><\/fb:share-button><\/span><span class=\"mr_social_sharing\"><a rel=\"nofollow\" class=\"linksalpha_button linksalpha_link\" href=\"\/\/www.linksalpha.com\/social\/mobile\" data-url=\"https:\/\/www.blogdopilako.com.br\/wp\/2015\/05\/26\/ifpe-abre-selecao-para-estagio-no-campus-vitoria-de-santo-antao\/\" data-text=\"IFPE abre sele\u00e7\u00e3o para est\u00e1gio no Campus Vit\u00f3ria de Santo Ant\u00e3o\" data-desc=\"Oportunidades s\u00e3o para estudantes das \u00e1reas de Administra\u00e7\u00e3o, Comunica\u00e7\u00e3o Social, Educa\u00e7\u00e3o F\u00edsica, Gest\u00e3o em RH, Pedagogia e Tecnologia da Informa\u00e7\u00e3o O Campus Vit\u00f3ria de Santo Ant\u00e3o do Instituto Federal de Pernambuco (IFPE) lan\u00e7ou edital para processo seletivo de estagi\u00e1rios. As\" data-image=\"http:\/\/www.blogdopilako.com.br\/wp\/wp-content\/uploads\/IFPE1.png\" data-button=\"none\">\n\t\t\t\t\t<img src=\"\/\/www.linksalpha.com\/images\/social_share_button.png\" alt=\"Share\" class=\"linksalpha_image\" \/>\n\t\t\t\t\t<\/a><script type=\"text\/javascript\" src=\"\/\/www.linksalpha.com\/scripts\/loader_iconbox.js?v=2.4\"><\/script><\/span><\/div>","protected":false},"excerpt":{"rendered":"\n\t\t\t\t<div class=\"mr_social_sharing_wrapper\">\n\t\t\t\t<!-- Social Sharing Toolkit v2.2 --><span class=\"mr_social_sharing_top\"><span style=\"display: inline-block; width: 55px; height: 62px; overflow: hidden;\"><div class=\"fb-like\" data-href=\"https:\/\/www.blogdopilako.com.br\/wp\/2015\/05\/26\/ifpe-abre-selecao-para-estagio-no-campus-vitoria-de-santo-antao\/\" data-send=\"false\" data-layout=\"box_count\" data-width=\"55\" data-show-faces=\"false\"><\/div><\/span><\/span><span class=\"mr_social_sharing_top\"><fb:share-button type=\"box_count\" href=\"https:\/\/www.blogdopilako.com.br\/wp\/2015\/05\/26\/ifpe-abre-selecao-para-estagio-no-campus-vitoria-de-santo-antao\/\"><\/fb:share-button><\/span><span class=\"mr_social_sharing\"><a rel=\"nofollow\" class=\"linksalpha_button linksalpha_link\" href=\"\/\/www.linksalpha.com\/social\/mobile\" data-url=\"https:\/\/www.blogdopilako.com.br\/wp\/2015\/05\/26\/ifpe-abre-selecao-para-estagio-no-campus-vitoria-de-santo-antao\/\" data-text=\"IFPE abre sele\u00e7\u00e3o para est\u00e1gio no Campus Vit\u00f3ria de Santo Ant\u00e3o\" data-desc=\"Oportunidades s\u00e3o para estudantes das \u00e1reas de Administra\u00e7\u00e3o, Comunica\u00e7\u00e3o Social, Educa\u00e7\u00e3o F\u00edsica, Gest\u00e3o em RH, Pedagogia e Tecnologia da Informa\u00e7\u00e3o O Campus Vit\u00f3ria de Santo Ant\u00e3o do Instituto Federal de Pernambuco (IFPE) lan\u00e7ou edital para processo seletivo de estagi\u00e1rios. As\" data-image=\"\" data-button=\"none\">\n\t\t\t\t\t<img src=\"\/\/www.linksalpha.com\/images\/social_share_button.png\" alt=\"Share\" class=\"linksalpha_image\" \/>\n\t\t\t\t\t<\/a><script type=\"text\/javascript\" src=\"\/\/www.linksalpha.com\/scripts\/loader_iconbox.js?v=2.4\"><\/script><\/span><\/div><p>Oportunidades s\u00e3o para estudantes das \u00e1reas de Administra\u00e7\u00e3o, Comunica\u00e7\u00e3o Social, Educa\u00e7\u00e3o F\u00edsica, Gest\u00e3o em RH, Pedagogia e Tecnologia da Informa\u00e7\u00e3o O Campus Vit\u00f3ria de Santo Ant\u00e3o do Instituto Federal de Pernambuco (IFPE) lan\u00e7ou edital para processo seletivo de estagi\u00e1rios. As &hellip; <a href=\"https:\/\/www.blogdopilako.com.br\/wp\/2015\/05\/26\/ifpe-abre-selecao-para-estagio-no-campus-vitoria-de-santo-antao\/\">Continue lendo <span class=\"meta-nav\">&rarr;<\/span><\/a><\/p>\n\n\t\t\t\t<div class=\"mr_social_sharing_wrapper\">\n\t\t\t\t<!-- Social Sharing Toolkit v2.2 --><span class=\"mr_social_sharing_top\"><span style=\"display: inline-block; width: 55px; height: 62px; overflow: hidden;\"><div class=\"fb-like\" data-href=\"https:\/\/www.blogdopilako.com.br\/wp\/2015\/05\/26\/ifpe-abre-selecao-para-estagio-no-campus-vitoria-de-santo-antao\/\" data-send=\"false\" data-layout=\"box_count\" data-width=\"55\" data-show-faces=\"false\"><\/div><\/span><\/span><span class=\"mr_social_sharing_top\"><fb:share-button type=\"box_count\" href=\"https:\/\/www.blogdopilako.com.br\/wp\/2015\/05\/26\/ifpe-abre-selecao-para-estagio-no-campus-vitoria-de-santo-antao\/\"><\/fb:share-button><\/span><span class=\"mr_social_sharing\"><a rel=\"nofollow\" class=\"linksalpha_button linksalpha_link\" href=\"\/\/www.linksalpha.com\/social\/mobile\" data-url=\"https:\/\/www.blogdopilako.com.br\/wp\/2015\/05\/26\/ifpe-abre-selecao-para-estagio-no-campus-vitoria-de-santo-antao\/\" data-text=\"IFPE abre sele\u00e7\u00e3o para est\u00e1gio no Campus Vit\u00f3ria de Santo Ant\u00e3o\" data-desc=\"Oportunidades s\u00e3o para estudantes das \u00e1reas de Administra\u00e7\u00e3o, Comunica\u00e7\u00e3o Social, Educa\u00e7\u00e3o F\u00edsica, Gest\u00e3o em RH, Pedagogia e Tecnologia da Informa\u00e7\u00e3o O Campus Vit\u00f3ria de Santo Ant\u00e3o do Instituto Federal de Pernambuco (IFPE) lan\u00e7ou edital para processo seletivo de estagi\u00e1rios. As\" data-image=\"\" data-button=\"none\">\n\t\t\t\t\t<img src=\"\/\/www.linksalpha.com\/images\/social_share_button.png\" alt=\"Share\" class=\"linksalpha_image\" \/>\n\t\t\t\t\t<\/a><script type=\"text\/javascript\" src=\"\/\/www.linksalpha.com\/scripts\/loader_iconbox.js?v=2.4\"><\/script><\/span><\/div>","protected":false},"author":1,"featured_media":0,"comment_status":"open","ping_status":"open","sticky":false,"template":"","format":"standard","meta":[],"categories":[22],"tags":[],"_links":{"self":[{"href":"https:\/\/www.blogdopilako.com.br\/wp\/wp-json\/wp\/v2\/posts\/76197"}],"collection":[{"href":"https:\/\/www.blogdopilako.com.br\/wp\/wp-json\/wp\/v2\/posts"}],"about":[{"href":"https:\/\/www.blogdopilako.com.br\/wp\/wp-json\/wp\/v2\/types\/post"}],"author":[{"embeddable":true,"href":"https:\/\/www.blogdopilako.com.br\/wp\/wp-json\/wp\/v2\/users\/1"}],"replies":[{"embeddable":true,"href":"https:\/\/www.blogdopilako.com.br\/wp\/wp-json\/wp\/v2\/comments?post=76197"}],"version-history":[{"count":1,"href":"https:\/\/www.blogdopilako.com.br\/wp\/wp-json\/wp\/v2\/posts\/76197\/revisions"}],"predecessor-version":[{"id":76199,"href":"https:\/\/www.blogdopilako.com.br\/wp\/wp-json\/wp\/v2\/posts\/76197\/revisions\/76199"}],"wp:attachment":[{"href":"https:\/\/www.blogdopilako.com.br\/wp\/wp-json\/wp\/v2\/media?parent=76197"}],"wp:term":[{"taxonomy":"category","embeddable":true,"href":"https:\/\/www.blogdopilako.com.br\/wp\/wp-json\/wp\/v2\/categories?post=76197"},{"taxonomy":"post_tag","embeddable":true,"href":"https:\/\/www.blogdopilako.com.br\/wp\/wp-json\/wp\/v2\/tags?post=76197"}],"curies":[{"name":"wp","href":"https:\/\/api.w.org\/{rel}","templated":true}]}}