{"id":75720,"date":"2015-05-13T14:19:31","date_gmt":"2015-05-13T17:19:31","guid":{"rendered":"http:\/\/www.blogdopilako.com.br\/wp\/?p=75720"},"modified":"2015-05-13T14:19:31","modified_gmt":"2015-05-13T17:19:31","slug":"momento-cultural-lenda-por-corina-de-holanda","status":"publish","type":"post","link":"https:\/\/www.blogdopilako.com.br\/wp\/2015\/05\/13\/momento-cultural-lenda-por-corina-de-holanda\/","title":{"rendered":"Momento Cultural: Lenda &#8211; por Corina de Holanda"},"content":{"rendered":"\n\t\t\t\t<div class=\"mr_social_sharing_wrapper\">\n\t\t\t\t<!-- Social Sharing Toolkit v2.2 --><span class=\"mr_social_sharing_top\"><span style=\"display: inline-block; width: 55px; height: 62px; overflow: hidden;\"><div class=\"fb-like\" data-href=\"https:\/\/www.blogdopilako.com.br\/wp\/2015\/05\/13\/momento-cultural-lenda-por-corina-de-holanda\/\" data-send=\"false\" data-layout=\"box_count\" data-width=\"55\" data-show-faces=\"false\"><\/div><\/span><\/span><span class=\"mr_social_sharing_top\"><fb:share-button type=\"box_count\" href=\"https:\/\/www.blogdopilako.com.br\/wp\/2015\/05\/13\/momento-cultural-lenda-por-corina-de-holanda\/\"><\/fb:share-button><\/span><span class=\"mr_social_sharing\"><a rel=\"nofollow\" class=\"linksalpha_button linksalpha_link\" href=\"\/\/www.linksalpha.com\/social\/mobile\" data-url=\"https:\/\/www.blogdopilako.com.br\/wp\/2015\/05\/13\/momento-cultural-lenda-por-corina-de-holanda\/\" data-text=\"Momento Cultural: Lenda \u2013 por Corina de Holanda\" data-desc=\"\u00a0 Contam que a Virgem Maria Que \u00e9 Deus a jardineira, Planejou no c\u00e9u, um dia, Uma festa brasileira \u00a0 Na celestial floreira J\u00e1 muitas flores havia... Por\u00e9m, a Virgem, queria Por mais uma... E a maneira, \u00a0 Foi dizer para os Arcanjos: \u201cMandem \u00e0 terra dois anjos. Mas, quero flor\" data-image=\"http:\/\/www.blogdopilako.com.br\/wp\/wp-content\/uploads\/Corina-de-Holanda1.jpg\" data-button=\"none\">\n\t\t\t\t\t<img src=\"\/\/www.linksalpha.com\/images\/social_share_button.png\" alt=\"Share\" class=\"linksalpha_image\" \/>\n\t\t\t\t\t<\/a><script type=\"text\/javascript\" src=\"\/\/www.linksalpha.com\/scripts\/loader_iconbox.js?v=2.4\"><\/script><\/span><\/div><p><a href=\"http:\/\/www.blogdopilako.com.br\/wp\/wp-content\/uploads\/Corina-de-Holanda1.jpg\"><img loading=\"lazy\" class=\"aligncenter  wp-image-70855\" src=\"http:\/\/www.blogdopilako.com.br\/wp\/wp-content\/uploads\/Corina-de-Holanda1.jpg\" alt=\"Corina de Holanda\" width=\"373\" height=\"574\" \/><\/a><\/p>\n<p>&nbsp;<\/p>\n<p>Contam que a Virgem Maria<\/p>\n<p>Que \u00e9 Deus a jardineira,<\/p>\n<p>Planejou no c\u00e9u, um dia,<\/p>\n<p>Uma festa brasileira<\/p>\n<p>&nbsp;<\/p>\n<p>Na celestial floreira<\/p>\n<p>J\u00e1 muitas flores havia&#8230;<\/p>\n<p>Por\u00e9m, a Virgem, queria<\/p>\n<p>Por mais uma&#8230; E a maneira,<\/p>\n<p>&nbsp;<\/p>\n<p>Foi dizer para os Arcanjos:<\/p>\n<p>\u201cMandem \u00e0 terra dois anjos.<\/p>\n<p>Mas, quero flor sem espinho\u201d.<\/p>\n<p>&nbsp;<\/p>\n<p>Ent\u00e3o dois Anjos desceram,<\/p>\n<p>E entre os jasmins escolheram<\/p>\n<p>E levaram \u2013 Soc\u00f4rrinho.<\/p>\n<p>&nbsp;<\/p>\n<p>1970<\/p>\n<p>&nbsp;<\/p>\n<p>(Entre o C\u00e9u e a Terra \u2013 Corina de Holanda \u2013 p\u00e1g. 44).<\/p>\n\n\t\t\t\t<div class=\"mr_social_sharing_wrapper\">\n\t\t\t\t<!-- Social Sharing Toolkit v2.2 --><span class=\"mr_social_sharing_top\"><span style=\"display: inline-block; width: 55px; height: 62px; overflow: hidden;\"><div class=\"fb-like\" data-href=\"https:\/\/www.blogdopilako.com.br\/wp\/2015\/05\/13\/momento-cultural-lenda-por-corina-de-holanda\/\" data-send=\"false\" data-layout=\"box_count\" data-width=\"55\" data-show-faces=\"false\"><\/div><\/span><\/span><span class=\"mr_social_sharing_top\"><fb:share-button type=\"box_count\" href=\"https:\/\/www.blogdopilako.com.br\/wp\/2015\/05\/13\/momento-cultural-lenda-por-corina-de-holanda\/\"><\/fb:share-button><\/span><span class=\"mr_social_sharing\"><a rel=\"nofollow\" class=\"linksalpha_button linksalpha_link\" href=\"\/\/www.linksalpha.com\/social\/mobile\" data-url=\"https:\/\/www.blogdopilako.com.br\/wp\/2015\/05\/13\/momento-cultural-lenda-por-corina-de-holanda\/\" data-text=\"Momento Cultural: Lenda \u2013 por Corina de Holanda\" data-desc=\"\u00a0 Contam que a Virgem Maria Que \u00e9 Deus a jardineira, Planejou no c\u00e9u, um dia, Uma festa brasileira \u00a0 Na celestial floreira J\u00e1 muitas flores havia... Por\u00e9m, a Virgem, queria Por mais uma... E a maneira, \u00a0 Foi dizer para os Arcanjos: \u201cMandem \u00e0 terra dois anjos. Mas, quero flor\" data-image=\"http:\/\/www.blogdopilako.com.br\/wp\/wp-content\/uploads\/Corina-de-Holanda1.jpg\" data-button=\"none\">\n\t\t\t\t\t<img src=\"\/\/www.linksalpha.com\/images\/social_share_button.png\" alt=\"Share\" class=\"linksalpha_image\" \/>\n\t\t\t\t\t<\/a><script type=\"text\/javascript\" src=\"\/\/www.linksalpha.com\/scripts\/loader_iconbox.js?v=2.4\"><\/script><\/span><\/div>","protected":false},"excerpt":{"rendered":"\n\t\t\t\t<div class=\"mr_social_sharing_wrapper\">\n\t\t\t\t<!-- Social Sharing Toolkit v2.2 --><span class=\"mr_social_sharing_top\"><span style=\"display: inline-block; width: 55px; height: 62px; overflow: hidden;\"><div class=\"fb-like\" data-href=\"https:\/\/www.blogdopilako.com.br\/wp\/2015\/05\/13\/momento-cultural-lenda-por-corina-de-holanda\/\" data-send=\"false\" data-layout=\"box_count\" data-width=\"55\" data-show-faces=\"false\"><\/div><\/span><\/span><span class=\"mr_social_sharing_top\"><fb:share-button type=\"box_count\" href=\"https:\/\/www.blogdopilako.com.br\/wp\/2015\/05\/13\/momento-cultural-lenda-por-corina-de-holanda\/\"><\/fb:share-button><\/span><span class=\"mr_social_sharing\"><a rel=\"nofollow\" class=\"linksalpha_button linksalpha_link\" href=\"\/\/www.linksalpha.com\/social\/mobile\" data-url=\"https:\/\/www.blogdopilako.com.br\/wp\/2015\/05\/13\/momento-cultural-lenda-por-corina-de-holanda\/\" data-text=\"Momento Cultural: Lenda \u2013 por Corina de Holanda\" data-desc=\"\u00a0 Contam que a Virgem Maria Que \u00e9 Deus a jardineira, Planejou no c\u00e9u, um dia, Uma festa brasileira \u00a0 Na celestial floreira J\u00e1 muitas flores havia... Por\u00e9m, a Virgem, queria Por mais uma... E a maneira, \u00a0 Foi dizer para os Arcanjos: \u201cMandem \u00e0 terra dois anjos. Mas, quero flor\" data-image=\"\" data-button=\"none\">\n\t\t\t\t\t<img src=\"\/\/www.linksalpha.com\/images\/social_share_button.png\" alt=\"Share\" class=\"linksalpha_image\" \/>\n\t\t\t\t\t<\/a><script type=\"text\/javascript\" src=\"\/\/www.linksalpha.com\/scripts\/loader_iconbox.js?v=2.4\"><\/script><\/span><\/div><p>&nbsp; Contam que a Virgem Maria Que \u00e9 Deus a jardineira, Planejou no c\u00e9u, um dia, Uma festa brasileira &nbsp; Na celestial floreira J\u00e1 muitas flores havia&#8230; Por\u00e9m, a Virgem, queria Por mais uma&#8230; E a maneira, &nbsp; Foi dizer &hellip; <a href=\"https:\/\/www.blogdopilako.com.br\/wp\/2015\/05\/13\/momento-cultural-lenda-por-corina-de-holanda\/\">Continue lendo <span class=\"meta-nav\">&rarr;<\/span><\/a><\/p>\n\n\t\t\t\t<div class=\"mr_social_sharing_wrapper\">\n\t\t\t\t<!-- Social Sharing Toolkit v2.2 --><span class=\"mr_social_sharing_top\"><span style=\"display: inline-block; width: 55px; height: 62px; overflow: hidden;\"><div class=\"fb-like\" data-href=\"https:\/\/www.blogdopilako.com.br\/wp\/2015\/05\/13\/momento-cultural-lenda-por-corina-de-holanda\/\" data-send=\"false\" data-layout=\"box_count\" data-width=\"55\" data-show-faces=\"false\"><\/div><\/span><\/span><span class=\"mr_social_sharing_top\"><fb:share-button type=\"box_count\" href=\"https:\/\/www.blogdopilako.com.br\/wp\/2015\/05\/13\/momento-cultural-lenda-por-corina-de-holanda\/\"><\/fb:share-button><\/span><span class=\"mr_social_sharing\"><a rel=\"nofollow\" class=\"linksalpha_button linksalpha_link\" href=\"\/\/www.linksalpha.com\/social\/mobile\" data-url=\"https:\/\/www.blogdopilako.com.br\/wp\/2015\/05\/13\/momento-cultural-lenda-por-corina-de-holanda\/\" data-text=\"Momento Cultural: Lenda \u2013 por Corina de Holanda\" data-desc=\"\u00a0 Contam que a Virgem Maria Que \u00e9 Deus a jardineira, Planejou no c\u00e9u, um dia, Uma festa brasileira \u00a0 Na celestial floreira J\u00e1 muitas flores havia... Por\u00e9m, a Virgem, queria Por mais uma... E a maneira, \u00a0 Foi dizer para os Arcanjos: \u201cMandem \u00e0 terra dois anjos. Mas, quero flor\" data-image=\"\" data-button=\"none\">\n\t\t\t\t\t<img src=\"\/\/www.linksalpha.com\/images\/social_share_button.png\" alt=\"Share\" class=\"linksalpha_image\" \/>\n\t\t\t\t\t<\/a><script type=\"text\/javascript\" src=\"\/\/www.linksalpha.com\/scripts\/loader_iconbox.js?v=2.4\"><\/script><\/span><\/div>","protected":false},"author":1,"featured_media":0,"comment_status":"open","ping_status":"open","sticky":false,"template":"","format":"standard","meta":[],"categories":[114],"tags":[],"_links":{"self":[{"href":"https:\/\/www.blogdopilako.com.br\/wp\/wp-json\/wp\/v2\/posts\/75720"}],"collection":[{"href":"https:\/\/www.blogdopilako.com.br\/wp\/wp-json\/wp\/v2\/posts"}],"about":[{"href":"https:\/\/www.blogdopilako.com.br\/wp\/wp-json\/wp\/v2\/types\/post"}],"author":[{"embeddable":true,"href":"https:\/\/www.blogdopilako.com.br\/wp\/wp-json\/wp\/v2\/users\/1"}],"replies":[{"embeddable":true,"href":"https:\/\/www.blogdopilako.com.br\/wp\/wp-json\/wp\/v2\/comments?post=75720"}],"version-history":[{"count":1,"href":"https:\/\/www.blogdopilako.com.br\/wp\/wp-json\/wp\/v2\/posts\/75720\/revisions"}],"predecessor-version":[{"id":75721,"href":"https:\/\/www.blogdopilako.com.br\/wp\/wp-json\/wp\/v2\/posts\/75720\/revisions\/75721"}],"wp:attachment":[{"href":"https:\/\/www.blogdopilako.com.br\/wp\/wp-json\/wp\/v2\/media?parent=75720"}],"wp:term":[{"taxonomy":"category","embeddable":true,"href":"https:\/\/www.blogdopilako.com.br\/wp\/wp-json\/wp\/v2\/categories?post=75720"},{"taxonomy":"post_tag","embeddable":true,"href":"https:\/\/www.blogdopilako.com.br\/wp\/wp-json\/wp\/v2\/tags?post=75720"}],"curies":[{"name":"wp","href":"https:\/\/api.w.org\/{rel}","templated":true}]}}