{"id":74913,"date":"2015-04-23T14:37:34","date_gmt":"2015-04-23T17:37:34","guid":{"rendered":"http:\/\/www.blogdopilako.com.br\/wp\/?p=74913"},"modified":"2015-04-23T14:37:34","modified_gmt":"2015-04-23T17:37:34","slug":"momento-cultural-ante-o-tabernaculo-por-corina-de-holanda","status":"publish","type":"post","link":"https:\/\/www.blogdopilako.com.br\/wp\/2015\/04\/23\/momento-cultural-ante-o-tabernaculo-por-corina-de-holanda\/","title":{"rendered":"Momento Cultural: Ante o Tabern\u00e1culo &#8211; Por Corina de Holanda"},"content":{"rendered":"\n\t\t\t\t<div class=\"mr_social_sharing_wrapper\">\n\t\t\t\t<!-- Social Sharing Toolkit v2.2 --><span class=\"mr_social_sharing_top\"><span style=\"display: inline-block; width: 55px; height: 62px; overflow: hidden;\"><div class=\"fb-like\" data-href=\"https:\/\/www.blogdopilako.com.br\/wp\/2015\/04\/23\/momento-cultural-ante-o-tabernaculo-por-corina-de-holanda\/\" data-send=\"false\" data-layout=\"box_count\" data-width=\"55\" data-show-faces=\"false\"><\/div><\/span><\/span><span class=\"mr_social_sharing_top\"><fb:share-button type=\"box_count\" href=\"https:\/\/www.blogdopilako.com.br\/wp\/2015\/04\/23\/momento-cultural-ante-o-tabernaculo-por-corina-de-holanda\/\"><\/fb:share-button><\/span><span class=\"mr_social_sharing\"><a rel=\"nofollow\" class=\"linksalpha_button linksalpha_link\" href=\"\/\/www.linksalpha.com\/social\/mobile\" data-url=\"https:\/\/www.blogdopilako.com.br\/wp\/2015\/04\/23\/momento-cultural-ante-o-tabernaculo-por-corina-de-holanda\/\" data-text=\"Momento Cultural: Ante o Tabern\u00e1culo \u2013 Por Corina de Holanda\" data-desc=\"Contemplando a pris\u00e3o arquibendita Onde se oculta o Augusto Sacramento Pleno de amor meu cora\u00e7\u00e3o palpita, Da terra afasto, inteiro, o pensamento. \u00a0 Insond\u00e1vel mist\u00e9rio! A infinita Majestade de um Deus, no isolamento, Nas estreitezas dum sacr\u00e1rio habita... Terno Jesus! Qu\u00e3o grande \u00e9 o\" data-image=\"http:\/\/www.blogdopilako.com.br\/wp\/wp-content\/uploads\/Corina-de-Holanda1.jpg\" data-button=\"none\">\n\t\t\t\t\t<img src=\"\/\/www.linksalpha.com\/images\/social_share_button.png\" alt=\"Share\" class=\"linksalpha_image\" \/>\n\t\t\t\t\t<\/a><script type=\"text\/javascript\" src=\"\/\/www.linksalpha.com\/scripts\/loader_iconbox.js?v=2.4\"><\/script><\/span><\/div><p><a href=\"http:\/\/www.blogdopilako.com.br\/wp\/wp-content\/uploads\/Corina-de-Holanda1.jpg\"><img loading=\"lazy\" class=\"aligncenter  wp-image-70855\" src=\"http:\/\/www.blogdopilako.com.br\/wp\/wp-content\/uploads\/Corina-de-Holanda1.jpg\" alt=\"Corina de Holanda\" width=\"336\" height=\"516\" \/><\/a><\/p>\n<p>Contemplando a pris\u00e3o arquibendita<\/p>\n<p>Onde se oculta o Augusto Sacramento<\/p>\n<p>Pleno de amor meu cora\u00e7\u00e3o palpita,<\/p>\n<p>Da terra afasto, inteiro, o pensamento.<\/p>\n<p>&nbsp;<\/p>\n<p>Insond\u00e1vel mist\u00e9rio! A infinita<\/p>\n<p>Majestade de um Deus, no isolamento,<\/p>\n<p>Nas estreitezas dum sacr\u00e1rio habita&#8230;<\/p>\n<p>Terno Jesus! Qu\u00e3o grande \u00e9 o meu tormento,<\/p>\n<p>&nbsp;<\/p>\n<p>Em pensar que n\u00e3o sou como dev\u00eara!<\/p>\n<p>&#8211; eu quisera, meu Deus, que, como a cera<\/p>\n<p>Que arde feliz t\u00e3o perto do hosti\u00e1rio,<\/p>\n<p>&nbsp;<\/p>\n<p>Meu cora\u00e7\u00e3o em puro amor ardesse<\/p>\n<p>E \u00e0 chama desse amor, se derretesse,<\/p>\n<p>Se consumisse \u00e0 vista do sacr\u00e1rio.<\/p>\n<p>1925.<\/p>\n<p>&nbsp;<\/p>\n<p>(Entre o C\u00e9u e a Terra \u2013 Corina de Holanda \u2013 p\u00e1g. 42).<\/p>\n\n\t\t\t\t<div class=\"mr_social_sharing_wrapper\">\n\t\t\t\t<!-- Social Sharing Toolkit v2.2 --><span class=\"mr_social_sharing_top\"><span style=\"display: inline-block; width: 55px; height: 62px; overflow: hidden;\"><div class=\"fb-like\" data-href=\"https:\/\/www.blogdopilako.com.br\/wp\/2015\/04\/23\/momento-cultural-ante-o-tabernaculo-por-corina-de-holanda\/\" data-send=\"false\" data-layout=\"box_count\" data-width=\"55\" data-show-faces=\"false\"><\/div><\/span><\/span><span class=\"mr_social_sharing_top\"><fb:share-button type=\"box_count\" href=\"https:\/\/www.blogdopilako.com.br\/wp\/2015\/04\/23\/momento-cultural-ante-o-tabernaculo-por-corina-de-holanda\/\"><\/fb:share-button><\/span><span class=\"mr_social_sharing\"><a rel=\"nofollow\" class=\"linksalpha_button linksalpha_link\" href=\"\/\/www.linksalpha.com\/social\/mobile\" data-url=\"https:\/\/www.blogdopilako.com.br\/wp\/2015\/04\/23\/momento-cultural-ante-o-tabernaculo-por-corina-de-holanda\/\" data-text=\"Momento Cultural: Ante o Tabern\u00e1culo \u2013 Por Corina de Holanda\" data-desc=\"Contemplando a pris\u00e3o arquibendita Onde se oculta o Augusto Sacramento Pleno de amor meu cora\u00e7\u00e3o palpita, Da terra afasto, inteiro, o pensamento. \u00a0 Insond\u00e1vel mist\u00e9rio! A infinita Majestade de um Deus, no isolamento, Nas estreitezas dum sacr\u00e1rio habita... Terno Jesus! Qu\u00e3o grande \u00e9 o\" data-image=\"http:\/\/www.blogdopilako.com.br\/wp\/wp-content\/uploads\/Corina-de-Holanda1.jpg\" data-button=\"none\">\n\t\t\t\t\t<img src=\"\/\/www.linksalpha.com\/images\/social_share_button.png\" alt=\"Share\" class=\"linksalpha_image\" \/>\n\t\t\t\t\t<\/a><script type=\"text\/javascript\" src=\"\/\/www.linksalpha.com\/scripts\/loader_iconbox.js?v=2.4\"><\/script><\/span><\/div>","protected":false},"excerpt":{"rendered":"\n\t\t\t\t<div class=\"mr_social_sharing_wrapper\">\n\t\t\t\t<!-- Social Sharing Toolkit v2.2 --><span class=\"mr_social_sharing_top\"><span style=\"display: inline-block; width: 55px; height: 62px; overflow: hidden;\"><div class=\"fb-like\" data-href=\"https:\/\/www.blogdopilako.com.br\/wp\/2015\/04\/23\/momento-cultural-ante-o-tabernaculo-por-corina-de-holanda\/\" data-send=\"false\" data-layout=\"box_count\" data-width=\"55\" data-show-faces=\"false\"><\/div><\/span><\/span><span class=\"mr_social_sharing_top\"><fb:share-button type=\"box_count\" href=\"https:\/\/www.blogdopilako.com.br\/wp\/2015\/04\/23\/momento-cultural-ante-o-tabernaculo-por-corina-de-holanda\/\"><\/fb:share-button><\/span><span class=\"mr_social_sharing\"><a rel=\"nofollow\" class=\"linksalpha_button linksalpha_link\" href=\"\/\/www.linksalpha.com\/social\/mobile\" data-url=\"https:\/\/www.blogdopilako.com.br\/wp\/2015\/04\/23\/momento-cultural-ante-o-tabernaculo-por-corina-de-holanda\/\" data-text=\"Momento Cultural: Ante o Tabern\u00e1culo \u2013 Por Corina de Holanda\" data-desc=\"Contemplando a pris\u00e3o arquibendita Onde se oculta o Augusto Sacramento Pleno de amor meu cora\u00e7\u00e3o palpita, Da terra afasto, inteiro, o pensamento. \u00a0 Insond\u00e1vel mist\u00e9rio! A infinita Majestade de um Deus, no isolamento, Nas estreitezas dum sacr\u00e1rio habita... Terno Jesus! Qu\u00e3o grande \u00e9 o\" data-image=\"\" data-button=\"none\">\n\t\t\t\t\t<img src=\"\/\/www.linksalpha.com\/images\/social_share_button.png\" alt=\"Share\" class=\"linksalpha_image\" \/>\n\t\t\t\t\t<\/a><script type=\"text\/javascript\" src=\"\/\/www.linksalpha.com\/scripts\/loader_iconbox.js?v=2.4\"><\/script><\/span><\/div><p>Contemplando a pris\u00e3o arquibendita Onde se oculta o Augusto Sacramento Pleno de amor meu cora\u00e7\u00e3o palpita, Da terra afasto, inteiro, o pensamento. &nbsp; Insond\u00e1vel mist\u00e9rio! A infinita Majestade de um Deus, no isolamento, Nas estreitezas dum sacr\u00e1rio habita&#8230; Terno Jesus! &hellip; <a href=\"https:\/\/www.blogdopilako.com.br\/wp\/2015\/04\/23\/momento-cultural-ante-o-tabernaculo-por-corina-de-holanda\/\">Continue lendo <span class=\"meta-nav\">&rarr;<\/span><\/a><\/p>\n\n\t\t\t\t<div class=\"mr_social_sharing_wrapper\">\n\t\t\t\t<!-- Social Sharing Toolkit v2.2 --><span class=\"mr_social_sharing_top\"><span style=\"display: inline-block; width: 55px; height: 62px; overflow: hidden;\"><div class=\"fb-like\" data-href=\"https:\/\/www.blogdopilako.com.br\/wp\/2015\/04\/23\/momento-cultural-ante-o-tabernaculo-por-corina-de-holanda\/\" data-send=\"false\" data-layout=\"box_count\" data-width=\"55\" data-show-faces=\"false\"><\/div><\/span><\/span><span class=\"mr_social_sharing_top\"><fb:share-button type=\"box_count\" href=\"https:\/\/www.blogdopilako.com.br\/wp\/2015\/04\/23\/momento-cultural-ante-o-tabernaculo-por-corina-de-holanda\/\"><\/fb:share-button><\/span><span class=\"mr_social_sharing\"><a rel=\"nofollow\" class=\"linksalpha_button linksalpha_link\" href=\"\/\/www.linksalpha.com\/social\/mobile\" data-url=\"https:\/\/www.blogdopilako.com.br\/wp\/2015\/04\/23\/momento-cultural-ante-o-tabernaculo-por-corina-de-holanda\/\" data-text=\"Momento Cultural: Ante o Tabern\u00e1culo \u2013 Por Corina de Holanda\" data-desc=\"Contemplando a pris\u00e3o arquibendita Onde se oculta o Augusto Sacramento Pleno de amor meu cora\u00e7\u00e3o palpita, Da terra afasto, inteiro, o pensamento. \u00a0 Insond\u00e1vel mist\u00e9rio! A infinita Majestade de um Deus, no isolamento, Nas estreitezas dum sacr\u00e1rio habita... Terno Jesus! Qu\u00e3o grande \u00e9 o\" data-image=\"\" data-button=\"none\">\n\t\t\t\t\t<img src=\"\/\/www.linksalpha.com\/images\/social_share_button.png\" alt=\"Share\" class=\"linksalpha_image\" \/>\n\t\t\t\t\t<\/a><script type=\"text\/javascript\" src=\"\/\/www.linksalpha.com\/scripts\/loader_iconbox.js?v=2.4\"><\/script><\/span><\/div>","protected":false},"author":1,"featured_media":0,"comment_status":"open","ping_status":"open","sticky":false,"template":"","format":"standard","meta":[],"categories":[114],"tags":[],"_links":{"self":[{"href":"https:\/\/www.blogdopilako.com.br\/wp\/wp-json\/wp\/v2\/posts\/74913"}],"collection":[{"href":"https:\/\/www.blogdopilako.com.br\/wp\/wp-json\/wp\/v2\/posts"}],"about":[{"href":"https:\/\/www.blogdopilako.com.br\/wp\/wp-json\/wp\/v2\/types\/post"}],"author":[{"embeddable":true,"href":"https:\/\/www.blogdopilako.com.br\/wp\/wp-json\/wp\/v2\/users\/1"}],"replies":[{"embeddable":true,"href":"https:\/\/www.blogdopilako.com.br\/wp\/wp-json\/wp\/v2\/comments?post=74913"}],"version-history":[{"count":1,"href":"https:\/\/www.blogdopilako.com.br\/wp\/wp-json\/wp\/v2\/posts\/74913\/revisions"}],"predecessor-version":[{"id":74915,"href":"https:\/\/www.blogdopilako.com.br\/wp\/wp-json\/wp\/v2\/posts\/74913\/revisions\/74915"}],"wp:attachment":[{"href":"https:\/\/www.blogdopilako.com.br\/wp\/wp-json\/wp\/v2\/media?parent=74913"}],"wp:term":[{"taxonomy":"category","embeddable":true,"href":"https:\/\/www.blogdopilako.com.br\/wp\/wp-json\/wp\/v2\/categories?post=74913"},{"taxonomy":"post_tag","embeddable":true,"href":"https:\/\/www.blogdopilako.com.br\/wp\/wp-json\/wp\/v2\/tags?post=74913"}],"curies":[{"name":"wp","href":"https:\/\/api.w.org\/{rel}","templated":true}]}}