{"id":74801,"date":"2015-04-20T16:09:51","date_gmt":"2015-04-20T19:09:51","guid":{"rendered":"http:\/\/www.blogdopilako.com.br\/wp\/?p=74801"},"modified":"2015-04-20T16:17:50","modified_gmt":"2015-04-20T19:17:50","slug":"avlac-homenageia-o-eterno-professor-adao-barnabe","status":"publish","type":"post","link":"https:\/\/www.blogdopilako.com.br\/wp\/2015\/04\/20\/avlac-homenageia-o-eterno-professor-adao-barnabe\/","title":{"rendered":"AVLAC Homenageia o eterno professor Ad\u00e3o Barnab\u00e9."},"content":{"rendered":"\n\t\t\t\t<div class=\"mr_social_sharing_wrapper\">\n\t\t\t\t<!-- Social Sharing Toolkit v2.2 --><span class=\"mr_social_sharing_top\"><span style=\"display: inline-block; width: 55px; height: 62px; overflow: hidden;\"><div class=\"fb-like\" data-href=\"https:\/\/www.blogdopilako.com.br\/wp\/2015\/04\/20\/avlac-homenageia-o-eterno-professor-adao-barnabe\/\" data-send=\"false\" data-layout=\"box_count\" data-width=\"55\" data-show-faces=\"false\"><\/div><\/span><\/span><span class=\"mr_social_sharing_top\"><fb:share-button type=\"box_count\" href=\"https:\/\/www.blogdopilako.com.br\/wp\/2015\/04\/20\/avlac-homenageia-o-eterno-professor-adao-barnabe\/\"><\/fb:share-button><\/span><span class=\"mr_social_sharing\"><a rel=\"nofollow\" class=\"linksalpha_button linksalpha_link\" href=\"\/\/www.linksalpha.com\/social\/mobile\" data-url=\"https:\/\/www.blogdopilako.com.br\/wp\/2015\/04\/20\/avlac-homenageia-o-eterno-professor-adao-barnabe\/\" data-text=\"AVLAC Homenageia o eterno professor Ad\u00e3o Barnab\u00e9.\" data-desc=\"Na noite da sexta (17) a AVLAC \u2013 Academia Vitoriense de \u00a0Letras, Artes e Ci\u00eancia\u00a0- promoveu um evento para real\u00e7ar as qualidades intelectuais do professor \u00a0Ad\u00e3o Barnab\u00e9. Familiares, poetas e admiradores subiram ao palco do Teatro Silogeu para\u00a0 expressar, \u00a0das mais variadas formas, seu\" data-image=\"http:\/\/www.blogdopilako.com.br\/wp\/wp-content\/uploads\/Ad\u00e3o-Barnab\u00e9.jpg\" data-button=\"none\">\n\t\t\t\t\t<img src=\"\/\/www.linksalpha.com\/images\/social_share_button.png\" alt=\"Share\" class=\"linksalpha_image\" \/>\n\t\t\t\t\t<\/a><script type=\"text\/javascript\" src=\"\/\/www.linksalpha.com\/scripts\/loader_iconbox.js?v=2.4\"><\/script><\/span><\/div><p style=\"text-align: justify;\">Na noite da sexta (17) a <strong>AVLAC \u2013 Academia Vitoriense de \u00a0Letras, Artes e Ci\u00eancia\u00a0<\/strong>&#8211; promoveu um evento para real\u00e7ar as qualidades intelectuais do professor \u00a0<strong>Ad\u00e3o Barnab\u00e9<\/strong>. Familiares, poetas e admiradores subiram ao palco do Teatro Silogeu para\u00a0 expressar, \u00a0das mais variadas formas, seu tributo ao eterno Mestre Ad\u00e3o Barnab\u00e9.<\/p>\n<p style=\"text-align: justify;\"><strong>Quem foi Ad\u00e3o Barnab\u00e9?<\/strong><\/p>\n<p style=\"text-align: justify;\"><a href=\"http:\/\/www.blogdopilako.com.br\/wp\/wp-content\/uploads\/Ad\u00e3o-Barnab\u00e9.jpg\"><img loading=\"lazy\" class=\"aligncenter size-full wp-image-74812\" src=\"http:\/\/www.blogdopilako.com.br\/wp\/wp-content\/uploads\/Ad\u00e3o-Barnab\u00e9.jpg\" alt=\"Ad\u00e3o Barnab\u00e9\" width=\"228\" height=\"706\" \/><\/a><\/p>\n<p style=\"text-align: justify;\">Na ocasi\u00e3o fizemos alguns registros em v\u00eddeo. No primeiro, a neta do homenageado, Maria Eduarda, faz a leitura de uma poesia escrita em 1955. No segundo v\u00eddeo o amigo e multiartista, Z\u00f3zimo, musicou uma poesia do professor Ad\u00e3o. J\u00e1 no terceiro registro, o advogado, Pedro Queiroz, transmitiu aos presentes \u00a0um pouco da genialidade do professor Ad\u00e3o, assim como, revelou algumas passagens vivida com o homenageado. Veja os v\u00eddeos<\/p>\n<p style=\"text-align: justify;\"><iframe loading=\"lazy\" src=\"https:\/\/www.youtube.com\/embed\/HMJwGpyrw3M\" width=\"600\" height=\"338\" frameborder=\"0\" allowfullscreen=\"allowfullscreen\"><\/iframe><\/p>\n<p style=\"text-align: justify;\"><iframe loading=\"lazy\" src=\"https:\/\/www.youtube.com\/embed\/gk00vS8cB3Y\" width=\"600\" height=\"338\" frameborder=\"0\" allowfullscreen=\"allowfullscreen\"><\/iframe><\/p>\n<p style=\"text-align: justify;\"><iframe loading=\"lazy\" src=\"https:\/\/www.youtube.com\/embed\/zqVhlmLwHjc\" width=\"600\" height=\"338\" frameborder=\"0\" allowfullscreen=\"allowfullscreen\"><\/iframe><\/p>\n<p style=\"text-align: justify;\">A professora Severina Moura tamb\u00e9m usou da palavra para recitar um cordel de sua autoria.<\/p>\n<p style=\"text-align: justify;\"><a href=\"http:\/\/www.blogdopilako.com.br\/wp\/wp-content\/uploads\/IMG_8465.jpg\"><img loading=\"lazy\" class=\"aligncenter size-full wp-image-74814\" src=\"http:\/\/www.blogdopilako.com.br\/wp\/wp-content\/uploads\/IMG_8465.jpg\" alt=\"IMG_8465\" width=\"536\" height=\"402\" \/><\/a><\/p>\n<blockquote><p>Cordel<\/p>\n<p>a Ad\u00e3o Barnab\u00e9<\/p><\/blockquote>\n<p>&nbsp;<\/p>\n<blockquote><p>Ad\u00e3o Barnab\u00e9 foi professor<\/p>\n<p>Filho querido de Dona Honorina<\/p>\n<p>Que falava franc\u00eas, fluentemente<\/p>\n<p>Tinha um estilo de granfina<\/p>\n<p>Seu filho Claudio, meu colega<\/p>\n<p>E No\u00eamia, amiga de Severina<\/p>\n<p>&nbsp;<\/p>\n<p>Ad\u00e3o dominava muitas l\u00ednguas<\/p>\n<p>Quando outros nem se importavam<\/p>\n<p>Falar mais de uma l\u00edngua, para que?<\/p>\n<p>Pobres, med\u00edocres, nem pensavam<\/p>\n<p>Ser poliglota \u00e9 um privil\u00e9gio<\/p>\n<p>S\u00f3 os iluminados atinavam<\/p>\n<p>&nbsp;<\/p>\n<p>Por isso dou os parab\u00e9ns<\/p>\n<p>\u00c0 fam\u00edlia de Ad\u00e3o Barnab\u00e9<\/p>\n<p>E que sigam tamb\u00e9m, suas pegadas<\/p>\n<p>Para ter na vida o que quiser<\/p>\n<p>Quem quer, pode e tudo alcan\u00e7a<\/p>\n<p>\u00c9 s\u00f3 estudar em busca do saber<\/p>\n<p><strong><br \/>\nSeverina Andrade de Moura<br \/>\n<\/strong>Professora de L\u00edngua Portuguesa e Literatura Brasileira<\/p><\/blockquote>\n<p style=\"text-align: justify;\">Para as pessoas que chegaram a conviver com o professor Ad\u00e3o Barnab\u00e9, ficou a certeza de conhecido com um g\u00eanio. Para os mais novos, que n\u00e3o tiveram o privil\u00e9gio dos seus ensinamentos, fica tamb\u00e9m a certeza que nossa cidade, Vit\u00f3ria de Santo Ant\u00e3o, empobreceu com sua precoce partida. Parab\u00e9ns aos que fazem a diretoria da Academia Vitoriense de Letras, Artes e Ci\u00eancia pela excelente escolha.<\/p>\n\n\t\t<style type=\"text\/css\">\n\t\t\t#gallery-1 {\n\t\t\t\tmargin: auto;\n\t\t\t}\n\t\t\t#gallery-1 .gallery-item {\n\t\t\t\tfloat: left;\n\t\t\t\tmargin-top: 10px;\n\t\t\t\ttext-align: center;\n\t\t\t\twidth: 25%;\n\t\t\t}\n\t\t\t#gallery-1 img {\n\t\t\t\tborder: 2px solid #cfcfcf;\n\t\t\t}\n\t\t\t#gallery-1 .gallery-caption {\n\t\t\t\tmargin-left: 0;\n\t\t\t}\n\t\t\t\/* see gallery_shortcode() in wp-includes\/media.php *\/\n\t\t<\/style>\n\t\t<div id='gallery-1' class='gallery galleryid-74801 gallery-columns-4 gallery-size-thumbnail'><dl class='gallery-item'>\n\t\t\t<dt class='gallery-icon '>\n\t\t\t\t<a href='https:\/\/www.blogdopilako.com.br\/wp\/wp-content\/uploads\/IMG_8420.jpg'>IMG_8420<\/a>\n\t\t\t<\/dt><\/dl><dl class='gallery-item'>\n\t\t\t<dt class='gallery-icon '>\n\t\t\t\t<a href='https:\/\/www.blogdopilako.com.br\/wp\/wp-content\/uploads\/IMG_8470.jpg'>IMG_8470<\/a>\n\t\t\t<\/dt><\/dl><dl class='gallery-item'>\n\t\t\t<dt class='gallery-icon '>\n\t\t\t\t<a href='https:\/\/www.blogdopilako.com.br\/wp\/wp-content\/uploads\/IMG_8473.jpg'>IMG_8473<\/a>\n\t\t\t<\/dt><\/dl><dl class='gallery-item'>\n\t\t\t<dt class='gallery-icon '>\n\t\t\t\t<a href='https:\/\/www.blogdopilako.com.br\/wp\/wp-content\/uploads\/IMG_8442.jpg'>IMG_8442<\/a>\n\t\t\t<\/dt><\/dl><br style=\"clear: both\" \/><dl class='gallery-item'>\n\t\t\t<dt class='gallery-icon '>\n\t\t\t\t<a href='https:\/\/www.blogdopilako.com.br\/wp\/wp-content\/uploads\/IMG_8438.jpg'>IMG_8438<\/a>\n\t\t\t<\/dt><\/dl><dl class='gallery-item'>\n\t\t\t<dt class='gallery-icon '>\n\t\t\t\t<a href='https:\/\/www.blogdopilako.com.br\/wp\/wp-content\/uploads\/IMG_8477.jpg'>IMG_8477<\/a>\n\t\t\t<\/dt><\/dl><dl class='gallery-item'>\n\t\t\t<dt class='gallery-icon '>\n\t\t\t\t<a href='https:\/\/www.blogdopilako.com.br\/wp\/wp-content\/uploads\/IMG_8482.jpg'>IMG_8482<\/a>\n\t\t\t<\/dt><\/dl><dl class='gallery-item'>\n\t\t\t<dt class='gallery-icon '>\n\t\t\t\t<a href='https:\/\/www.blogdopilako.com.br\/wp\/wp-content\/uploads\/IMG_84651.jpg'>IMG_8465<\/a>\n\t\t\t<\/dt><\/dl><br style=\"clear: both\" \/><dl class='gallery-item'>\n\t\t\t<dt class='gallery-icon '>\n\t\t\t\t<a href='https:\/\/www.blogdopilako.com.br\/wp\/wp-content\/uploads\/IMG_8422.jpg'>IMG_8422<\/a>\n\t\t\t<\/dt><\/dl><dl class='gallery-item'>\n\t\t\t<dt class='gallery-icon '>\n\t\t\t\t<a href='https:\/\/www.blogdopilako.com.br\/wp\/wp-content\/uploads\/IMG_8454.jpg'>IMG_8454<\/a>\n\t\t\t<\/dt><\/dl><dl class='gallery-item'>\n\t\t\t<dt class='gallery-icon '>\n\t\t\t\t<a href='https:\/\/www.blogdopilako.com.br\/wp\/wp-content\/uploads\/IMG_84521.jpg'>IMG_8452<\/a>\n\t\t\t<\/dt><\/dl><dl class='gallery-item'>\n\t\t\t<dt class='gallery-icon '>\n\t\t\t\t<a href='https:\/\/www.blogdopilako.com.br\/wp\/wp-content\/uploads\/IMG_84761.jpg'>IMG_8476<\/a>\n\t\t\t<\/dt><\/dl><br style=\"clear: both\" \/><dl class='gallery-item'>\n\t\t\t<dt class='gallery-icon '>\n\t\t\t\t<a href='https:\/\/www.blogdopilako.com.br\/wp\/wp-content\/uploads\/IMG_84261.jpg'>IMG_8426<\/a>\n\t\t\t<\/dt><\/dl><dl class='gallery-item'>\n\t\t\t<dt class='gallery-icon '>\n\t\t\t\t<a href='https:\/\/www.blogdopilako.com.br\/wp\/wp-content\/uploads\/IMG_8428.jpg'>IMG_8428<\/a>\n\t\t\t<\/dt><\/dl><dl class='gallery-item'>\n\t\t\t<dt class='gallery-icon '>\n\t\t\t\t<a href='https:\/\/www.blogdopilako.com.br\/wp\/wp-content\/uploads\/IMG_8435.jpg'>IMG_8435<\/a>\n\t\t\t<\/dt><\/dl><dl class='gallery-item'>\n\t\t\t<dt class='gallery-icon '>\n\t\t\t\t<a href='https:\/\/www.blogdopilako.com.br\/wp\/wp-content\/uploads\/IMG_84611.jpg'>IMG_8461<\/a>\n\t\t\t<\/dt><\/dl><br style=\"clear: both\" \/><dl class='gallery-item'>\n\t\t\t<dt class='gallery-icon '>\n\t\t\t\t<a href='https:\/\/www.blogdopilako.com.br\/wp\/wp-content\/uploads\/IMG_84691.jpg'>IMG_8469<\/a>\n\t\t\t<\/dt><\/dl><dl class='gallery-item'>\n\t\t\t<dt class='gallery-icon '>\n\t\t\t\t<a href='https:\/\/www.blogdopilako.com.br\/wp\/wp-content\/uploads\/IMG_8471.jpg'>IMG_8471<\/a>\n\t\t\t<\/dt><\/dl><dl class='gallery-item'>\n\t\t\t<dt class='gallery-icon '>\n\t\t\t\t<a href='https:\/\/www.blogdopilako.com.br\/wp\/wp-content\/uploads\/IMG_8431.jpg'>IMG_8431<\/a>\n\t\t\t<\/dt><\/dl><dl class='gallery-item'>\n\t\t\t<dt class='gallery-icon '>\n\t\t\t\t<a href='https:\/\/www.blogdopilako.com.br\/wp\/wp-content\/uploads\/IMG_84441.jpg'>IMG_8444<\/a>\n\t\t\t<\/dt><\/dl><br style=\"clear: both\" \/><dl class='gallery-item'>\n\t\t\t<dt class='gallery-icon '>\n\t\t\t\t<a href='https:\/\/www.blogdopilako.com.br\/wp\/wp-content\/uploads\/IMG_84671.jpg'>IMG_8467<\/a>\n\t\t\t<\/dt><\/dl><dl class='gallery-item'>\n\t\t\t<dt class='gallery-icon '>\n\t\t\t\t<a href='https:\/\/www.blogdopilako.com.br\/wp\/wp-content\/uploads\/IMG_8437.jpg'>IMG_8437<\/a>\n\t\t\t<\/dt><\/dl><dl class='gallery-item'>\n\t\t\t<dt class='gallery-icon '>\n\t\t\t\t<a href='https:\/\/www.blogdopilako.com.br\/wp\/wp-content\/uploads\/IMG_84461.jpg'>IMG_8446<\/a>\n\t\t\t<\/dt><\/dl><dl class='gallery-item'>\n\t\t\t<dt class='gallery-icon '>\n\t\t\t\t<a href='https:\/\/www.blogdopilako.com.br\/wp\/wp-content\/uploads\/IMG_84801.jpg'>IMG_8480<\/a>\n\t\t\t<\/dt><\/dl><br style=\"clear: both\" \/><dl class='gallery-item'>\n\t\t\t<dt class='gallery-icon '>\n\t\t\t\t<a href='https:\/\/www.blogdopilako.com.br\/wp\/wp-content\/uploads\/IMG_8430.jpg'>IMG_8430<\/a>\n\t\t\t<\/dt><\/dl><dl class='gallery-item'>\n\t\t\t<dt class='gallery-icon '>\n\t\t\t\t<a href='https:\/\/www.blogdopilako.com.br\/wp\/wp-content\/uploads\/IMG_8448.jpg'>IMG_8448<\/a>\n\t\t\t<\/dt><\/dl><dl class='gallery-item'>\n\t\t\t<dt class='gallery-icon '>\n\t\t\t\t<a href='https:\/\/www.blogdopilako.com.br\/wp\/wp-content\/uploads\/IMG_8423.jpg'>IMG_8423<\/a>\n\t\t\t<\/dt><\/dl>\n\t\t\t<br style='clear: both' \/>\n\t\t<\/div>\n\n\n\t\t\t\t<div class=\"mr_social_sharing_wrapper\">\n\t\t\t\t<!-- Social Sharing Toolkit v2.2 --><span class=\"mr_social_sharing_top\"><span style=\"display: inline-block; width: 55px; height: 62px; overflow: hidden;\"><div class=\"fb-like\" data-href=\"https:\/\/www.blogdopilako.com.br\/wp\/2015\/04\/20\/avlac-homenageia-o-eterno-professor-adao-barnabe\/\" data-send=\"false\" data-layout=\"box_count\" data-width=\"55\" data-show-faces=\"false\"><\/div><\/span><\/span><span class=\"mr_social_sharing_top\"><fb:share-button type=\"box_count\" href=\"https:\/\/www.blogdopilako.com.br\/wp\/2015\/04\/20\/avlac-homenageia-o-eterno-professor-adao-barnabe\/\"><\/fb:share-button><\/span><span class=\"mr_social_sharing\"><a rel=\"nofollow\" class=\"linksalpha_button linksalpha_link\" href=\"\/\/www.linksalpha.com\/social\/mobile\" data-url=\"https:\/\/www.blogdopilako.com.br\/wp\/2015\/04\/20\/avlac-homenageia-o-eterno-professor-adao-barnabe\/\" data-text=\"AVLAC Homenageia o eterno professor Ad\u00e3o Barnab\u00e9.\" data-desc=\"Na noite da sexta (17) a AVLAC \u2013 Academia Vitoriense de \u00a0Letras, Artes e Ci\u00eancia\u00a0- promoveu um evento para real\u00e7ar as qualidades intelectuais do professor \u00a0Ad\u00e3o Barnab\u00e9. Familiares, poetas e admiradores subiram ao palco do Teatro Silogeu para\u00a0 expressar, \u00a0das mais variadas formas, seu\" data-image=\"http:\/\/www.blogdopilako.com.br\/wp\/wp-content\/uploads\/Ad\u00e3o-Barnab\u00e9.jpg\" data-button=\"none\">\n\t\t\t\t\t<img src=\"\/\/www.linksalpha.com\/images\/social_share_button.png\" alt=\"Share\" class=\"linksalpha_image\" \/>\n\t\t\t\t\t<\/a><script type=\"text\/javascript\" src=\"\/\/www.linksalpha.com\/scripts\/loader_iconbox.js?v=2.4\"><\/script><\/span><\/div>","protected":false},"excerpt":{"rendered":"\n\t\t\t\t<div class=\"mr_social_sharing_wrapper\">\n\t\t\t\t<!-- Social Sharing Toolkit v2.2 --><span class=\"mr_social_sharing_top\"><span style=\"display: inline-block; width: 55px; height: 62px; overflow: hidden;\"><div class=\"fb-like\" data-href=\"https:\/\/www.blogdopilako.com.br\/wp\/2015\/04\/20\/avlac-homenageia-o-eterno-professor-adao-barnabe\/\" data-send=\"false\" data-layout=\"box_count\" data-width=\"55\" data-show-faces=\"false\"><\/div><\/span><\/span><span class=\"mr_social_sharing_top\"><fb:share-button type=\"box_count\" href=\"https:\/\/www.blogdopilako.com.br\/wp\/2015\/04\/20\/avlac-homenageia-o-eterno-professor-adao-barnabe\/\"><\/fb:share-button><\/span><span class=\"mr_social_sharing\"><a rel=\"nofollow\" class=\"linksalpha_button linksalpha_link\" href=\"\/\/www.linksalpha.com\/social\/mobile\" data-url=\"https:\/\/www.blogdopilako.com.br\/wp\/2015\/04\/20\/avlac-homenageia-o-eterno-professor-adao-barnabe\/\" data-text=\"AVLAC Homenageia o eterno professor Ad\u00e3o Barnab\u00e9.\" data-desc=\"Na noite da sexta (17) a AVLAC \u2013 Academia Vitoriense de \u00a0Letras, Artes e Ci\u00eancia\u00a0- promoveu um evento para real\u00e7ar as qualidades intelectuais do professor \u00a0Ad\u00e3o Barnab\u00e9. Familiares, poetas e admiradores subiram ao palco do Teatro Silogeu para\u00a0 expressar, \u00a0das mais variadas formas, seu\" data-image=\"\" data-button=\"none\">\n\t\t\t\t\t<img src=\"\/\/www.linksalpha.com\/images\/social_share_button.png\" alt=\"Share\" class=\"linksalpha_image\" \/>\n\t\t\t\t\t<\/a><script type=\"text\/javascript\" src=\"\/\/www.linksalpha.com\/scripts\/loader_iconbox.js?v=2.4\"><\/script><\/span><\/div><p>Na noite da sexta (17) a AVLAC \u2013 Academia Vitoriense de \u00a0Letras, Artes e Ci\u00eancia\u00a0&#8211; promoveu um evento para real\u00e7ar as qualidades intelectuais do professor \u00a0Ad\u00e3o Barnab\u00e9. Familiares, poetas e admiradores subiram ao palco do Teatro Silogeu para\u00a0 expressar, \u00a0das &hellip; <a href=\"https:\/\/www.blogdopilako.com.br\/wp\/2015\/04\/20\/avlac-homenageia-o-eterno-professor-adao-barnabe\/\">Continue lendo <span class=\"meta-nav\">&rarr;<\/span><\/a><\/p>\n\n\t\t\t\t<div class=\"mr_social_sharing_wrapper\">\n\t\t\t\t<!-- Social Sharing Toolkit v2.2 --><span class=\"mr_social_sharing_top\"><span style=\"display: inline-block; width: 55px; height: 62px; overflow: hidden;\"><div class=\"fb-like\" data-href=\"https:\/\/www.blogdopilako.com.br\/wp\/2015\/04\/20\/avlac-homenageia-o-eterno-professor-adao-barnabe\/\" data-send=\"false\" data-layout=\"box_count\" data-width=\"55\" data-show-faces=\"false\"><\/div><\/span><\/span><span class=\"mr_social_sharing_top\"><fb:share-button type=\"box_count\" href=\"https:\/\/www.blogdopilako.com.br\/wp\/2015\/04\/20\/avlac-homenageia-o-eterno-professor-adao-barnabe\/\"><\/fb:share-button><\/span><span class=\"mr_social_sharing\"><a rel=\"nofollow\" class=\"linksalpha_button linksalpha_link\" href=\"\/\/www.linksalpha.com\/social\/mobile\" data-url=\"https:\/\/www.blogdopilako.com.br\/wp\/2015\/04\/20\/avlac-homenageia-o-eterno-professor-adao-barnabe\/\" data-text=\"AVLAC Homenageia o eterno professor Ad\u00e3o Barnab\u00e9.\" data-desc=\"Na noite da sexta (17) a AVLAC \u2013 Academia Vitoriense de \u00a0Letras, Artes e Ci\u00eancia\u00a0- promoveu um evento para real\u00e7ar as qualidades intelectuais do professor \u00a0Ad\u00e3o Barnab\u00e9. Familiares, poetas e admiradores subiram ao palco do Teatro Silogeu para\u00a0 expressar, \u00a0das mais variadas formas, seu\" data-image=\"\" data-button=\"none\">\n\t\t\t\t\t<img src=\"\/\/www.linksalpha.com\/images\/social_share_button.png\" alt=\"Share\" class=\"linksalpha_image\" \/>\n\t\t\t\t\t<\/a><script type=\"text\/javascript\" src=\"\/\/www.linksalpha.com\/scripts\/loader_iconbox.js?v=2.4\"><\/script><\/span><\/div>","protected":false},"author":4,"featured_media":0,"comment_status":"open","ping_status":"open","sticky":false,"template":"","format":"standard","meta":[],"categories":[22],"tags":[],"_links":{"self":[{"href":"https:\/\/www.blogdopilako.com.br\/wp\/wp-json\/wp\/v2\/posts\/74801"}],"collection":[{"href":"https:\/\/www.blogdopilako.com.br\/wp\/wp-json\/wp\/v2\/posts"}],"about":[{"href":"https:\/\/www.blogdopilako.com.br\/wp\/wp-json\/wp\/v2\/types\/post"}],"author":[{"embeddable":true,"href":"https:\/\/www.blogdopilako.com.br\/wp\/wp-json\/wp\/v2\/users\/4"}],"replies":[{"embeddable":true,"href":"https:\/\/www.blogdopilako.com.br\/wp\/wp-json\/wp\/v2\/comments?post=74801"}],"version-history":[{"count":6,"href":"https:\/\/www.blogdopilako.com.br\/wp\/wp-json\/wp\/v2\/posts\/74801\/revisions"}],"predecessor-version":[{"id":74854,"href":"https:\/\/www.blogdopilako.com.br\/wp\/wp-json\/wp\/v2\/posts\/74801\/revisions\/74854"}],"wp:attachment":[{"href":"https:\/\/www.blogdopilako.com.br\/wp\/wp-json\/wp\/v2\/media?parent=74801"}],"wp:term":[{"taxonomy":"category","embeddable":true,"href":"https:\/\/www.blogdopilako.com.br\/wp\/wp-json\/wp\/v2\/categories?post=74801"},{"taxonomy":"post_tag","embeddable":true,"href":"https:\/\/www.blogdopilako.com.br\/wp\/wp-json\/wp\/v2\/tags?post=74801"}],"curies":[{"name":"wp","href":"https:\/\/api.w.org\/{rel}","templated":true}]}}