{"id":74725,"date":"2015-04-17T15:13:42","date_gmt":"2015-04-17T18:13:42","guid":{"rendered":"http:\/\/www.blogdopilako.com.br\/wp\/?p=74725"},"modified":"2015-04-17T15:13:42","modified_gmt":"2015-04-17T18:13:42","slug":"palinha-do-leo-dos-monges-apaga-o-fogo-mane-martinho-da-vila","status":"publish","type":"post","link":"https:\/\/www.blogdopilako.com.br\/wp\/2015\/04\/17\/palinha-do-leo-dos-monges-apaga-o-fogo-mane-martinho-da-vila\/","title":{"rendered":"Palinha do L\u00e9o dos Monges: APAGA O FOGO MAN\u00c9 (MARTINHO DA VILA)"},"content":{"rendered":"\n\t\t\t\t<div class=\"mr_social_sharing_wrapper\">\n\t\t\t\t<!-- Social Sharing Toolkit v2.2 --><span class=\"mr_social_sharing_top\"><span style=\"display: inline-block; width: 55px; height: 62px; overflow: hidden;\"><div class=\"fb-like\" data-href=\"https:\/\/www.blogdopilako.com.br\/wp\/2015\/04\/17\/palinha-do-leo-dos-monges-apaga-o-fogo-mane-martinho-da-vila\/\" data-send=\"false\" data-layout=\"box_count\" data-width=\"55\" data-show-faces=\"false\"><\/div><\/span><\/span><span class=\"mr_social_sharing_top\"><fb:share-button type=\"box_count\" href=\"https:\/\/www.blogdopilako.com.br\/wp\/2015\/04\/17\/palinha-do-leo-dos-monges-apaga-o-fogo-mane-martinho-da-vila\/\"><\/fb:share-button><\/span><span class=\"mr_social_sharing\"><a rel=\"nofollow\" class=\"linksalpha_button linksalpha_link\" href=\"\/\/www.linksalpha.com\/social\/mobile\" data-url=\"https:\/\/www.blogdopilako.com.br\/wp\/2015\/04\/17\/palinha-do-leo-dos-monges-apaga-o-fogo-mane-martinho-da-vila\/\" data-text=\"Palinha do L\u00e9o dos Monges: APAGA O FOGO MAN\u00c9 (MARTINHO DA VILA)\" data-desc=\"APAGA O FOGO MAN\u00c9 (MARTINHO DA VILA) AUTOR: ADONIRAN BARBOSA In\u00eas saiu dizendo que ia comprar pavio pro lampi\u00e3o pode me esperar, man\u00e9 que eu j\u00e1 volto j\u00e1 acendi o fog\u00e3o botei \u00e1gua pra esquentar e fui pro port\u00e3o s\u00f3 pra ver in\u00eas chegar anoiteceu e ela n\u00e3o voltou fui pra rua feito louco pra\" data-image=\"http:\/\/www.blogdopilako.com.br\/wp\/wp-content\/uploads\/leo.jpg\" data-button=\"none\">\n\t\t\t\t\t<img src=\"\/\/www.linksalpha.com\/images\/social_share_button.png\" alt=\"Share\" class=\"linksalpha_image\" \/>\n\t\t\t\t\t<\/a><script type=\"text\/javascript\" src=\"\/\/www.linksalpha.com\/scripts\/loader_iconbox.js?v=2.4\"><\/script><\/span><\/div><p>APAGA O FOGO MAN\u00c9 (MARTINHO DA VILA)<br \/>\nAUTOR: ADONIRAN BARBOSA<\/p>\n<p><iframe loading=\"lazy\" src=\"https:\/\/www.youtube.com\/embed\/ib-aH7-xmjw\" width=\"600\" height=\"450\" frameborder=\"0\" allowfullscreen=\"allowfullscreen\"><\/iframe><\/p>\n<p>In\u00eas saiu dizendo que ia<br \/>\ncomprar pavio pro lampi\u00e3o<br \/>\npode me esperar, man\u00e9<br \/>\nque eu j\u00e1 volto j\u00e1<br \/>\nacendi o fog\u00e3o botei \u00e1gua pra esquentar<br \/>\ne fui pro port\u00e3o s\u00f3 pra ver in\u00eas chegar<br \/>\nanoiteceu e ela n\u00e3o voltou<br \/>\nfui pra rua feito louco<br \/>\npra saber o que aconteceu<\/p>\n<p>Procurei na central<br \/>\nProcurei no hospital e no xadrez<\/p>\n<p>andei a cidade inteira<br \/>\ne n\u00e3o encontrei in\u00eas<br \/>\nvoltei pra casa triste demais<br \/>\no que in\u00eas me fez n\u00e3o se faz<br \/>\npois no ch\u00e3o bem perto do fog\u00e3o<br \/>\nencontrei um papel escrito assim<br \/>\npode apagar o fogo, man\u00e9<br \/>\nque eu n\u00e3o volto mais<\/p>\n<p><strong><a href=\"http:\/\/www.blogdopilako.com.br\/wp\/wp-content\/uploads\/leo.jpg\"><img loading=\"lazy\" class=\"alignleft\" src=\"http:\/\/www.blogdopilako.com.br\/wp\/wp-content\/uploads\/leo.jpg\" alt=\"leo\" width=\"232\" height=\"194\" \/><\/a><\/strong><\/p>\n<p>&nbsp;<\/p>\n<p>&nbsp;<\/p>\n<p><strong>Leo dos Monges<\/strong><\/p>\n<p><a href=\"http:\/\/radiosintoniabrasil.com.br\/\"><img loading=\"lazy\" class=\"aligncenter\" src=\"http:\/\/www.blogdopilako.com.br\/wp\/wp-content\/uploads\/Bot\u00e3o-RSB.jpg\" alt=\"Bot\u00e3o RSB\" width=\"465\" height=\"80\" \/><\/a><\/p>\n\n\t\t\t\t<div class=\"mr_social_sharing_wrapper\">\n\t\t\t\t<!-- Social Sharing Toolkit v2.2 --><span class=\"mr_social_sharing_top\"><span style=\"display: inline-block; width: 55px; height: 62px; overflow: hidden;\"><div class=\"fb-like\" data-href=\"https:\/\/www.blogdopilako.com.br\/wp\/2015\/04\/17\/palinha-do-leo-dos-monges-apaga-o-fogo-mane-martinho-da-vila\/\" data-send=\"false\" data-layout=\"box_count\" data-width=\"55\" data-show-faces=\"false\"><\/div><\/span><\/span><span class=\"mr_social_sharing_top\"><fb:share-button type=\"box_count\" href=\"https:\/\/www.blogdopilako.com.br\/wp\/2015\/04\/17\/palinha-do-leo-dos-monges-apaga-o-fogo-mane-martinho-da-vila\/\"><\/fb:share-button><\/span><span class=\"mr_social_sharing\"><a rel=\"nofollow\" class=\"linksalpha_button linksalpha_link\" href=\"\/\/www.linksalpha.com\/social\/mobile\" data-url=\"https:\/\/www.blogdopilako.com.br\/wp\/2015\/04\/17\/palinha-do-leo-dos-monges-apaga-o-fogo-mane-martinho-da-vila\/\" data-text=\"Palinha do L\u00e9o dos Monges: APAGA O FOGO MAN\u00c9 (MARTINHO DA VILA)\" data-desc=\"APAGA O FOGO MAN\u00c9 (MARTINHO DA VILA) AUTOR: ADONIRAN BARBOSA In\u00eas saiu dizendo que ia comprar pavio pro lampi\u00e3o pode me esperar, man\u00e9 que eu j\u00e1 volto j\u00e1 acendi o fog\u00e3o botei \u00e1gua pra esquentar e fui pro port\u00e3o s\u00f3 pra ver in\u00eas chegar anoiteceu e ela n\u00e3o voltou fui pra rua feito louco pra\" data-image=\"http:\/\/www.blogdopilako.com.br\/wp\/wp-content\/uploads\/leo.jpg\" data-button=\"none\">\n\t\t\t\t\t<img src=\"\/\/www.linksalpha.com\/images\/social_share_button.png\" alt=\"Share\" class=\"linksalpha_image\" \/>\n\t\t\t\t\t<\/a><script type=\"text\/javascript\" src=\"\/\/www.linksalpha.com\/scripts\/loader_iconbox.js?v=2.4\"><\/script><\/span><\/div>","protected":false},"excerpt":{"rendered":"\n\t\t\t\t<div class=\"mr_social_sharing_wrapper\">\n\t\t\t\t<!-- Social Sharing Toolkit v2.2 --><span class=\"mr_social_sharing_top\"><span style=\"display: inline-block; width: 55px; height: 62px; overflow: hidden;\"><div class=\"fb-like\" data-href=\"https:\/\/www.blogdopilako.com.br\/wp\/2015\/04\/17\/palinha-do-leo-dos-monges-apaga-o-fogo-mane-martinho-da-vila\/\" data-send=\"false\" data-layout=\"box_count\" data-width=\"55\" data-show-faces=\"false\"><\/div><\/span><\/span><span class=\"mr_social_sharing_top\"><fb:share-button type=\"box_count\" href=\"https:\/\/www.blogdopilako.com.br\/wp\/2015\/04\/17\/palinha-do-leo-dos-monges-apaga-o-fogo-mane-martinho-da-vila\/\"><\/fb:share-button><\/span><span class=\"mr_social_sharing\"><a rel=\"nofollow\" class=\"linksalpha_button linksalpha_link\" href=\"\/\/www.linksalpha.com\/social\/mobile\" data-url=\"https:\/\/www.blogdopilako.com.br\/wp\/2015\/04\/17\/palinha-do-leo-dos-monges-apaga-o-fogo-mane-martinho-da-vila\/\" data-text=\"Palinha do L\u00e9o dos Monges: APAGA O FOGO MAN\u00c9 (MARTINHO DA VILA)\" data-desc=\"APAGA O FOGO MAN\u00c9 (MARTINHO DA VILA) AUTOR: ADONIRAN BARBOSA In\u00eas saiu dizendo que ia comprar pavio pro lampi\u00e3o pode me esperar, man\u00e9 que eu j\u00e1 volto j\u00e1 acendi o fog\u00e3o botei \u00e1gua pra esquentar e fui pro port\u00e3o s\u00f3 pra ver in\u00eas chegar anoiteceu e ela n\u00e3o voltou fui pra rua feito louco pra\" data-image=\"\" data-button=\"none\">\n\t\t\t\t\t<img src=\"\/\/www.linksalpha.com\/images\/social_share_button.png\" alt=\"Share\" class=\"linksalpha_image\" \/>\n\t\t\t\t\t<\/a><script type=\"text\/javascript\" src=\"\/\/www.linksalpha.com\/scripts\/loader_iconbox.js?v=2.4\"><\/script><\/span><\/div><p>APAGA O FOGO MAN\u00c9 (MARTINHO DA VILA) AUTOR: ADONIRAN BARBOSA In\u00eas saiu dizendo que ia comprar pavio pro lampi\u00e3o pode me esperar, man\u00e9 que eu j\u00e1 volto j\u00e1 acendi o fog\u00e3o botei \u00e1gua pra esquentar e fui pro port\u00e3o s\u00f3 &hellip; <a href=\"https:\/\/www.blogdopilako.com.br\/wp\/2015\/04\/17\/palinha-do-leo-dos-monges-apaga-o-fogo-mane-martinho-da-vila\/\">Continue lendo <span class=\"meta-nav\">&rarr;<\/span><\/a><\/p>\n\n\t\t\t\t<div class=\"mr_social_sharing_wrapper\">\n\t\t\t\t<!-- Social Sharing Toolkit v2.2 --><span class=\"mr_social_sharing_top\"><span style=\"display: inline-block; width: 55px; height: 62px; overflow: hidden;\"><div class=\"fb-like\" data-href=\"https:\/\/www.blogdopilako.com.br\/wp\/2015\/04\/17\/palinha-do-leo-dos-monges-apaga-o-fogo-mane-martinho-da-vila\/\" data-send=\"false\" data-layout=\"box_count\" data-width=\"55\" data-show-faces=\"false\"><\/div><\/span><\/span><span class=\"mr_social_sharing_top\"><fb:share-button type=\"box_count\" href=\"https:\/\/www.blogdopilako.com.br\/wp\/2015\/04\/17\/palinha-do-leo-dos-monges-apaga-o-fogo-mane-martinho-da-vila\/\"><\/fb:share-button><\/span><span class=\"mr_social_sharing\"><a rel=\"nofollow\" class=\"linksalpha_button linksalpha_link\" href=\"\/\/www.linksalpha.com\/social\/mobile\" data-url=\"https:\/\/www.blogdopilako.com.br\/wp\/2015\/04\/17\/palinha-do-leo-dos-monges-apaga-o-fogo-mane-martinho-da-vila\/\" data-text=\"Palinha do L\u00e9o dos Monges: APAGA O FOGO MAN\u00c9 (MARTINHO DA VILA)\" data-desc=\"APAGA O FOGO MAN\u00c9 (MARTINHO DA VILA) AUTOR: ADONIRAN BARBOSA In\u00eas saiu dizendo que ia comprar pavio pro lampi\u00e3o pode me esperar, man\u00e9 que eu j\u00e1 volto j\u00e1 acendi o fog\u00e3o botei \u00e1gua pra esquentar e fui pro port\u00e3o s\u00f3 pra ver in\u00eas chegar anoiteceu e ela n\u00e3o voltou fui pra rua feito louco pra\" data-image=\"\" data-button=\"none\">\n\t\t\t\t\t<img src=\"\/\/www.linksalpha.com\/images\/social_share_button.png\" alt=\"Share\" class=\"linksalpha_image\" \/>\n\t\t\t\t\t<\/a><script type=\"text\/javascript\" src=\"\/\/www.linksalpha.com\/scripts\/loader_iconbox.js?v=2.4\"><\/script><\/span><\/div>","protected":false},"author":1,"featured_media":0,"comment_status":"open","ping_status":"open","sticky":false,"template":"","format":"standard","meta":[],"categories":[22],"tags":[],"_links":{"self":[{"href":"https:\/\/www.blogdopilako.com.br\/wp\/wp-json\/wp\/v2\/posts\/74725"}],"collection":[{"href":"https:\/\/www.blogdopilako.com.br\/wp\/wp-json\/wp\/v2\/posts"}],"about":[{"href":"https:\/\/www.blogdopilako.com.br\/wp\/wp-json\/wp\/v2\/types\/post"}],"author":[{"embeddable":true,"href":"https:\/\/www.blogdopilako.com.br\/wp\/wp-json\/wp\/v2\/users\/1"}],"replies":[{"embeddable":true,"href":"https:\/\/www.blogdopilako.com.br\/wp\/wp-json\/wp\/v2\/comments?post=74725"}],"version-history":[{"count":1,"href":"https:\/\/www.blogdopilako.com.br\/wp\/wp-json\/wp\/v2\/posts\/74725\/revisions"}],"predecessor-version":[{"id":74726,"href":"https:\/\/www.blogdopilako.com.br\/wp\/wp-json\/wp\/v2\/posts\/74725\/revisions\/74726"}],"wp:attachment":[{"href":"https:\/\/www.blogdopilako.com.br\/wp\/wp-json\/wp\/v2\/media?parent=74725"}],"wp:term":[{"taxonomy":"category","embeddable":true,"href":"https:\/\/www.blogdopilako.com.br\/wp\/wp-json\/wp\/v2\/categories?post=74725"},{"taxonomy":"post_tag","embeddable":true,"href":"https:\/\/www.blogdopilako.com.br\/wp\/wp-json\/wp\/v2\/tags?post=74725"}],"curies":[{"name":"wp","href":"https:\/\/api.w.org\/{rel}","templated":true}]}}