{"id":74564,"date":"2015-04-14T11:17:27","date_gmt":"2015-04-14T14:17:27","guid":{"rendered":"http:\/\/www.blogdopilako.com.br\/wp\/?p=74564"},"modified":"2015-04-14T11:17:27","modified_gmt":"2015-04-14T14:17:27","slug":"urgente-desaparecida","status":"publish","type":"post","link":"https:\/\/www.blogdopilako.com.br\/wp\/2015\/04\/14\/urgente-desaparecida\/","title":{"rendered":"URGENTE: DESAPARECIDA."},"content":{"rendered":"\n\t\t\t\t<div class=\"mr_social_sharing_wrapper\">\n\t\t\t\t<!-- Social Sharing Toolkit v2.2 --><span class=\"mr_social_sharing_top\"><span style=\"display: inline-block; width: 55px; height: 62px; overflow: hidden;\"><div class=\"fb-like\" data-href=\"https:\/\/www.blogdopilako.com.br\/wp\/2015\/04\/14\/urgente-desaparecida\/\" data-send=\"false\" data-layout=\"box_count\" data-width=\"55\" data-show-faces=\"false\"><\/div><\/span><\/span><span class=\"mr_social_sharing_top\"><fb:share-button type=\"box_count\" href=\"https:\/\/www.blogdopilako.com.br\/wp\/2015\/04\/14\/urgente-desaparecida\/\"><\/fb:share-button><\/span><span class=\"mr_social_sharing\"><a rel=\"nofollow\" class=\"linksalpha_button linksalpha_link\" href=\"\/\/www.linksalpha.com\/social\/mobile\" data-url=\"https:\/\/www.blogdopilako.com.br\/wp\/2015\/04\/14\/urgente-desaparecida\/\" data-text=\"URGENTE: DESAPARECIDA.\" data-desc=\"Encontra-se desaparecida desde s\u00e1bado passado, dia 11 de abril, a senhora Maria de Lurdes Pereira de Assis, tamb\u00e9m conhecida por RITINHA. Segundo seu pai, Natan Ferrovi\u00e1rio, a mesma \u00e9 portadora de problemas mentais. Qualquer informa\u00e7\u00e3o, ligar para 3526-5247. A fam\u00edlia agradece\" data-image=\"http:\/\/www.blogdopilako.com.br\/wp\/wp-content\/uploads\/foto50.jpg\" data-button=\"none\">\n\t\t\t\t\t<img src=\"\/\/www.linksalpha.com\/images\/social_share_button.png\" alt=\"Share\" class=\"linksalpha_image\" \/>\n\t\t\t\t\t<\/a><script type=\"text\/javascript\" src=\"\/\/www.linksalpha.com\/scripts\/loader_iconbox.js?v=2.4\"><\/script><\/span><\/div><p style=\"text-align: justify;\"><a href=\"http:\/\/www.blogdopilako.com.br\/wp\/wp-content\/uploads\/foto50.jpg\"><img loading=\"lazy\" class=\"aligncenter size-full wp-image-74572\" src=\"http:\/\/www.blogdopilako.com.br\/wp\/wp-content\/uploads\/foto50.jpg\" alt=\"foto\" width=\"531\" height=\"802\" \/><\/a><\/p>\n<p style=\"text-align: justify;\">Encontra-se desaparecida desde s\u00e1bado passado, dia 11 de abril, a senhora <strong>Maria de Lurdes Pereira de Assis<\/strong>, tamb\u00e9m conhecida por <strong>RITINHA<\/strong>. Segundo seu pai, <strong>Natan Ferrovi\u00e1rio<\/strong>, a mesma \u00e9 portadora de problemas mentais. Qualquer informa\u00e7\u00e3o, ligar para 3526-5247. A fam\u00edlia agradece antecipadamente.<\/p>\n\n\t\t\t\t<div class=\"mr_social_sharing_wrapper\">\n\t\t\t\t<!-- Social Sharing Toolkit v2.2 --><span class=\"mr_social_sharing_top\"><span style=\"display: inline-block; width: 55px; height: 62px; overflow: hidden;\"><div class=\"fb-like\" data-href=\"https:\/\/www.blogdopilako.com.br\/wp\/2015\/04\/14\/urgente-desaparecida\/\" data-send=\"false\" data-layout=\"box_count\" data-width=\"55\" data-show-faces=\"false\"><\/div><\/span><\/span><span class=\"mr_social_sharing_top\"><fb:share-button type=\"box_count\" href=\"https:\/\/www.blogdopilako.com.br\/wp\/2015\/04\/14\/urgente-desaparecida\/\"><\/fb:share-button><\/span><span class=\"mr_social_sharing\"><a rel=\"nofollow\" class=\"linksalpha_button linksalpha_link\" href=\"\/\/www.linksalpha.com\/social\/mobile\" data-url=\"https:\/\/www.blogdopilako.com.br\/wp\/2015\/04\/14\/urgente-desaparecida\/\" data-text=\"URGENTE: DESAPARECIDA.\" data-desc=\"Encontra-se desaparecida desde s\u00e1bado passado, dia 11 de abril, a senhora Maria de Lurdes Pereira de Assis, tamb\u00e9m conhecida por RITINHA. Segundo seu pai, Natan Ferrovi\u00e1rio, a mesma \u00e9 portadora de problemas mentais. Qualquer informa\u00e7\u00e3o, ligar para 3526-5247. A fam\u00edlia agradece\" data-image=\"http:\/\/www.blogdopilako.com.br\/wp\/wp-content\/uploads\/foto50.jpg\" data-button=\"none\">\n\t\t\t\t\t<img src=\"\/\/www.linksalpha.com\/images\/social_share_button.png\" alt=\"Share\" class=\"linksalpha_image\" \/>\n\t\t\t\t\t<\/a><script type=\"text\/javascript\" src=\"\/\/www.linksalpha.com\/scripts\/loader_iconbox.js?v=2.4\"><\/script><\/span><\/div>","protected":false},"excerpt":{"rendered":"\n\t\t\t\t<div class=\"mr_social_sharing_wrapper\">\n\t\t\t\t<!-- Social Sharing Toolkit v2.2 --><span class=\"mr_social_sharing_top\"><span style=\"display: inline-block; width: 55px; height: 62px; overflow: hidden;\"><div class=\"fb-like\" data-href=\"https:\/\/www.blogdopilako.com.br\/wp\/2015\/04\/14\/urgente-desaparecida\/\" data-send=\"false\" data-layout=\"box_count\" data-width=\"55\" data-show-faces=\"false\"><\/div><\/span><\/span><span class=\"mr_social_sharing_top\"><fb:share-button type=\"box_count\" href=\"https:\/\/www.blogdopilako.com.br\/wp\/2015\/04\/14\/urgente-desaparecida\/\"><\/fb:share-button><\/span><span class=\"mr_social_sharing\"><a rel=\"nofollow\" class=\"linksalpha_button linksalpha_link\" href=\"\/\/www.linksalpha.com\/social\/mobile\" data-url=\"https:\/\/www.blogdopilako.com.br\/wp\/2015\/04\/14\/urgente-desaparecida\/\" data-text=\"URGENTE: DESAPARECIDA.\" data-desc=\"Encontra-se desaparecida desde s\u00e1bado passado, dia 11 de abril, a senhora Maria de Lurdes Pereira de Assis, tamb\u00e9m conhecida por RITINHA. Segundo seu pai, Natan Ferrovi\u00e1rio, a mesma \u00e9 portadora de problemas mentais. Qualquer informa\u00e7\u00e3o, ligar para 3526-5247. A fam\u00edlia agradece\" data-image=\"\" data-button=\"none\">\n\t\t\t\t\t<img src=\"\/\/www.linksalpha.com\/images\/social_share_button.png\" alt=\"Share\" class=\"linksalpha_image\" \/>\n\t\t\t\t\t<\/a><script type=\"text\/javascript\" src=\"\/\/www.linksalpha.com\/scripts\/loader_iconbox.js?v=2.4\"><\/script><\/span><\/div><p>Encontra-se desaparecida desde s\u00e1bado passado, dia 11 de abril, a senhora Maria de Lurdes Pereira de Assis, tamb\u00e9m conhecida por RITINHA. Segundo seu pai, Natan Ferrovi\u00e1rio, a mesma \u00e9 portadora de problemas mentais. Qualquer informa\u00e7\u00e3o, ligar para 3526-5247. A fam\u00edlia &hellip; <a href=\"https:\/\/www.blogdopilako.com.br\/wp\/2015\/04\/14\/urgente-desaparecida\/\">Continue lendo <span class=\"meta-nav\">&rarr;<\/span><\/a><\/p>\n\n\t\t\t\t<div class=\"mr_social_sharing_wrapper\">\n\t\t\t\t<!-- Social Sharing Toolkit v2.2 --><span class=\"mr_social_sharing_top\"><span style=\"display: inline-block; width: 55px; height: 62px; overflow: hidden;\"><div class=\"fb-like\" data-href=\"https:\/\/www.blogdopilako.com.br\/wp\/2015\/04\/14\/urgente-desaparecida\/\" data-send=\"false\" data-layout=\"box_count\" data-width=\"55\" data-show-faces=\"false\"><\/div><\/span><\/span><span class=\"mr_social_sharing_top\"><fb:share-button type=\"box_count\" href=\"https:\/\/www.blogdopilako.com.br\/wp\/2015\/04\/14\/urgente-desaparecida\/\"><\/fb:share-button><\/span><span class=\"mr_social_sharing\"><a rel=\"nofollow\" class=\"linksalpha_button linksalpha_link\" href=\"\/\/www.linksalpha.com\/social\/mobile\" data-url=\"https:\/\/www.blogdopilako.com.br\/wp\/2015\/04\/14\/urgente-desaparecida\/\" data-text=\"URGENTE: DESAPARECIDA.\" data-desc=\"Encontra-se desaparecida desde s\u00e1bado passado, dia 11 de abril, a senhora Maria de Lurdes Pereira de Assis, tamb\u00e9m conhecida por RITINHA. Segundo seu pai, Natan Ferrovi\u00e1rio, a mesma \u00e9 portadora de problemas mentais. Qualquer informa\u00e7\u00e3o, ligar para 3526-5247. A fam\u00edlia agradece\" data-image=\"\" data-button=\"none\">\n\t\t\t\t\t<img src=\"\/\/www.linksalpha.com\/images\/social_share_button.png\" alt=\"Share\" class=\"linksalpha_image\" \/>\n\t\t\t\t\t<\/a><script type=\"text\/javascript\" src=\"\/\/www.linksalpha.com\/scripts\/loader_iconbox.js?v=2.4\"><\/script><\/span><\/div>","protected":false},"author":4,"featured_media":0,"comment_status":"open","ping_status":"open","sticky":false,"template":"","format":"standard","meta":[],"categories":[22],"tags":[],"_links":{"self":[{"href":"https:\/\/www.blogdopilako.com.br\/wp\/wp-json\/wp\/v2\/posts\/74564"}],"collection":[{"href":"https:\/\/www.blogdopilako.com.br\/wp\/wp-json\/wp\/v2\/posts"}],"about":[{"href":"https:\/\/www.blogdopilako.com.br\/wp\/wp-json\/wp\/v2\/types\/post"}],"author":[{"embeddable":true,"href":"https:\/\/www.blogdopilako.com.br\/wp\/wp-json\/wp\/v2\/users\/4"}],"replies":[{"embeddable":true,"href":"https:\/\/www.blogdopilako.com.br\/wp\/wp-json\/wp\/v2\/comments?post=74564"}],"version-history":[{"count":3,"href":"https:\/\/www.blogdopilako.com.br\/wp\/wp-json\/wp\/v2\/posts\/74564\/revisions"}],"predecessor-version":[{"id":74573,"href":"https:\/\/www.blogdopilako.com.br\/wp\/wp-json\/wp\/v2\/posts\/74564\/revisions\/74573"}],"wp:attachment":[{"href":"https:\/\/www.blogdopilako.com.br\/wp\/wp-json\/wp\/v2\/media?parent=74564"}],"wp:term":[{"taxonomy":"category","embeddable":true,"href":"https:\/\/www.blogdopilako.com.br\/wp\/wp-json\/wp\/v2\/categories?post=74564"},{"taxonomy":"post_tag","embeddable":true,"href":"https:\/\/www.blogdopilako.com.br\/wp\/wp-json\/wp\/v2\/tags?post=74564"}],"curies":[{"name":"wp","href":"https:\/\/api.w.org\/{rel}","templated":true}]}}