{"id":74068,"date":"2015-03-26T15:01:25","date_gmt":"2015-03-26T18:01:25","guid":{"rendered":"http:\/\/www.blogdopilako.com.br\/wp\/?p=74068"},"modified":"2015-03-26T15:40:54","modified_gmt":"2015-03-26T18:40:54","slug":"favor-ou-obrigacao","status":"publish","type":"post","link":"https:\/\/www.blogdopilako.com.br\/wp\/2015\/03\/26\/favor-ou-obrigacao\/","title":{"rendered":"FAVOR OU OBRIGA\u00c7\u00c3O?"},"content":{"rendered":"\n\t\t\t\t<div class=\"mr_social_sharing_wrapper\">\n\t\t\t\t<!-- Social Sharing Toolkit v2.2 --><span class=\"mr_social_sharing_top\"><span style=\"display: inline-block; width: 55px; height: 62px; overflow: hidden;\"><div class=\"fb-like\" data-href=\"https:\/\/www.blogdopilako.com.br\/wp\/2015\/03\/26\/favor-ou-obrigacao\/\" data-send=\"false\" data-layout=\"box_count\" data-width=\"55\" data-show-faces=\"false\"><\/div><\/span><\/span><span class=\"mr_social_sharing_top\"><fb:share-button type=\"box_count\" href=\"https:\/\/www.blogdopilako.com.br\/wp\/2015\/03\/26\/favor-ou-obrigacao\/\"><\/fb:share-button><\/span><span class=\"mr_social_sharing\"><a rel=\"nofollow\" class=\"linksalpha_button linksalpha_link\" href=\"\/\/www.linksalpha.com\/social\/mobile\" data-url=\"https:\/\/www.blogdopilako.com.br\/wp\/2015\/03\/26\/favor-ou-obrigacao\/\" data-text=\"FAVOR OU OBRIGA\u00c7\u00c3O?\" data-desc=\"Mesmo depois de sete anos consecutivos no poder da administra\u00e7\u00e3o p\u00fablica municipal, o prefeito Elias Lira n\u00e3o conseguiu promover uma gest\u00e3o que atenda minimamente quest\u00f5es \u00a0b\u00e1sicas da popula\u00e7\u00e3o. Na manh\u00e3 de ontem (25), por exemplo, nossas lentes registraram uma estudante sendo obrigada a\" data-image=\"http:\/\/www.blogdopilako.com.br\/wp\/wp-content\/uploads\/IMG_8060.jpg\" data-button=\"none\">\n\t\t\t\t\t<img src=\"\/\/www.linksalpha.com\/images\/social_share_button.png\" alt=\"Share\" class=\"linksalpha_image\" \/>\n\t\t\t\t\t<\/a><script type=\"text\/javascript\" src=\"\/\/www.linksalpha.com\/scripts\/loader_iconbox.js?v=2.4\"><\/script><\/span><\/div><p style=\"text-align: justify;\"><a href=\"http:\/\/www.blogdopilako.com.br\/wp\/wp-content\/uploads\/IMG_8060.jpg\"><img loading=\"lazy\" class=\"aligncenter size-full wp-image-74101\" src=\"http:\/\/www.blogdopilako.com.br\/wp\/wp-content\/uploads\/IMG_8060.jpg\" alt=\"IMG_8060\" width=\"549\" height=\"353\" \/><\/a><\/p>\n<p style=\"text-align: justify;\">Mesmo depois de sete anos consecutivos no poder da administra\u00e7\u00e3o p\u00fablica municipal, o prefeito <strong>Elias Lira<\/strong> n\u00e3o conseguiu promover uma gest\u00e3o que atenda minimamente quest\u00f5es \u00a0b\u00e1sicas da popula\u00e7\u00e3o.<\/p>\n<p style=\"text-align: justify;\">Na manh\u00e3 de ontem (25), por exemplo, nossas lentes registraram uma estudante sendo obrigada a caminhar na rua por conta do desleixo e da falta de um trabalho sequencial da prefeitura.<\/p>\n<p style=\"text-align: justify;\">Sai prefeito, entra prefeito, fica prefeito, mas o regime \u00e9 o mesmo, ou seja: a moeda que circula entre a gest\u00e3o e a popula\u00e7\u00e3o \u00e9 a do FAVOR e n\u00e3o a da OBRIGA\u00c7\u00c3O, pois, ao que tudo indica, o prefeito tem como regra s\u00f3 realizar algo, mesmo \u00a0que seja um direito liquido e certo \u00a0da popula\u00e7\u00e3o, \u00a0quando algu\u00e9m lhe pede, pois, s\u00f3 assim, fica configurado o FAVOR.<\/p>\n<p style=\"text-align: justify;\">Eis ai um exemplo cl\u00e1ssico, ou seja este absurdo s\u00f3 ser\u00e1 resolvido quando algum dos \u00a0diretores de uma das \u00a0escolas daquela localidade \u00a0pedir \u201cpelo amor de Deus\u201d ao prefeito para ele resolver este problema, que ali\u00e1s, \u00e9 de sua obriga\u00e7\u00e3o. Eis a\u00ed, mais um ensinamento da &#8220;cartilha do atraso&#8221; que Elias pratica de maneira sistem\u00e1tica.<\/p>\n\n\t\t\t\t<div class=\"mr_social_sharing_wrapper\">\n\t\t\t\t<!-- Social Sharing Toolkit v2.2 --><span class=\"mr_social_sharing_top\"><span style=\"display: inline-block; width: 55px; height: 62px; overflow: hidden;\"><div class=\"fb-like\" data-href=\"https:\/\/www.blogdopilako.com.br\/wp\/2015\/03\/26\/favor-ou-obrigacao\/\" data-send=\"false\" data-layout=\"box_count\" data-width=\"55\" data-show-faces=\"false\"><\/div><\/span><\/span><span class=\"mr_social_sharing_top\"><fb:share-button type=\"box_count\" href=\"https:\/\/www.blogdopilako.com.br\/wp\/2015\/03\/26\/favor-ou-obrigacao\/\"><\/fb:share-button><\/span><span class=\"mr_social_sharing\"><a rel=\"nofollow\" class=\"linksalpha_button linksalpha_link\" href=\"\/\/www.linksalpha.com\/social\/mobile\" data-url=\"https:\/\/www.blogdopilako.com.br\/wp\/2015\/03\/26\/favor-ou-obrigacao\/\" data-text=\"FAVOR OU OBRIGA\u00c7\u00c3O?\" data-desc=\"Mesmo depois de sete anos consecutivos no poder da administra\u00e7\u00e3o p\u00fablica municipal, o prefeito Elias Lira n\u00e3o conseguiu promover uma gest\u00e3o que atenda minimamente quest\u00f5es \u00a0b\u00e1sicas da popula\u00e7\u00e3o. Na manh\u00e3 de ontem (25), por exemplo, nossas lentes registraram uma estudante sendo obrigada a\" data-image=\"http:\/\/www.blogdopilako.com.br\/wp\/wp-content\/uploads\/IMG_8060.jpg\" data-button=\"none\">\n\t\t\t\t\t<img src=\"\/\/www.linksalpha.com\/images\/social_share_button.png\" alt=\"Share\" class=\"linksalpha_image\" \/>\n\t\t\t\t\t<\/a><script type=\"text\/javascript\" src=\"\/\/www.linksalpha.com\/scripts\/loader_iconbox.js?v=2.4\"><\/script><\/span><\/div>","protected":false},"excerpt":{"rendered":"\n\t\t\t\t<div class=\"mr_social_sharing_wrapper\">\n\t\t\t\t<!-- Social Sharing Toolkit v2.2 --><span class=\"mr_social_sharing_top\"><span style=\"display: inline-block; width: 55px; height: 62px; overflow: hidden;\"><div class=\"fb-like\" data-href=\"https:\/\/www.blogdopilako.com.br\/wp\/2015\/03\/26\/favor-ou-obrigacao\/\" data-send=\"false\" data-layout=\"box_count\" data-width=\"55\" data-show-faces=\"false\"><\/div><\/span><\/span><span class=\"mr_social_sharing_top\"><fb:share-button type=\"box_count\" href=\"https:\/\/www.blogdopilako.com.br\/wp\/2015\/03\/26\/favor-ou-obrigacao\/\"><\/fb:share-button><\/span><span class=\"mr_social_sharing\"><a rel=\"nofollow\" class=\"linksalpha_button linksalpha_link\" href=\"\/\/www.linksalpha.com\/social\/mobile\" data-url=\"https:\/\/www.blogdopilako.com.br\/wp\/2015\/03\/26\/favor-ou-obrigacao\/\" data-text=\"FAVOR OU OBRIGA\u00c7\u00c3O?\" data-desc=\"Mesmo depois de sete anos consecutivos no poder da administra\u00e7\u00e3o p\u00fablica municipal, o prefeito Elias Lira n\u00e3o conseguiu promover uma gest\u00e3o que atenda minimamente quest\u00f5es \u00a0b\u00e1sicas da popula\u00e7\u00e3o. Na manh\u00e3 de ontem (25), por exemplo, nossas lentes registraram uma estudante sendo obrigada a\" data-image=\"\" data-button=\"none\">\n\t\t\t\t\t<img src=\"\/\/www.linksalpha.com\/images\/social_share_button.png\" alt=\"Share\" class=\"linksalpha_image\" \/>\n\t\t\t\t\t<\/a><script type=\"text\/javascript\" src=\"\/\/www.linksalpha.com\/scripts\/loader_iconbox.js?v=2.4\"><\/script><\/span><\/div><p>Mesmo depois de sete anos consecutivos no poder da administra\u00e7\u00e3o p\u00fablica municipal, o prefeito Elias Lira n\u00e3o conseguiu promover uma gest\u00e3o que atenda minimamente quest\u00f5es \u00a0b\u00e1sicas da popula\u00e7\u00e3o. Na manh\u00e3 de ontem (25), por exemplo, nossas lentes registraram uma estudante &hellip; <a href=\"https:\/\/www.blogdopilako.com.br\/wp\/2015\/03\/26\/favor-ou-obrigacao\/\">Continue lendo <span class=\"meta-nav\">&rarr;<\/span><\/a><\/p>\n\n\t\t\t\t<div class=\"mr_social_sharing_wrapper\">\n\t\t\t\t<!-- Social Sharing Toolkit v2.2 --><span class=\"mr_social_sharing_top\"><span style=\"display: inline-block; width: 55px; height: 62px; overflow: hidden;\"><div class=\"fb-like\" data-href=\"https:\/\/www.blogdopilako.com.br\/wp\/2015\/03\/26\/favor-ou-obrigacao\/\" data-send=\"false\" data-layout=\"box_count\" data-width=\"55\" data-show-faces=\"false\"><\/div><\/span><\/span><span class=\"mr_social_sharing_top\"><fb:share-button type=\"box_count\" href=\"https:\/\/www.blogdopilako.com.br\/wp\/2015\/03\/26\/favor-ou-obrigacao\/\"><\/fb:share-button><\/span><span class=\"mr_social_sharing\"><a rel=\"nofollow\" class=\"linksalpha_button linksalpha_link\" href=\"\/\/www.linksalpha.com\/social\/mobile\" data-url=\"https:\/\/www.blogdopilako.com.br\/wp\/2015\/03\/26\/favor-ou-obrigacao\/\" data-text=\"FAVOR OU OBRIGA\u00c7\u00c3O?\" data-desc=\"Mesmo depois de sete anos consecutivos no poder da administra\u00e7\u00e3o p\u00fablica municipal, o prefeito Elias Lira n\u00e3o conseguiu promover uma gest\u00e3o que atenda minimamente quest\u00f5es \u00a0b\u00e1sicas da popula\u00e7\u00e3o. Na manh\u00e3 de ontem (25), por exemplo, nossas lentes registraram uma estudante sendo obrigada a\" data-image=\"\" data-button=\"none\">\n\t\t\t\t\t<img src=\"\/\/www.linksalpha.com\/images\/social_share_button.png\" alt=\"Share\" class=\"linksalpha_image\" \/>\n\t\t\t\t\t<\/a><script type=\"text\/javascript\" src=\"\/\/www.linksalpha.com\/scripts\/loader_iconbox.js?v=2.4\"><\/script><\/span><\/div>","protected":false},"author":4,"featured_media":0,"comment_status":"open","ping_status":"open","sticky":false,"template":"","format":"standard","meta":[],"categories":[21,22],"tags":[],"_links":{"self":[{"href":"https:\/\/www.blogdopilako.com.br\/wp\/wp-json\/wp\/v2\/posts\/74068"}],"collection":[{"href":"https:\/\/www.blogdopilako.com.br\/wp\/wp-json\/wp\/v2\/posts"}],"about":[{"href":"https:\/\/www.blogdopilako.com.br\/wp\/wp-json\/wp\/v2\/types\/post"}],"author":[{"embeddable":true,"href":"https:\/\/www.blogdopilako.com.br\/wp\/wp-json\/wp\/v2\/users\/4"}],"replies":[{"embeddable":true,"href":"https:\/\/www.blogdopilako.com.br\/wp\/wp-json\/wp\/v2\/comments?post=74068"}],"version-history":[{"count":5,"href":"https:\/\/www.blogdopilako.com.br\/wp\/wp-json\/wp\/v2\/posts\/74068\/revisions"}],"predecessor-version":[{"id":74111,"href":"https:\/\/www.blogdopilako.com.br\/wp\/wp-json\/wp\/v2\/posts\/74068\/revisions\/74111"}],"wp:attachment":[{"href":"https:\/\/www.blogdopilako.com.br\/wp\/wp-json\/wp\/v2\/media?parent=74068"}],"wp:term":[{"taxonomy":"category","embeddable":true,"href":"https:\/\/www.blogdopilako.com.br\/wp\/wp-json\/wp\/v2\/categories?post=74068"},{"taxonomy":"post_tag","embeddable":true,"href":"https:\/\/www.blogdopilako.com.br\/wp\/wp-json\/wp\/v2\/tags?post=74068"}],"curies":[{"name":"wp","href":"https:\/\/api.w.org\/{rel}","templated":true}]}}