{"id":73737,"date":"2015-03-18T12:08:28","date_gmt":"2015-03-18T15:08:28","guid":{"rendered":"http:\/\/www.blogdopilako.com.br\/wp\/?p=73737"},"modified":"2015-03-18T12:08:28","modified_gmt":"2015-03-18T15:08:28","slug":"paixao-de-cristo-do-livramento-10-anos-de-fe-e-emocao","status":"publish","type":"post","link":"https:\/\/www.blogdopilako.com.br\/wp\/2015\/03\/18\/paixao-de-cristo-do-livramento-10-anos-de-fe-e-emocao\/","title":{"rendered":"Paix\u00e3o de Cristo do Livramento: 10 anos de F\u00e9 e Emo\u00e7\u00e3o."},"content":{"rendered":"\n\t\t\t\t<div class=\"mr_social_sharing_wrapper\">\n\t\t\t\t<!-- Social Sharing Toolkit v2.2 --><span class=\"mr_social_sharing_top\"><span style=\"display: inline-block; width: 55px; height: 62px; overflow: hidden;\"><div class=\"fb-like\" data-href=\"https:\/\/www.blogdopilako.com.br\/wp\/2015\/03\/18\/paixao-de-cristo-do-livramento-10-anos-de-fe-e-emocao\/\" data-send=\"false\" data-layout=\"box_count\" data-width=\"55\" data-show-faces=\"false\"><\/div><\/span><\/span><span class=\"mr_social_sharing_top\"><fb:share-button type=\"box_count\" href=\"https:\/\/www.blogdopilako.com.br\/wp\/2015\/03\/18\/paixao-de-cristo-do-livramento-10-anos-de-fe-e-emocao\/\"><\/fb:share-button><\/span><span class=\"mr_social_sharing\"><a rel=\"nofollow\" class=\"linksalpha_button linksalpha_link\" href=\"\/\/www.linksalpha.com\/social\/mobile\" data-url=\"https:\/\/www.blogdopilako.com.br\/wp\/2015\/03\/18\/paixao-de-cristo-do-livramento-10-anos-de-fe-e-emocao\/\" data-text=\"Paix\u00e3o de Cristo do Livramento: 10 anos de F\u00e9 e Emo\u00e7\u00e3o.\" data-desc=\"Este ano, mais uma vez, a CIA CULTURAL ARTE DAS TABOCAS promover\u00e1 o espet\u00e1culo da Paix\u00e3o de Cristo do Livramento. Com Dire\u00e7\u00e3o Geral do professor Willams Ferreira, a companhia est\u00e1 entusiasmada para comemorar os dez anos desta apresenta\u00e7\u00e3o de f\u00e9 e emo\u00e7\u00e3o. O evento acontecer\u00e1 nos dias 01\" data-image=\"http:\/\/www.blogdopilako.com.br\/wp\/wp-content\/uploads\/IMG_5920.jpg\" data-button=\"none\">\n\t\t\t\t\t<img src=\"\/\/www.linksalpha.com\/images\/social_share_button.png\" alt=\"Share\" class=\"linksalpha_image\" \/>\n\t\t\t\t\t<\/a><script type=\"text\/javascript\" src=\"\/\/www.linksalpha.com\/scripts\/loader_iconbox.js?v=2.4\"><\/script><\/span><\/div><p style=\"text-align: justify;\"><a href=\"http:\/\/www.blogdopilako.com.br\/wp\/wp-content\/uploads\/IMG_5920.jpg\"><img loading=\"lazy\" class=\"aligncenter size-full wp-image-59971\" src=\"http:\/\/www.blogdopilako.com.br\/wp\/wp-content\/uploads\/IMG_5920.jpg\" alt=\"IMG_5920\" width=\"597\" height=\"446\" \/><\/a><\/p>\n<p style=\"text-align: justify;\">Este ano, mais uma vez, a <strong>CIA CULTURAL ARTE DAS TABOCAS<\/strong> promover\u00e1 o espet\u00e1culo da <strong>Paix\u00e3o de Cristo do Livramento<\/strong>. Com Dire\u00e7\u00e3o Geral do professor <strong>Willams Ferreira<\/strong>, a companhia est\u00e1 entusiasmada para comemorar os dez anos desta apresenta\u00e7\u00e3o de f\u00e9 e emo\u00e7\u00e3o.<\/p>\n<p style=\"text-align: justify;\">O evento acontecer\u00e1 nos dias <strong>01 e 03 de abril<\/strong>, na Pra\u00e7a Padre Felix, pr\u00f3ximo a Igreja do Livramento, e, al\u00e9m de comemorar uma d\u00e9cada de encena\u00e7\u00e3o, prestar\u00e1 uma homenagem especial ao <strong>Padre Rubens\u00a0<\/strong>pelos trinta anos de dedica\u00e7\u00e3o religiosa \u00e0 comunidade cat\u00f3lica do Livramento.<\/p>\n<p style=\"text-align: justify;\"><strong>SERVI\u00c7O:<\/strong><\/p>\n<p style=\"text-align: justify;\">Espet\u00e1culo da Paix\u00e3o de Cristo do Livramento.<br \/>\nDia: 01 e 03 de abril.<br \/>\nHor\u00e1rio:\u00a0 20h<br \/>\nRealiza\u00e7\u00e3o: Cia Cultural Arte das Tabocas \u2013 Dire\u00e7\u00e3o Geral- Willams Ferreira.<\/p>\n\n\t\t\t\t<div class=\"mr_social_sharing_wrapper\">\n\t\t\t\t<!-- Social Sharing Toolkit v2.2 --><span class=\"mr_social_sharing_top\"><span style=\"display: inline-block; width: 55px; height: 62px; overflow: hidden;\"><div class=\"fb-like\" data-href=\"https:\/\/www.blogdopilako.com.br\/wp\/2015\/03\/18\/paixao-de-cristo-do-livramento-10-anos-de-fe-e-emocao\/\" data-send=\"false\" data-layout=\"box_count\" data-width=\"55\" data-show-faces=\"false\"><\/div><\/span><\/span><span class=\"mr_social_sharing_top\"><fb:share-button type=\"box_count\" href=\"https:\/\/www.blogdopilako.com.br\/wp\/2015\/03\/18\/paixao-de-cristo-do-livramento-10-anos-de-fe-e-emocao\/\"><\/fb:share-button><\/span><span class=\"mr_social_sharing\"><a rel=\"nofollow\" class=\"linksalpha_button linksalpha_link\" href=\"\/\/www.linksalpha.com\/social\/mobile\" data-url=\"https:\/\/www.blogdopilako.com.br\/wp\/2015\/03\/18\/paixao-de-cristo-do-livramento-10-anos-de-fe-e-emocao\/\" data-text=\"Paix\u00e3o de Cristo do Livramento: 10 anos de F\u00e9 e Emo\u00e7\u00e3o.\" data-desc=\"Este ano, mais uma vez, a CIA CULTURAL ARTE DAS TABOCAS promover\u00e1 o espet\u00e1culo da Paix\u00e3o de Cristo do Livramento. Com Dire\u00e7\u00e3o Geral do professor Willams Ferreira, a companhia est\u00e1 entusiasmada para comemorar os dez anos desta apresenta\u00e7\u00e3o de f\u00e9 e emo\u00e7\u00e3o. O evento acontecer\u00e1 nos dias 01\" data-image=\"http:\/\/www.blogdopilako.com.br\/wp\/wp-content\/uploads\/IMG_5920.jpg\" data-button=\"none\">\n\t\t\t\t\t<img src=\"\/\/www.linksalpha.com\/images\/social_share_button.png\" alt=\"Share\" class=\"linksalpha_image\" \/>\n\t\t\t\t\t<\/a><script type=\"text\/javascript\" src=\"\/\/www.linksalpha.com\/scripts\/loader_iconbox.js?v=2.4\"><\/script><\/span><\/div>","protected":false},"excerpt":{"rendered":"\n\t\t\t\t<div class=\"mr_social_sharing_wrapper\">\n\t\t\t\t<!-- Social Sharing Toolkit v2.2 --><span class=\"mr_social_sharing_top\"><span style=\"display: inline-block; width: 55px; height: 62px; overflow: hidden;\"><div class=\"fb-like\" data-href=\"https:\/\/www.blogdopilako.com.br\/wp\/2015\/03\/18\/paixao-de-cristo-do-livramento-10-anos-de-fe-e-emocao\/\" data-send=\"false\" data-layout=\"box_count\" data-width=\"55\" data-show-faces=\"false\"><\/div><\/span><\/span><span class=\"mr_social_sharing_top\"><fb:share-button type=\"box_count\" href=\"https:\/\/www.blogdopilako.com.br\/wp\/2015\/03\/18\/paixao-de-cristo-do-livramento-10-anos-de-fe-e-emocao\/\"><\/fb:share-button><\/span><span class=\"mr_social_sharing\"><a rel=\"nofollow\" class=\"linksalpha_button linksalpha_link\" href=\"\/\/www.linksalpha.com\/social\/mobile\" data-url=\"https:\/\/www.blogdopilako.com.br\/wp\/2015\/03\/18\/paixao-de-cristo-do-livramento-10-anos-de-fe-e-emocao\/\" data-text=\"Paix\u00e3o de Cristo do Livramento: 10 anos de F\u00e9 e Emo\u00e7\u00e3o.\" data-desc=\"Este ano, mais uma vez, a CIA CULTURAL ARTE DAS TABOCAS promover\u00e1 o espet\u00e1culo da Paix\u00e3o de Cristo do Livramento. Com Dire\u00e7\u00e3o Geral do professor Willams Ferreira, a companhia est\u00e1 entusiasmada para comemorar os dez anos desta apresenta\u00e7\u00e3o de f\u00e9 e emo\u00e7\u00e3o. O evento acontecer\u00e1 nos dias 01\" data-image=\"\" data-button=\"none\">\n\t\t\t\t\t<img src=\"\/\/www.linksalpha.com\/images\/social_share_button.png\" alt=\"Share\" class=\"linksalpha_image\" \/>\n\t\t\t\t\t<\/a><script type=\"text\/javascript\" src=\"\/\/www.linksalpha.com\/scripts\/loader_iconbox.js?v=2.4\"><\/script><\/span><\/div><p>Este ano, mais uma vez, a CIA CULTURAL ARTE DAS TABOCAS promover\u00e1 o espet\u00e1culo da Paix\u00e3o de Cristo do Livramento. Com Dire\u00e7\u00e3o Geral do professor Willams Ferreira, a companhia est\u00e1 entusiasmada para comemorar os dez anos desta apresenta\u00e7\u00e3o de f\u00e9 &hellip; <a href=\"https:\/\/www.blogdopilako.com.br\/wp\/2015\/03\/18\/paixao-de-cristo-do-livramento-10-anos-de-fe-e-emocao\/\">Continue lendo <span class=\"meta-nav\">&rarr;<\/span><\/a><\/p>\n\n\t\t\t\t<div class=\"mr_social_sharing_wrapper\">\n\t\t\t\t<!-- Social Sharing Toolkit v2.2 --><span class=\"mr_social_sharing_top\"><span style=\"display: inline-block; width: 55px; height: 62px; overflow: hidden;\"><div class=\"fb-like\" data-href=\"https:\/\/www.blogdopilako.com.br\/wp\/2015\/03\/18\/paixao-de-cristo-do-livramento-10-anos-de-fe-e-emocao\/\" data-send=\"false\" data-layout=\"box_count\" data-width=\"55\" data-show-faces=\"false\"><\/div><\/span><\/span><span class=\"mr_social_sharing_top\"><fb:share-button type=\"box_count\" href=\"https:\/\/www.blogdopilako.com.br\/wp\/2015\/03\/18\/paixao-de-cristo-do-livramento-10-anos-de-fe-e-emocao\/\"><\/fb:share-button><\/span><span class=\"mr_social_sharing\"><a rel=\"nofollow\" class=\"linksalpha_button linksalpha_link\" href=\"\/\/www.linksalpha.com\/social\/mobile\" data-url=\"https:\/\/www.blogdopilako.com.br\/wp\/2015\/03\/18\/paixao-de-cristo-do-livramento-10-anos-de-fe-e-emocao\/\" data-text=\"Paix\u00e3o de Cristo do Livramento: 10 anos de F\u00e9 e Emo\u00e7\u00e3o.\" data-desc=\"Este ano, mais uma vez, a CIA CULTURAL ARTE DAS TABOCAS promover\u00e1 o espet\u00e1culo da Paix\u00e3o de Cristo do Livramento. Com Dire\u00e7\u00e3o Geral do professor Willams Ferreira, a companhia est\u00e1 entusiasmada para comemorar os dez anos desta apresenta\u00e7\u00e3o de f\u00e9 e emo\u00e7\u00e3o. O evento acontecer\u00e1 nos dias 01\" data-image=\"\" data-button=\"none\">\n\t\t\t\t\t<img src=\"\/\/www.linksalpha.com\/images\/social_share_button.png\" alt=\"Share\" class=\"linksalpha_image\" \/>\n\t\t\t\t\t<\/a><script type=\"text\/javascript\" src=\"\/\/www.linksalpha.com\/scripts\/loader_iconbox.js?v=2.4\"><\/script><\/span><\/div>","protected":false},"author":4,"featured_media":0,"comment_status":"open","ping_status":"open","sticky":false,"template":"","format":"standard","meta":[],"categories":[22],"tags":[],"_links":{"self":[{"href":"https:\/\/www.blogdopilako.com.br\/wp\/wp-json\/wp\/v2\/posts\/73737"}],"collection":[{"href":"https:\/\/www.blogdopilako.com.br\/wp\/wp-json\/wp\/v2\/posts"}],"about":[{"href":"https:\/\/www.blogdopilako.com.br\/wp\/wp-json\/wp\/v2\/types\/post"}],"author":[{"embeddable":true,"href":"https:\/\/www.blogdopilako.com.br\/wp\/wp-json\/wp\/v2\/users\/4"}],"replies":[{"embeddable":true,"href":"https:\/\/www.blogdopilako.com.br\/wp\/wp-json\/wp\/v2\/comments?post=73737"}],"version-history":[{"count":3,"href":"https:\/\/www.blogdopilako.com.br\/wp\/wp-json\/wp\/v2\/posts\/73737\/revisions"}],"predecessor-version":[{"id":73764,"href":"https:\/\/www.blogdopilako.com.br\/wp\/wp-json\/wp\/v2\/posts\/73737\/revisions\/73764"}],"wp:attachment":[{"href":"https:\/\/www.blogdopilako.com.br\/wp\/wp-json\/wp\/v2\/media?parent=73737"}],"wp:term":[{"taxonomy":"category","embeddable":true,"href":"https:\/\/www.blogdopilako.com.br\/wp\/wp-json\/wp\/v2\/categories?post=73737"},{"taxonomy":"post_tag","embeddable":true,"href":"https:\/\/www.blogdopilako.com.br\/wp\/wp-json\/wp\/v2\/tags?post=73737"}],"curies":[{"name":"wp","href":"https:\/\/api.w.org\/{rel}","templated":true}]}}