{"id":73634,"date":"2015-03-13T11:31:22","date_gmt":"2015-03-13T14:31:22","guid":{"rendered":"http:\/\/www.blogdopilako.com.br\/wp\/?p=73634"},"modified":"2015-03-13T11:31:22","modified_gmt":"2015-03-13T14:31:22","slug":"o-homem-e-escravo-do-bom-tratamento-2","status":"publish","type":"post","link":"https:\/\/www.blogdopilako.com.br\/wp\/2015\/03\/13\/o-homem-e-escravo-do-bom-tratamento-2\/","title":{"rendered":"O HOMEM \u00c9 ESCRAVO DO BOM TRATAMENTO"},"content":{"rendered":"\n\t\t\t\t<div class=\"mr_social_sharing_wrapper\">\n\t\t\t\t<!-- Social Sharing Toolkit v2.2 --><span class=\"mr_social_sharing_top\"><span style=\"display: inline-block; width: 55px; height: 62px; overflow: hidden;\"><div class=\"fb-like\" data-href=\"https:\/\/www.blogdopilako.com.br\/wp\/2015\/03\/13\/o-homem-e-escravo-do-bom-tratamento-2\/\" data-send=\"false\" data-layout=\"box_count\" data-width=\"55\" data-show-faces=\"false\"><\/div><\/span><\/span><span class=\"mr_social_sharing_top\"><fb:share-button type=\"box_count\" href=\"https:\/\/www.blogdopilako.com.br\/wp\/2015\/03\/13\/o-homem-e-escravo-do-bom-tratamento-2\/\"><\/fb:share-button><\/span><span class=\"mr_social_sharing\"><a rel=\"nofollow\" class=\"linksalpha_button linksalpha_link\" href=\"\/\/www.linksalpha.com\/social\/mobile\" data-url=\"https:\/\/www.blogdopilako.com.br\/wp\/2015\/03\/13\/o-homem-e-escravo-do-bom-tratamento-2\/\" data-text=\"O HOMEM \u00c9 ESCRAVO DO BOM TRATAMENTO\" data-desc=\"Em Recife, na avenida Domingos Ferreira, minha tia Ricardina ia sendo v\u00edtima de um assalto. Eram 3 pivetes, um maiorzinho e dois menores, queriam-lhe os pertences. E, a\u00ed, minha tia n\u00e3o podia se desfazer dos bens, pelo valor sentimental que os envolvia. - Olhe, meu filho, esse anel \u00e9 um presente\" data-image=\"http:\/\/1.bp.blogspot.com\/-nMsOtK9kErs\/VQCYi65QTlI\/AAAAAAAAPUU\/WZtZXc18-Yk\/s1600\/dona%2BRicardina.jpg\" data-button=\"none\">\n\t\t\t\t\t<img src=\"\/\/www.linksalpha.com\/images\/social_share_button.png\" alt=\"Share\" class=\"linksalpha_image\" \/>\n\t\t\t\t\t<\/a><script type=\"text\/javascript\" src=\"\/\/www.linksalpha.com\/scripts\/loader_iconbox.js?v=2.4\"><\/script><\/span><\/div><p class=\"separator\" style=\"text-align: justify;\"><a href=\"http:\/\/1.bp.blogspot.com\/-nMsOtK9kErs\/VQCYi65QTlI\/AAAAAAAAPUU\/WZtZXc18-Yk\/s1600\/dona%2BRicardina.jpg\"><img loading=\"lazy\" class=\" aligncenter\" src=\"http:\/\/1.bp.blogspot.com\/-nMsOtK9kErs\/VQCYi65QTlI\/AAAAAAAAPUU\/WZtZXc18-Yk\/s1600\/dona%2BRicardina.jpg\" alt=\"\" width=\"322\" height=\"400\" border=\"0\" \/><\/a><\/p>\n<p style=\"text-align: justify;\"><span class=\"textexposedshow\">Em Recife, na avenida Domingos Ferreira, minha tia Ricardina ia sendo v\u00edtima de um assalto. Eram 3 pivetes, um maiorzinho e dois menores, queriam-lhe os pertences. E, a\u00ed, minha tia n\u00e3o podia se desfazer dos bens, pelo valor sentimental que os envolvia.<\/span><\/p>\n<p style=\"text-align: justify;\"><span class=\"textexposedshow\">&#8211; Olhe, meu filho, esse anel \u00e9 um presente de minha irm\u00e3 que faleceu, eu n\u00e3o posso lhe dar.<\/span><\/p>\n<p style=\"text-align: justify;\"><span class=\"textexposedshow\">E os meninos insistiam. Mas, minha tia n\u00e3o podia abrir m\u00e3o dos seus objetos, persistindo nas explica\u00e7\u00f5es de car\u00e1ter sentimental.<\/span><\/p>\n<p style=\"text-align: justify;\"><span class=\"textexposedshow\">&#8211; Olhe, meu filho, esse rel\u00f3gio \u00e9 um presente do meu filho que faleceu, eu n\u00e3o posso me desfazer dele.<\/span><\/p>\n<p style=\"text-align: justify;\"><span class=\"textexposedshow\">At\u00e9 que chegou o momento mais sens\u00edvel do di\u00e1logo, que abrandou o menino. Ela passou a m\u00e3o sobre seu cabelo pixaim e perguntou: &#8211; Se voc\u00ea tivesse um presente dado por sua m\u00e3e, voc\u00ea queria que algu\u00e9m levasse?<\/span><\/p>\n<p style=\"text-align: justify;\"><span class=\"textexposedshow\">O menino baixou a cabe\u00e7a e chorou. O homem \u00e9 escravo do bom tratamento.<\/span><\/p>\n<p style=\"text-align: justify;\"><strong><span class=\"textexposedshow\">Sos\u00edgenes Bittencourt<\/span><\/strong><\/p>\n\n\t\t\t\t<div class=\"mr_social_sharing_wrapper\">\n\t\t\t\t<!-- Social Sharing Toolkit v2.2 --><span class=\"mr_social_sharing_top\"><span style=\"display: inline-block; width: 55px; height: 62px; overflow: hidden;\"><div class=\"fb-like\" data-href=\"https:\/\/www.blogdopilako.com.br\/wp\/2015\/03\/13\/o-homem-e-escravo-do-bom-tratamento-2\/\" data-send=\"false\" data-layout=\"box_count\" data-width=\"55\" data-show-faces=\"false\"><\/div><\/span><\/span><span class=\"mr_social_sharing_top\"><fb:share-button type=\"box_count\" href=\"https:\/\/www.blogdopilako.com.br\/wp\/2015\/03\/13\/o-homem-e-escravo-do-bom-tratamento-2\/\"><\/fb:share-button><\/span><span class=\"mr_social_sharing\"><a rel=\"nofollow\" class=\"linksalpha_button linksalpha_link\" href=\"\/\/www.linksalpha.com\/social\/mobile\" data-url=\"https:\/\/www.blogdopilako.com.br\/wp\/2015\/03\/13\/o-homem-e-escravo-do-bom-tratamento-2\/\" data-text=\"O HOMEM \u00c9 ESCRAVO DO BOM TRATAMENTO\" data-desc=\"Em Recife, na avenida Domingos Ferreira, minha tia Ricardina ia sendo v\u00edtima de um assalto. Eram 3 pivetes, um maiorzinho e dois menores, queriam-lhe os pertences. E, a\u00ed, minha tia n\u00e3o podia se desfazer dos bens, pelo valor sentimental que os envolvia. - Olhe, meu filho, esse anel \u00e9 um presente\" data-image=\"http:\/\/1.bp.blogspot.com\/-nMsOtK9kErs\/VQCYi65QTlI\/AAAAAAAAPUU\/WZtZXc18-Yk\/s1600\/dona%2BRicardina.jpg\" data-button=\"none\">\n\t\t\t\t\t<img src=\"\/\/www.linksalpha.com\/images\/social_share_button.png\" alt=\"Share\" class=\"linksalpha_image\" \/>\n\t\t\t\t\t<\/a><script type=\"text\/javascript\" src=\"\/\/www.linksalpha.com\/scripts\/loader_iconbox.js?v=2.4\"><\/script><\/span><\/div>","protected":false},"excerpt":{"rendered":"\n\t\t\t\t<div class=\"mr_social_sharing_wrapper\">\n\t\t\t\t<!-- Social Sharing Toolkit v2.2 --><span class=\"mr_social_sharing_top\"><span style=\"display: inline-block; width: 55px; height: 62px; overflow: hidden;\"><div class=\"fb-like\" data-href=\"https:\/\/www.blogdopilako.com.br\/wp\/2015\/03\/13\/o-homem-e-escravo-do-bom-tratamento-2\/\" data-send=\"false\" data-layout=\"box_count\" data-width=\"55\" data-show-faces=\"false\"><\/div><\/span><\/span><span class=\"mr_social_sharing_top\"><fb:share-button type=\"box_count\" href=\"https:\/\/www.blogdopilako.com.br\/wp\/2015\/03\/13\/o-homem-e-escravo-do-bom-tratamento-2\/\"><\/fb:share-button><\/span><span class=\"mr_social_sharing\"><a rel=\"nofollow\" class=\"linksalpha_button linksalpha_link\" href=\"\/\/www.linksalpha.com\/social\/mobile\" data-url=\"https:\/\/www.blogdopilako.com.br\/wp\/2015\/03\/13\/o-homem-e-escravo-do-bom-tratamento-2\/\" data-text=\"O HOMEM \u00c9 ESCRAVO DO BOM TRATAMENTO\" data-desc=\"Em Recife, na avenida Domingos Ferreira, minha tia Ricardina ia sendo v\u00edtima de um assalto. Eram 3 pivetes, um maiorzinho e dois menores, queriam-lhe os pertences. E, a\u00ed, minha tia n\u00e3o podia se desfazer dos bens, pelo valor sentimental que os envolvia. - Olhe, meu filho, esse anel \u00e9 um presente\" data-image=\"\" data-button=\"none\">\n\t\t\t\t\t<img src=\"\/\/www.linksalpha.com\/images\/social_share_button.png\" alt=\"Share\" class=\"linksalpha_image\" \/>\n\t\t\t\t\t<\/a><script type=\"text\/javascript\" src=\"\/\/www.linksalpha.com\/scripts\/loader_iconbox.js?v=2.4\"><\/script><\/span><\/div><p>Em Recife, na avenida Domingos Ferreira, minha tia Ricardina ia sendo v\u00edtima de um assalto. Eram 3 pivetes, um maiorzinho e dois menores, queriam-lhe os pertences. E, a\u00ed, minha tia n\u00e3o podia se desfazer dos bens, pelo valor sentimental que &hellip; <a href=\"https:\/\/www.blogdopilako.com.br\/wp\/2015\/03\/13\/o-homem-e-escravo-do-bom-tratamento-2\/\">Continue lendo <span class=\"meta-nav\">&rarr;<\/span><\/a><\/p>\n\n\t\t\t\t<div class=\"mr_social_sharing_wrapper\">\n\t\t\t\t<!-- Social Sharing Toolkit v2.2 --><span class=\"mr_social_sharing_top\"><span style=\"display: inline-block; width: 55px; height: 62px; overflow: hidden;\"><div class=\"fb-like\" data-href=\"https:\/\/www.blogdopilako.com.br\/wp\/2015\/03\/13\/o-homem-e-escravo-do-bom-tratamento-2\/\" data-send=\"false\" data-layout=\"box_count\" data-width=\"55\" data-show-faces=\"false\"><\/div><\/span><\/span><span class=\"mr_social_sharing_top\"><fb:share-button type=\"box_count\" href=\"https:\/\/www.blogdopilako.com.br\/wp\/2015\/03\/13\/o-homem-e-escravo-do-bom-tratamento-2\/\"><\/fb:share-button><\/span><span class=\"mr_social_sharing\"><a rel=\"nofollow\" class=\"linksalpha_button linksalpha_link\" href=\"\/\/www.linksalpha.com\/social\/mobile\" data-url=\"https:\/\/www.blogdopilako.com.br\/wp\/2015\/03\/13\/o-homem-e-escravo-do-bom-tratamento-2\/\" data-text=\"O HOMEM \u00c9 ESCRAVO DO BOM TRATAMENTO\" data-desc=\"Em Recife, na avenida Domingos Ferreira, minha tia Ricardina ia sendo v\u00edtima de um assalto. Eram 3 pivetes, um maiorzinho e dois menores, queriam-lhe os pertences. E, a\u00ed, minha tia n\u00e3o podia se desfazer dos bens, pelo valor sentimental que os envolvia. - Olhe, meu filho, esse anel \u00e9 um presente\" data-image=\"\" data-button=\"none\">\n\t\t\t\t\t<img src=\"\/\/www.linksalpha.com\/images\/social_share_button.png\" alt=\"Share\" class=\"linksalpha_image\" \/>\n\t\t\t\t\t<\/a><script type=\"text\/javascript\" src=\"\/\/www.linksalpha.com\/scripts\/loader_iconbox.js?v=2.4\"><\/script><\/span><\/div>","protected":false},"author":1,"featured_media":0,"comment_status":"open","ping_status":"open","sticky":false,"template":"","format":"standard","meta":[],"categories":[20],"tags":[],"_links":{"self":[{"href":"https:\/\/www.blogdopilako.com.br\/wp\/wp-json\/wp\/v2\/posts\/73634"}],"collection":[{"href":"https:\/\/www.blogdopilako.com.br\/wp\/wp-json\/wp\/v2\/posts"}],"about":[{"href":"https:\/\/www.blogdopilako.com.br\/wp\/wp-json\/wp\/v2\/types\/post"}],"author":[{"embeddable":true,"href":"https:\/\/www.blogdopilako.com.br\/wp\/wp-json\/wp\/v2\/users\/1"}],"replies":[{"embeddable":true,"href":"https:\/\/www.blogdopilako.com.br\/wp\/wp-json\/wp\/v2\/comments?post=73634"}],"version-history":[{"count":1,"href":"https:\/\/www.blogdopilako.com.br\/wp\/wp-json\/wp\/v2\/posts\/73634\/revisions"}],"predecessor-version":[{"id":73635,"href":"https:\/\/www.blogdopilako.com.br\/wp\/wp-json\/wp\/v2\/posts\/73634\/revisions\/73635"}],"wp:attachment":[{"href":"https:\/\/www.blogdopilako.com.br\/wp\/wp-json\/wp\/v2\/media?parent=73634"}],"wp:term":[{"taxonomy":"category","embeddable":true,"href":"https:\/\/www.blogdopilako.com.br\/wp\/wp-json\/wp\/v2\/categories?post=73634"},{"taxonomy":"post_tag","embeddable":true,"href":"https:\/\/www.blogdopilako.com.br\/wp\/wp-json\/wp\/v2\/tags?post=73634"}],"curies":[{"name":"wp","href":"https:\/\/api.w.org\/{rel}","templated":true}]}}