{"id":73364,"date":"2015-03-05T15:18:46","date_gmt":"2015-03-05T18:18:46","guid":{"rendered":"http:\/\/www.blogdopilako.com.br\/wp\/?p=73364"},"modified":"2015-03-05T15:18:46","modified_gmt":"2015-03-05T18:18:46","slug":"internauta-joao-do-livramento-comenta-sobre-brigas-de-estudantes-do-colegio-3-de-agosto","status":"publish","type":"post","link":"https:\/\/www.blogdopilako.com.br\/wp\/2015\/03\/05\/internauta-joao-do-livramento-comenta-sobre-brigas-de-estudantes-do-colegio-3-de-agosto\/","title":{"rendered":"Internauta Jo\u00e3o do Livramento comenta sobre brigas de estudantes do Col\u00e9gio 3 de Agosto"},"content":{"rendered":"\n\t\t\t\t<div class=\"mr_social_sharing_wrapper\">\n\t\t\t\t<!-- Social Sharing Toolkit v2.2 --><span class=\"mr_social_sharing_top\"><span style=\"display: inline-block; width: 55px; height: 62px; overflow: hidden;\"><div class=\"fb-like\" data-href=\"https:\/\/www.blogdopilako.com.br\/wp\/2015\/03\/05\/internauta-joao-do-livramento-comenta-sobre-brigas-de-estudantes-do-colegio-3-de-agosto\/\" data-send=\"false\" data-layout=\"box_count\" data-width=\"55\" data-show-faces=\"false\"><\/div><\/span><\/span><span class=\"mr_social_sharing_top\"><fb:share-button type=\"box_count\" href=\"https:\/\/www.blogdopilako.com.br\/wp\/2015\/03\/05\/internauta-joao-do-livramento-comenta-sobre-brigas-de-estudantes-do-colegio-3-de-agosto\/\"><\/fb:share-button><\/span><span class=\"mr_social_sharing\"><a rel=\"nofollow\" class=\"linksalpha_button linksalpha_link\" href=\"\/\/www.linksalpha.com\/social\/mobile\" data-url=\"https:\/\/www.blogdopilako.com.br\/wp\/2015\/03\/05\/internauta-joao-do-livramento-comenta-sobre-brigas-de-estudantes-do-colegio-3-de-agosto\/\" data-text=\"Internauta Jo\u00e3o do Livramento comenta sobre brigas de estudantes do Col\u00e9gio 3 de Agosto\" data-desc=\"Coment\u00e1rio postado na mat\u00e9ria \"Brigas contantes dos alunos do Col\u00e9gio 3 de Agosto.\". Amigo Pilako, este \u00e9 um problema complexo, que \u00e9 puro reflexo da gera\u00e7\u00e3o \u201cmalha\u00e7\u00e3o\u201d e porque n\u00e3o dizer gera\u00e7\u00e3o \u201cBBB\u201d. Uma gera\u00e7\u00e3o sem educa\u00e7\u00e3o dom\u00e9stica, sem respeito ao pr\u00f3ximo, sem\" data-image=\"\" data-button=\"none\">\n\t\t\t\t\t<img src=\"\/\/www.linksalpha.com\/images\/social_share_button.png\" alt=\"Share\" class=\"linksalpha_image\" \/>\n\t\t\t\t\t<\/a><script type=\"text\/javascript\" src=\"\/\/www.linksalpha.com\/scripts\/loader_iconbox.js?v=2.4\"><\/script><\/span><\/div><p style=\"text-align: justify;\">Coment\u00e1rio postado na mat\u00e9ria &#8220;<a href=\"http:\/\/www.blogdopilako.com.br\/wp\/2015\/03\/03\/brigas-contantes-dos-alunos-do-colegio-3-de-agosto\/\" target=\"_blank\">Brigas contantes dos alunos do Col\u00e9gio 3 de Agosto.<\/a>&#8220;.<\/p>\n<blockquote>\n<p style=\"text-align: justify;\">Amigo Pilako, este \u00e9 um problema complexo, que \u00e9 puro reflexo da gera\u00e7\u00e3o \u201cmalha\u00e7\u00e3o\u201d e porque n\u00e3o dizer gera\u00e7\u00e3o \u201cBBB\u201d. Uma gera\u00e7\u00e3o sem educa\u00e7\u00e3o dom\u00e9stica, sem respeito ao pr\u00f3ximo, sem valores edificantes, que \u00e9 t\u00e3o imbecil que xinga e chega at\u00e9 a agredir o professor, \u201cA luz\u201d que al\u00ed est\u00e1 para tira-lo das trevas da ignor\u00e2ncia. acho que estes a\u00ed s\u00f3 v\u00e3o para a escola, para compor crit\u00e9rio e receber a \u201cbolsa-esmola\u201d, e n\u00e3o isento o col\u00e9gio que deveria procurar identificar os brig\u00f5es e expuls\u00e1-los, por\u00e9m as autoridades policiais, tem que agir para coibir essa perturba\u00e7\u00e3o da ordem p\u00fablica e at\u00e9 vandalismo, como vimos no final do v\u00eddeo um arruaceiro subir no le\u00e3o coroado, obra do escultor Bibiano em homenagem \u00e0 \u201cJos\u00e9 de Barro Lima\u201d, mas com certeza ele n\u00e3o conhece, nem um, nem outro. N\u00e3o quero ser pessimista mas vejo um horrendo quadro para a nossa velhice na m\u00e3o desta gera\u00e7\u00e3o. por isso falo em meu poema \u201cVit\u00f3ria\u201d que devemos injetar um soro cultural nesta juventude que a\u00ed est\u00e1.<\/p>\n<p style=\"text-align: justify;\">Forte abra\u00e7o do seu amigo: Jo\u00e3o do Livramento !<\/p>\n<\/blockquote>\n\n\t\t\t\t<div class=\"mr_social_sharing_wrapper\">\n\t\t\t\t<!-- Social Sharing Toolkit v2.2 --><span class=\"mr_social_sharing_top\"><span style=\"display: inline-block; width: 55px; height: 62px; overflow: hidden;\"><div class=\"fb-like\" data-href=\"https:\/\/www.blogdopilako.com.br\/wp\/2015\/03\/05\/internauta-joao-do-livramento-comenta-sobre-brigas-de-estudantes-do-colegio-3-de-agosto\/\" data-send=\"false\" data-layout=\"box_count\" data-width=\"55\" data-show-faces=\"false\"><\/div><\/span><\/span><span class=\"mr_social_sharing_top\"><fb:share-button type=\"box_count\" href=\"https:\/\/www.blogdopilako.com.br\/wp\/2015\/03\/05\/internauta-joao-do-livramento-comenta-sobre-brigas-de-estudantes-do-colegio-3-de-agosto\/\"><\/fb:share-button><\/span><span class=\"mr_social_sharing\"><a rel=\"nofollow\" class=\"linksalpha_button linksalpha_link\" href=\"\/\/www.linksalpha.com\/social\/mobile\" data-url=\"https:\/\/www.blogdopilako.com.br\/wp\/2015\/03\/05\/internauta-joao-do-livramento-comenta-sobre-brigas-de-estudantes-do-colegio-3-de-agosto\/\" data-text=\"Internauta Jo\u00e3o do Livramento comenta sobre brigas de estudantes do Col\u00e9gio 3 de Agosto\" data-desc=\"Coment\u00e1rio postado na mat\u00e9ria \"Brigas contantes dos alunos do Col\u00e9gio 3 de Agosto.\". Amigo Pilako, este \u00e9 um problema complexo, que \u00e9 puro reflexo da gera\u00e7\u00e3o \u201cmalha\u00e7\u00e3o\u201d e porque n\u00e3o dizer gera\u00e7\u00e3o \u201cBBB\u201d. Uma gera\u00e7\u00e3o sem educa\u00e7\u00e3o dom\u00e9stica, sem respeito ao pr\u00f3ximo, sem\" data-image=\"\" data-button=\"none\">\n\t\t\t\t\t<img src=\"\/\/www.linksalpha.com\/images\/social_share_button.png\" alt=\"Share\" class=\"linksalpha_image\" \/>\n\t\t\t\t\t<\/a><script type=\"text\/javascript\" src=\"\/\/www.linksalpha.com\/scripts\/loader_iconbox.js?v=2.4\"><\/script><\/span><\/div>","protected":false},"excerpt":{"rendered":"\n\t\t\t\t<div class=\"mr_social_sharing_wrapper\">\n\t\t\t\t<!-- Social Sharing Toolkit v2.2 --><span class=\"mr_social_sharing_top\"><span style=\"display: inline-block; width: 55px; height: 62px; overflow: hidden;\"><div class=\"fb-like\" data-href=\"https:\/\/www.blogdopilako.com.br\/wp\/2015\/03\/05\/internauta-joao-do-livramento-comenta-sobre-brigas-de-estudantes-do-colegio-3-de-agosto\/\" data-send=\"false\" data-layout=\"box_count\" data-width=\"55\" data-show-faces=\"false\"><\/div><\/span><\/span><span class=\"mr_social_sharing_top\"><fb:share-button type=\"box_count\" href=\"https:\/\/www.blogdopilako.com.br\/wp\/2015\/03\/05\/internauta-joao-do-livramento-comenta-sobre-brigas-de-estudantes-do-colegio-3-de-agosto\/\"><\/fb:share-button><\/span><span class=\"mr_social_sharing\"><a rel=\"nofollow\" class=\"linksalpha_button linksalpha_link\" href=\"\/\/www.linksalpha.com\/social\/mobile\" data-url=\"https:\/\/www.blogdopilako.com.br\/wp\/2015\/03\/05\/internauta-joao-do-livramento-comenta-sobre-brigas-de-estudantes-do-colegio-3-de-agosto\/\" data-text=\"Internauta Jo\u00e3o do Livramento comenta sobre brigas de estudantes do Col\u00e9gio 3 de Agosto\" data-desc=\"Coment\u00e1rio postado na mat\u00e9ria \"Brigas contantes dos alunos do Col\u00e9gio 3 de Agosto.\". Amigo Pilako, este \u00e9 um problema complexo, que \u00e9 puro reflexo da gera\u00e7\u00e3o \u201cmalha\u00e7\u00e3o\u201d e porque n\u00e3o dizer gera\u00e7\u00e3o \u201cBBB\u201d. Uma gera\u00e7\u00e3o sem educa\u00e7\u00e3o dom\u00e9stica, sem respeito ao pr\u00f3ximo, sem\" data-image=\"\" data-button=\"none\">\n\t\t\t\t\t<img src=\"\/\/www.linksalpha.com\/images\/social_share_button.png\" alt=\"Share\" class=\"linksalpha_image\" \/>\n\t\t\t\t\t<\/a><script type=\"text\/javascript\" src=\"\/\/www.linksalpha.com\/scripts\/loader_iconbox.js?v=2.4\"><\/script><\/span><\/div><p>Coment\u00e1rio postado na mat\u00e9ria &#8220;Brigas contantes dos alunos do Col\u00e9gio 3 de Agosto.&#8220;. Amigo Pilako, este \u00e9 um problema complexo, que \u00e9 puro reflexo da gera\u00e7\u00e3o \u201cmalha\u00e7\u00e3o\u201d e porque n\u00e3o dizer gera\u00e7\u00e3o \u201cBBB\u201d. Uma gera\u00e7\u00e3o sem educa\u00e7\u00e3o dom\u00e9stica, sem respeito &hellip; <a href=\"https:\/\/www.blogdopilako.com.br\/wp\/2015\/03\/05\/internauta-joao-do-livramento-comenta-sobre-brigas-de-estudantes-do-colegio-3-de-agosto\/\">Continue lendo <span class=\"meta-nav\">&rarr;<\/span><\/a><\/p>\n\n\t\t\t\t<div class=\"mr_social_sharing_wrapper\">\n\t\t\t\t<!-- Social Sharing Toolkit v2.2 --><span class=\"mr_social_sharing_top\"><span style=\"display: inline-block; width: 55px; height: 62px; overflow: hidden;\"><div class=\"fb-like\" data-href=\"https:\/\/www.blogdopilako.com.br\/wp\/2015\/03\/05\/internauta-joao-do-livramento-comenta-sobre-brigas-de-estudantes-do-colegio-3-de-agosto\/\" data-send=\"false\" data-layout=\"box_count\" data-width=\"55\" data-show-faces=\"false\"><\/div><\/span><\/span><span class=\"mr_social_sharing_top\"><fb:share-button type=\"box_count\" href=\"https:\/\/www.blogdopilako.com.br\/wp\/2015\/03\/05\/internauta-joao-do-livramento-comenta-sobre-brigas-de-estudantes-do-colegio-3-de-agosto\/\"><\/fb:share-button><\/span><span class=\"mr_social_sharing\"><a rel=\"nofollow\" class=\"linksalpha_button linksalpha_link\" href=\"\/\/www.linksalpha.com\/social\/mobile\" data-url=\"https:\/\/www.blogdopilako.com.br\/wp\/2015\/03\/05\/internauta-joao-do-livramento-comenta-sobre-brigas-de-estudantes-do-colegio-3-de-agosto\/\" data-text=\"Internauta Jo\u00e3o do Livramento comenta sobre brigas de estudantes do Col\u00e9gio 3 de Agosto\" data-desc=\"Coment\u00e1rio postado na mat\u00e9ria \"Brigas contantes dos alunos do Col\u00e9gio 3 de Agosto.\". Amigo Pilako, este \u00e9 um problema complexo, que \u00e9 puro reflexo da gera\u00e7\u00e3o \u201cmalha\u00e7\u00e3o\u201d e porque n\u00e3o dizer gera\u00e7\u00e3o \u201cBBB\u201d. Uma gera\u00e7\u00e3o sem educa\u00e7\u00e3o dom\u00e9stica, sem respeito ao pr\u00f3ximo, sem\" data-image=\"\" data-button=\"none\">\n\t\t\t\t\t<img src=\"\/\/www.linksalpha.com\/images\/social_share_button.png\" alt=\"Share\" class=\"linksalpha_image\" \/>\n\t\t\t\t\t<\/a><script type=\"text\/javascript\" src=\"\/\/www.linksalpha.com\/scripts\/loader_iconbox.js?v=2.4\"><\/script><\/span><\/div>","protected":false},"author":1,"featured_media":0,"comment_status":"open","ping_status":"open","sticky":false,"template":"","format":"standard","meta":[],"categories":[21,22],"tags":[],"_links":{"self":[{"href":"https:\/\/www.blogdopilako.com.br\/wp\/wp-json\/wp\/v2\/posts\/73364"}],"collection":[{"href":"https:\/\/www.blogdopilako.com.br\/wp\/wp-json\/wp\/v2\/posts"}],"about":[{"href":"https:\/\/www.blogdopilako.com.br\/wp\/wp-json\/wp\/v2\/types\/post"}],"author":[{"embeddable":true,"href":"https:\/\/www.blogdopilako.com.br\/wp\/wp-json\/wp\/v2\/users\/1"}],"replies":[{"embeddable":true,"href":"https:\/\/www.blogdopilako.com.br\/wp\/wp-json\/wp\/v2\/comments?post=73364"}],"version-history":[{"count":1,"href":"https:\/\/www.blogdopilako.com.br\/wp\/wp-json\/wp\/v2\/posts\/73364\/revisions"}],"predecessor-version":[{"id":73365,"href":"https:\/\/www.blogdopilako.com.br\/wp\/wp-json\/wp\/v2\/posts\/73364\/revisions\/73365"}],"wp:attachment":[{"href":"https:\/\/www.blogdopilako.com.br\/wp\/wp-json\/wp\/v2\/media?parent=73364"}],"wp:term":[{"taxonomy":"category","embeddable":true,"href":"https:\/\/www.blogdopilako.com.br\/wp\/wp-json\/wp\/v2\/categories?post=73364"},{"taxonomy":"post_tag","embeddable":true,"href":"https:\/\/www.blogdopilako.com.br\/wp\/wp-json\/wp\/v2\/tags?post=73364"}],"curies":[{"name":"wp","href":"https:\/\/api.w.org\/{rel}","templated":true}]}}