{"id":70755,"date":"2015-01-23T14:20:57","date_gmt":"2015-01-23T17:20:57","guid":{"rendered":"http:\/\/www.blogdopilako.com.br\/wp\/?p=70755"},"modified":"2015-01-23T17:37:41","modified_gmt":"2015-01-23T20:37:41","slug":"tempo-voa-video-as-vizinhas","status":"publish","type":"post","link":"https:\/\/www.blogdopilako.com.br\/wp\/2015\/01\/23\/tempo-voa-video-as-vizinhas\/","title":{"rendered":"Tempo Voa V\u00eddeo: AS VIRGENS."},"content":{"rendered":"\n\t\t\t\t<div class=\"mr_social_sharing_wrapper\">\n\t\t\t\t<!-- Social Sharing Toolkit v2.2 --><span class=\"mr_social_sharing_top\"><span style=\"display: inline-block; width: 55px; height: 62px; overflow: hidden;\"><div class=\"fb-like\" data-href=\"https:\/\/www.blogdopilako.com.br\/wp\/2015\/01\/23\/tempo-voa-video-as-vizinhas\/\" data-send=\"false\" data-layout=\"box_count\" data-width=\"55\" data-show-faces=\"false\"><\/div><\/span><\/span><span class=\"mr_social_sharing_top\"><fb:share-button type=\"box_count\" href=\"https:\/\/www.blogdopilako.com.br\/wp\/2015\/01\/23\/tempo-voa-video-as-vizinhas\/\"><\/fb:share-button><\/span><span class=\"mr_social_sharing\"><a rel=\"nofollow\" class=\"linksalpha_button linksalpha_link\" href=\"\/\/www.linksalpha.com\/social\/mobile\" data-url=\"https:\/\/www.blogdopilako.com.br\/wp\/2015\/01\/23\/tempo-voa-video-as-vizinhas\/\" data-text=\"Tempo Voa V\u00eddeo: AS VIRGENS.\" data-desc=\"Neste v\u00eddeo, onde reviveremos o carnaval vitoriense do ano de 2000, visualizaremos o desfile da Agremia\u00e7\u00e3o Carnavalesca \u00a0\u201cAs Virgens\u201d.\u00a0Veja o v\u00eddeo:\" data-image=\"\" data-button=\"none\">\n\t\t\t\t\t<img src=\"\/\/www.linksalpha.com\/images\/social_share_button.png\" alt=\"Share\" class=\"linksalpha_image\" \/>\n\t\t\t\t\t<\/a><script type=\"text\/javascript\" src=\"\/\/www.linksalpha.com\/scripts\/loader_iconbox.js?v=2.4\"><\/script><\/span><\/div><p>Neste v\u00eddeo, onde reviveremos o carnaval vitoriense do ano de 2000, visualizaremos o desfile da Agremia\u00e7\u00e3o Carnavalesca \u00a0<strong>\u201cAs Virgens\u201d.<\/strong>\u00a0Veja o v\u00eddeo:<\/p>\n<p><iframe loading=\"lazy\" src=\"\/\/www.youtube.com\/embed\/pXvrOHLW1No\" width=\"600\" height=\"338\" frameborder=\"0\" allowfullscreen=\"allowfullscreen\"><\/iframe><\/p>\n\n\t\t\t\t<div class=\"mr_social_sharing_wrapper\">\n\t\t\t\t<!-- Social Sharing Toolkit v2.2 --><span class=\"mr_social_sharing_top\"><span style=\"display: inline-block; width: 55px; height: 62px; overflow: hidden;\"><div class=\"fb-like\" data-href=\"https:\/\/www.blogdopilako.com.br\/wp\/2015\/01\/23\/tempo-voa-video-as-vizinhas\/\" data-send=\"false\" data-layout=\"box_count\" data-width=\"55\" data-show-faces=\"false\"><\/div><\/span><\/span><span class=\"mr_social_sharing_top\"><fb:share-button type=\"box_count\" href=\"https:\/\/www.blogdopilako.com.br\/wp\/2015\/01\/23\/tempo-voa-video-as-vizinhas\/\"><\/fb:share-button><\/span><span class=\"mr_social_sharing\"><a rel=\"nofollow\" class=\"linksalpha_button linksalpha_link\" href=\"\/\/www.linksalpha.com\/social\/mobile\" data-url=\"https:\/\/www.blogdopilako.com.br\/wp\/2015\/01\/23\/tempo-voa-video-as-vizinhas\/\" data-text=\"Tempo Voa V\u00eddeo: AS VIRGENS.\" data-desc=\"Neste v\u00eddeo, onde reviveremos o carnaval vitoriense do ano de 2000, visualizaremos o desfile da Agremia\u00e7\u00e3o Carnavalesca \u00a0\u201cAs Virgens\u201d.\u00a0Veja o v\u00eddeo:\" data-image=\"\" data-button=\"none\">\n\t\t\t\t\t<img src=\"\/\/www.linksalpha.com\/images\/social_share_button.png\" alt=\"Share\" class=\"linksalpha_image\" \/>\n\t\t\t\t\t<\/a><script type=\"text\/javascript\" src=\"\/\/www.linksalpha.com\/scripts\/loader_iconbox.js?v=2.4\"><\/script><\/span><\/div>","protected":false},"excerpt":{"rendered":"\n\t\t\t\t<div class=\"mr_social_sharing_wrapper\">\n\t\t\t\t<!-- Social Sharing Toolkit v2.2 --><span class=\"mr_social_sharing_top\"><span style=\"display: inline-block; width: 55px; height: 62px; overflow: hidden;\"><div class=\"fb-like\" data-href=\"https:\/\/www.blogdopilako.com.br\/wp\/2015\/01\/23\/tempo-voa-video-as-vizinhas\/\" data-send=\"false\" data-layout=\"box_count\" data-width=\"55\" data-show-faces=\"false\"><\/div><\/span><\/span><span class=\"mr_social_sharing_top\"><fb:share-button type=\"box_count\" href=\"https:\/\/www.blogdopilako.com.br\/wp\/2015\/01\/23\/tempo-voa-video-as-vizinhas\/\"><\/fb:share-button><\/span><span class=\"mr_social_sharing\"><a rel=\"nofollow\" class=\"linksalpha_button linksalpha_link\" href=\"\/\/www.linksalpha.com\/social\/mobile\" data-url=\"https:\/\/www.blogdopilako.com.br\/wp\/2015\/01\/23\/tempo-voa-video-as-vizinhas\/\" data-text=\"Tempo Voa V\u00eddeo: AS VIRGENS.\" data-desc=\"Neste v\u00eddeo, onde reviveremos o carnaval vitoriense do ano de 2000, visualizaremos o desfile da Agremia\u00e7\u00e3o Carnavalesca \u00a0\u201cAs Virgens\u201d.\u00a0Veja o v\u00eddeo:\" data-image=\"\" data-button=\"none\">\n\t\t\t\t\t<img src=\"\/\/www.linksalpha.com\/images\/social_share_button.png\" alt=\"Share\" class=\"linksalpha_image\" \/>\n\t\t\t\t\t<\/a><script type=\"text\/javascript\" src=\"\/\/www.linksalpha.com\/scripts\/loader_iconbox.js?v=2.4\"><\/script><\/span><\/div><p>Neste v\u00eddeo, onde reviveremos o carnaval vitoriense do ano de 2000, visualizaremos o desfile da Agremia\u00e7\u00e3o Carnavalesca \u00a0\u201cAs Virgens\u201d.\u00a0Veja o v\u00eddeo:<\/p>\n\n\t\t\t\t<div class=\"mr_social_sharing_wrapper\">\n\t\t\t\t<!-- Social Sharing Toolkit v2.2 --><span class=\"mr_social_sharing_top\"><span style=\"display: inline-block; width: 55px; height: 62px; overflow: hidden;\"><div class=\"fb-like\" data-href=\"https:\/\/www.blogdopilako.com.br\/wp\/2015\/01\/23\/tempo-voa-video-as-vizinhas\/\" data-send=\"false\" data-layout=\"box_count\" data-width=\"55\" data-show-faces=\"false\"><\/div><\/span><\/span><span class=\"mr_social_sharing_top\"><fb:share-button type=\"box_count\" href=\"https:\/\/www.blogdopilako.com.br\/wp\/2015\/01\/23\/tempo-voa-video-as-vizinhas\/\"><\/fb:share-button><\/span><span class=\"mr_social_sharing\"><a rel=\"nofollow\" class=\"linksalpha_button linksalpha_link\" href=\"\/\/www.linksalpha.com\/social\/mobile\" data-url=\"https:\/\/www.blogdopilako.com.br\/wp\/2015\/01\/23\/tempo-voa-video-as-vizinhas\/\" data-text=\"Tempo Voa V\u00eddeo: AS VIRGENS.\" data-desc=\"Neste v\u00eddeo, onde reviveremos o carnaval vitoriense do ano de 2000, visualizaremos o desfile da Agremia\u00e7\u00e3o Carnavalesca \u00a0\u201cAs Virgens\u201d.\u00a0Veja o v\u00eddeo:\" data-image=\"\" data-button=\"none\">\n\t\t\t\t\t<img src=\"\/\/www.linksalpha.com\/images\/social_share_button.png\" alt=\"Share\" class=\"linksalpha_image\" \/>\n\t\t\t\t\t<\/a><script type=\"text\/javascript\" src=\"\/\/www.linksalpha.com\/scripts\/loader_iconbox.js?v=2.4\"><\/script><\/span><\/div>","protected":false},"author":4,"featured_media":0,"comment_status":"open","ping_status":"open","sticky":false,"template":"","format":"standard","meta":[],"categories":[113],"tags":[],"_links":{"self":[{"href":"https:\/\/www.blogdopilako.com.br\/wp\/wp-json\/wp\/v2\/posts\/70755"}],"collection":[{"href":"https:\/\/www.blogdopilako.com.br\/wp\/wp-json\/wp\/v2\/posts"}],"about":[{"href":"https:\/\/www.blogdopilako.com.br\/wp\/wp-json\/wp\/v2\/types\/post"}],"author":[{"embeddable":true,"href":"https:\/\/www.blogdopilako.com.br\/wp\/wp-json\/wp\/v2\/users\/4"}],"replies":[{"embeddable":true,"href":"https:\/\/www.blogdopilako.com.br\/wp\/wp-json\/wp\/v2\/comments?post=70755"}],"version-history":[{"count":3,"href":"https:\/\/www.blogdopilako.com.br\/wp\/wp-json\/wp\/v2\/posts\/70755\/revisions"}],"predecessor-version":[{"id":70804,"href":"https:\/\/www.blogdopilako.com.br\/wp\/wp-json\/wp\/v2\/posts\/70755\/revisions\/70804"}],"wp:attachment":[{"href":"https:\/\/www.blogdopilako.com.br\/wp\/wp-json\/wp\/v2\/media?parent=70755"}],"wp:term":[{"taxonomy":"category","embeddable":true,"href":"https:\/\/www.blogdopilako.com.br\/wp\/wp-json\/wp\/v2\/categories?post=70755"},{"taxonomy":"post_tag","embeddable":true,"href":"https:\/\/www.blogdopilako.com.br\/wp\/wp-json\/wp\/v2\/tags?post=70755"}],"curies":[{"name":"wp","href":"https:\/\/api.w.org\/{rel}","templated":true}]}}