{"id":6644,"date":"2011-10-07T15:10:50","date_gmt":"2011-10-07T18:10:50","guid":{"rendered":"http:\/\/www.blogdopilako.com.br\/wp\/?p=6644"},"modified":"2011-10-07T12:08:55","modified_gmt":"2011-10-07T15:08:55","slug":"dia-do-compositor","status":"publish","type":"post","link":"https:\/\/www.blogdopilako.com.br\/wp\/2011\/10\/07\/dia-do-compositor\/","title":{"rendered":"Dia do Compositor"},"content":{"rendered":"\n\t\t\t\t<div class=\"mr_social_sharing_wrapper\">\n\t\t\t\t<!-- Social Sharing Toolkit v2.2 --><span class=\"mr_social_sharing_top\"><span style=\"display: inline-block; width: 55px; height: 62px; overflow: hidden;\"><div class=\"fb-like\" data-href=\"https:\/\/www.blogdopilako.com.br\/wp\/2011\/10\/07\/dia-do-compositor\/\" data-send=\"false\" data-layout=\"box_count\" data-width=\"55\" data-show-faces=\"false\"><\/div><\/span><\/span><span class=\"mr_social_sharing_top\"><fb:share-button type=\"box_count\" href=\"https:\/\/www.blogdopilako.com.br\/wp\/2011\/10\/07\/dia-do-compositor\/\"><\/fb:share-button><\/span><span class=\"mr_social_sharing\"><a rel=\"nofollow\" class=\"linksalpha_button linksalpha_link\" href=\"\/\/www.linksalpha.com\/social\/mobile\" data-url=\"https:\/\/www.blogdopilako.com.br\/wp\/2011\/10\/07\/dia-do-compositor\/\" data-text=\"Dia do Compositor\" data-desc=\"Hoje (07) \u00e9 comemorado o Dia do Compositor, parabenizamos na pessoa do colunista Aldenisio Tavares, todos os compositores vitorienses. Aldenisio \u00e9\u00a0autor de mais de 200 m\u00fasicas, em ritmos de forr\u00f3, xote, ax\u00e9, mpb, carnavalescas, religiosas, enfim um compositor completo.\" data-image=\"http:\/\/www.blogdopilako.com.br\/wp\/wp-content\/uploads\/aldenisio1.jpg\" data-button=\"none\">\n\t\t\t\t\t<img src=\"\/\/www.linksalpha.com\/images\/social_share_button.png\" alt=\"Share\" class=\"linksalpha_image\" \/>\n\t\t\t\t\t<\/a><script type=\"text\/javascript\" src=\"\/\/www.linksalpha.com\/scripts\/loader_iconbox.js?v=2.4\"><\/script><\/span><\/div><p style=\"text-align: justify;\"><a href=\"http:\/\/www.blogdopilako.com.br\/wp\/wp-content\/uploads\/aldenisio1.jpg\"><img loading=\"lazy\" class=\"aligncenter size-full wp-image-6645\" title=\"aldenisio\" src=\"http:\/\/www.blogdopilako.com.br\/wp\/wp-content\/uploads\/aldenisio1.jpg\" alt=\"\" width=\"407\" height=\"500\" \/><\/a>Hoje (07) \u00e9 comemorado o <strong>Dia do Compositor<\/strong>, parabenizamos na pessoa do colunista <em><strong>Aldenisio Tavares<\/strong><\/em>, todos os compositores vitorienses. Aldenisio \u00e9\u00a0autor de mais de 200 m\u00fasicas, em ritmos de forr\u00f3, xote, ax\u00e9, mpb, carnavalescas, religiosas, enfim um compositor completo.<\/p>\n\n\t\t\t\t<div class=\"mr_social_sharing_wrapper\">\n\t\t\t\t<!-- Social Sharing Toolkit v2.2 --><span class=\"mr_social_sharing_top\"><span style=\"display: inline-block; width: 55px; height: 62px; overflow: hidden;\"><div class=\"fb-like\" data-href=\"https:\/\/www.blogdopilako.com.br\/wp\/2011\/10\/07\/dia-do-compositor\/\" data-send=\"false\" data-layout=\"box_count\" data-width=\"55\" data-show-faces=\"false\"><\/div><\/span><\/span><span class=\"mr_social_sharing_top\"><fb:share-button type=\"box_count\" href=\"https:\/\/www.blogdopilako.com.br\/wp\/2011\/10\/07\/dia-do-compositor\/\"><\/fb:share-button><\/span><span class=\"mr_social_sharing\"><a rel=\"nofollow\" class=\"linksalpha_button linksalpha_link\" href=\"\/\/www.linksalpha.com\/social\/mobile\" data-url=\"https:\/\/www.blogdopilako.com.br\/wp\/2011\/10\/07\/dia-do-compositor\/\" data-text=\"Dia do Compositor\" data-desc=\"Hoje (07) \u00e9 comemorado o Dia do Compositor, parabenizamos na pessoa do colunista Aldenisio Tavares, todos os compositores vitorienses. Aldenisio \u00e9\u00a0autor de mais de 200 m\u00fasicas, em ritmos de forr\u00f3, xote, ax\u00e9, mpb, carnavalescas, religiosas, enfim um compositor completo.\" data-image=\"http:\/\/www.blogdopilako.com.br\/wp\/wp-content\/uploads\/aldenisio1.jpg\" data-button=\"none\">\n\t\t\t\t\t<img src=\"\/\/www.linksalpha.com\/images\/social_share_button.png\" alt=\"Share\" class=\"linksalpha_image\" \/>\n\t\t\t\t\t<\/a><script type=\"text\/javascript\" src=\"\/\/www.linksalpha.com\/scripts\/loader_iconbox.js?v=2.4\"><\/script><\/span><\/div>","protected":false},"excerpt":{"rendered":"\n\t\t\t\t<div class=\"mr_social_sharing_wrapper\">\n\t\t\t\t<!-- Social Sharing Toolkit v2.2 --><span class=\"mr_social_sharing_top\"><span style=\"display: inline-block; width: 55px; height: 62px; overflow: hidden;\"><div class=\"fb-like\" data-href=\"https:\/\/www.blogdopilako.com.br\/wp\/2011\/10\/07\/dia-do-compositor\/\" data-send=\"false\" data-layout=\"box_count\" data-width=\"55\" data-show-faces=\"false\"><\/div><\/span><\/span><span class=\"mr_social_sharing_top\"><fb:share-button type=\"box_count\" href=\"https:\/\/www.blogdopilako.com.br\/wp\/2011\/10\/07\/dia-do-compositor\/\"><\/fb:share-button><\/span><span class=\"mr_social_sharing\"><a rel=\"nofollow\" class=\"linksalpha_button linksalpha_link\" href=\"\/\/www.linksalpha.com\/social\/mobile\" data-url=\"https:\/\/www.blogdopilako.com.br\/wp\/2011\/10\/07\/dia-do-compositor\/\" data-text=\"Dia do Compositor\" data-desc=\"Hoje (07) \u00e9 comemorado o Dia do Compositor, parabenizamos na pessoa do colunista Aldenisio Tavares, todos os compositores vitorienses. Aldenisio \u00e9\u00a0autor de mais de 200 m\u00fasicas, em ritmos de forr\u00f3, xote, ax\u00e9, mpb, carnavalescas, religiosas, enfim um compositor completo.\" data-image=\"\" data-button=\"none\">\n\t\t\t\t\t<img src=\"\/\/www.linksalpha.com\/images\/social_share_button.png\" alt=\"Share\" class=\"linksalpha_image\" \/>\n\t\t\t\t\t<\/a><script type=\"text\/javascript\" src=\"\/\/www.linksalpha.com\/scripts\/loader_iconbox.js?v=2.4\"><\/script><\/span><\/div><p>Hoje (07) \u00e9 comemorado o Dia do Compositor, parabenizamos na pessoa do colunista Aldenisio Tavares, todos os compositores vitorienses. Aldenisio \u00e9\u00a0autor de mais de 200 m\u00fasicas, em ritmos de forr\u00f3, xote, ax\u00e9, mpb, carnavalescas, religiosas, enfim um compositor completo.<\/p>\n\n\t\t\t\t<div class=\"mr_social_sharing_wrapper\">\n\t\t\t\t<!-- Social Sharing Toolkit v2.2 --><span class=\"mr_social_sharing_top\"><span style=\"display: inline-block; width: 55px; height: 62px; overflow: hidden;\"><div class=\"fb-like\" data-href=\"https:\/\/www.blogdopilako.com.br\/wp\/2011\/10\/07\/dia-do-compositor\/\" data-send=\"false\" data-layout=\"box_count\" data-width=\"55\" data-show-faces=\"false\"><\/div><\/span><\/span><span class=\"mr_social_sharing_top\"><fb:share-button type=\"box_count\" href=\"https:\/\/www.blogdopilako.com.br\/wp\/2011\/10\/07\/dia-do-compositor\/\"><\/fb:share-button><\/span><span class=\"mr_social_sharing\"><a rel=\"nofollow\" class=\"linksalpha_button linksalpha_link\" href=\"\/\/www.linksalpha.com\/social\/mobile\" data-url=\"https:\/\/www.blogdopilako.com.br\/wp\/2011\/10\/07\/dia-do-compositor\/\" data-text=\"Dia do Compositor\" data-desc=\"Hoje (07) \u00e9 comemorado o Dia do Compositor, parabenizamos na pessoa do colunista Aldenisio Tavares, todos os compositores vitorienses. Aldenisio \u00e9\u00a0autor de mais de 200 m\u00fasicas, em ritmos de forr\u00f3, xote, ax\u00e9, mpb, carnavalescas, religiosas, enfim um compositor completo.\" data-image=\"\" data-button=\"none\">\n\t\t\t\t\t<img src=\"\/\/www.linksalpha.com\/images\/social_share_button.png\" alt=\"Share\" class=\"linksalpha_image\" \/>\n\t\t\t\t\t<\/a><script type=\"text\/javascript\" src=\"\/\/www.linksalpha.com\/scripts\/loader_iconbox.js?v=2.4\"><\/script><\/span><\/div>","protected":false},"author":4,"featured_media":0,"comment_status":"open","ping_status":"open","sticky":false,"template":"","format":"standard","meta":[],"categories":[22],"tags":[],"_links":{"self":[{"href":"https:\/\/www.blogdopilako.com.br\/wp\/wp-json\/wp\/v2\/posts\/6644"}],"collection":[{"href":"https:\/\/www.blogdopilako.com.br\/wp\/wp-json\/wp\/v2\/posts"}],"about":[{"href":"https:\/\/www.blogdopilako.com.br\/wp\/wp-json\/wp\/v2\/types\/post"}],"author":[{"embeddable":true,"href":"https:\/\/www.blogdopilako.com.br\/wp\/wp-json\/wp\/v2\/users\/4"}],"replies":[{"embeddable":true,"href":"https:\/\/www.blogdopilako.com.br\/wp\/wp-json\/wp\/v2\/comments?post=6644"}],"version-history":[{"count":2,"href":"https:\/\/www.blogdopilako.com.br\/wp\/wp-json\/wp\/v2\/posts\/6644\/revisions"}],"predecessor-version":[{"id":6647,"href":"https:\/\/www.blogdopilako.com.br\/wp\/wp-json\/wp\/v2\/posts\/6644\/revisions\/6647"}],"wp:attachment":[{"href":"https:\/\/www.blogdopilako.com.br\/wp\/wp-json\/wp\/v2\/media?parent=6644"}],"wp:term":[{"taxonomy":"category","embeddable":true,"href":"https:\/\/www.blogdopilako.com.br\/wp\/wp-json\/wp\/v2\/categories?post=6644"},{"taxonomy":"post_tag","embeddable":true,"href":"https:\/\/www.blogdopilako.com.br\/wp\/wp-json\/wp\/v2\/tags?post=6644"}],"curies":[{"name":"wp","href":"https:\/\/api.w.org\/{rel}","templated":true}]}}