{"id":6532,"date":"2011-10-06T14:26:47","date_gmt":"2011-10-06T17:26:47","guid":{"rendered":"http:\/\/www.blogdopilako.com.br\/wp\/?p=6532"},"modified":"2011-10-06T14:26:47","modified_gmt":"2011-10-06T17:26:47","slug":"vitoriense-registra-perda-de-steve-jobs","status":"publish","type":"post","link":"https:\/\/www.blogdopilako.com.br\/wp\/2011\/10\/06\/vitoriense-registra-perda-de-steve-jobs\/","title":{"rendered":"Vitoriense registra perda de Steve Jobs"},"content":{"rendered":"\n\t\t\t\t<div class=\"mr_social_sharing_wrapper\">\n\t\t\t\t<!-- Social Sharing Toolkit v2.2 --><span class=\"mr_social_sharing_top\"><span style=\"display: inline-block; width: 55px; height: 62px; overflow: hidden;\"><div class=\"fb-like\" data-href=\"https:\/\/www.blogdopilako.com.br\/wp\/2011\/10\/06\/vitoriense-registra-perda-de-steve-jobs\/\" data-send=\"false\" data-layout=\"box_count\" data-width=\"55\" data-show-faces=\"false\"><\/div><\/span><\/span><span class=\"mr_social_sharing_top\"><fb:share-button type=\"box_count\" href=\"https:\/\/www.blogdopilako.com.br\/wp\/2011\/10\/06\/vitoriense-registra-perda-de-steve-jobs\/\"><\/fb:share-button><\/span><span class=\"mr_social_sharing\"><a rel=\"nofollow\" class=\"linksalpha_button linksalpha_link\" href=\"\/\/www.linksalpha.com\/social\/mobile\" data-url=\"https:\/\/www.blogdopilako.com.br\/wp\/2011\/10\/06\/vitoriense-registra-perda-de-steve-jobs\/\" data-text=\"Vitoriense registra perda de Steve Jobs\" data-desc=\"Que a tecnologia faz parte da vida cotidiana da humanidade, isso n\u00e3o \u00e9 nenhuma novidade e gra\u00e7as \u00e0 vis\u00e3o futurista do Steve Jobs, hoje, podemos sentir na ponta dos dedos os benef\u00edcios de tais cria\u00e7\u00f5es. Depois de diversas batalhas travadas na luta contra um c\u00e2ncer, o mundo tecnol\u00f3gico\" data-image=\"http:\/\/www.geekaco.com\/wp-content\/uploads\/2010\/01\/steve-jobs.jpg\" data-button=\"none\">\n\t\t\t\t\t<img src=\"\/\/www.linksalpha.com\/images\/social_share_button.png\" alt=\"Share\" class=\"linksalpha_image\" \/>\n\t\t\t\t\t<\/a><script type=\"text\/javascript\" src=\"\/\/www.linksalpha.com\/scripts\/loader_iconbox.js?v=2.4\"><\/script><\/span><\/div><p style=\"text-align: justify;\"><img loading=\"lazy\" class=\"aligncenter\" title=\"jobs\" src=\"http:\/\/www.geekaco.com\/wp-content\/uploads\/2010\/01\/steve-jobs.jpg\" alt=\"\" width=\"486\" height=\"419\" \/><\/p>\n<p style=\"text-align: justify;\">Que a tecnologia faz parte da vida cotidiana da humanidade, isso n\u00e3o \u00e9 nenhuma novidade e gra\u00e7as \u00e0 vis\u00e3o futurista do <strong>Steve Jobs<\/strong>, hoje, podemos sentir na <strong><em>ponta dos dedos <\/em><\/strong>os benef\u00edcios de tais cria\u00e7\u00f5es. Depois de diversas batalhas travadas na luta contra um c\u00e2ncer, o mundo tecnol\u00f3gico perde um vision\u00e1rio, o mundo coorporativo perde um empres\u00e1rio de sucesso e os produto criados por esse tipo de <strong><em>\u201cprofessor pardal\u201d<\/em><\/strong> do nosso tempo, ficam \u00f3rf\u00e3os de pai!<\/p>\n<p style=\"text-align: justify;\">Para os mais \u00edntimos adeptos dessa tecnologia, que transforma qualquer funcionalidade simples em coisa de ultima gera\u00e7\u00e3o, faz-se necess\u00e1rio expressar suas convic\u00e7\u00f5es sobre o que \u00e9 pertencer \u00e0 fam\u00edlia Apple. Certo dia, em reuni\u00e3o de neg\u00f3cios com amigos <strong>Diogenes Brol <\/strong>e<strong> Alcimar Carlos<\/strong>, ambos comentaram respectivamente: \u201cQuem n\u00e3o tem um <strong><em>Iphone<\/em><\/strong>, n\u00e3o sabe o que \u00e9 ter um celular\u201d e \u201cN\u00e3o basta ter um <strong><em>Ipad<\/em><\/strong> e sim saber usufruir de tudo que ele nos proporciona\u201d. S\u00e3o relatos como estes, que definem o usu\u00e1rio da tecnologia vislumbrada por esse Mito que se foi, mas deixou uma enorme fam\u00edlia consumidora de seus produtos.<\/p>\n<p style=\"text-align: justify;\">\u00c9 com imenso pesar, que fa\u00e7o minhas rever\u00eancias a este homem, que mudou o estilo de vida da humanidade e que ser\u00e1 lembrado por v\u00e1rias e v\u00e1rias gera\u00e7\u00f5es tecnol\u00f3gicas.<br \/>\n<strong><em><br \/>\n\u201cHoje, todos os Iphones amanheceram chorando, ficaram \u00f3rf\u00e3os de pai! #thankyousteve\u201d<\/em><\/strong><strong><em><\/em><\/strong><\/p>\n<p style=\"text-align: justify;\"><strong>C\u00e9lio Meira Bisneto<\/strong><br \/>\nBacharel em Direito e t\u00e9cnico em inform\u00e1tica por profiss\u00e3o.<br \/>\nAmante da tecnologia por convic\u00e7\u00e3o.<\/p>\n\n\t\t\t\t<div class=\"mr_social_sharing_wrapper\">\n\t\t\t\t<!-- Social Sharing Toolkit v2.2 --><span class=\"mr_social_sharing_top\"><span style=\"display: inline-block; width: 55px; height: 62px; overflow: hidden;\"><div class=\"fb-like\" data-href=\"https:\/\/www.blogdopilako.com.br\/wp\/2011\/10\/06\/vitoriense-registra-perda-de-steve-jobs\/\" data-send=\"false\" data-layout=\"box_count\" data-width=\"55\" data-show-faces=\"false\"><\/div><\/span><\/span><span class=\"mr_social_sharing_top\"><fb:share-button type=\"box_count\" href=\"https:\/\/www.blogdopilako.com.br\/wp\/2011\/10\/06\/vitoriense-registra-perda-de-steve-jobs\/\"><\/fb:share-button><\/span><span class=\"mr_social_sharing\"><a rel=\"nofollow\" class=\"linksalpha_button linksalpha_link\" href=\"\/\/www.linksalpha.com\/social\/mobile\" data-url=\"https:\/\/www.blogdopilako.com.br\/wp\/2011\/10\/06\/vitoriense-registra-perda-de-steve-jobs\/\" data-text=\"Vitoriense registra perda de Steve Jobs\" data-desc=\"Que a tecnologia faz parte da vida cotidiana da humanidade, isso n\u00e3o \u00e9 nenhuma novidade e gra\u00e7as \u00e0 vis\u00e3o futurista do Steve Jobs, hoje, podemos sentir na ponta dos dedos os benef\u00edcios de tais cria\u00e7\u00f5es. Depois de diversas batalhas travadas na luta contra um c\u00e2ncer, o mundo tecnol\u00f3gico\" data-image=\"http:\/\/www.geekaco.com\/wp-content\/uploads\/2010\/01\/steve-jobs.jpg\" data-button=\"none\">\n\t\t\t\t\t<img src=\"\/\/www.linksalpha.com\/images\/social_share_button.png\" alt=\"Share\" class=\"linksalpha_image\" \/>\n\t\t\t\t\t<\/a><script type=\"text\/javascript\" src=\"\/\/www.linksalpha.com\/scripts\/loader_iconbox.js?v=2.4\"><\/script><\/span><\/div>","protected":false},"excerpt":{"rendered":"\n\t\t\t\t<div class=\"mr_social_sharing_wrapper\">\n\t\t\t\t<!-- Social Sharing Toolkit v2.2 --><span class=\"mr_social_sharing_top\"><span style=\"display: inline-block; width: 55px; height: 62px; overflow: hidden;\"><div class=\"fb-like\" data-href=\"https:\/\/www.blogdopilako.com.br\/wp\/2011\/10\/06\/vitoriense-registra-perda-de-steve-jobs\/\" data-send=\"false\" data-layout=\"box_count\" data-width=\"55\" data-show-faces=\"false\"><\/div><\/span><\/span><span class=\"mr_social_sharing_top\"><fb:share-button type=\"box_count\" href=\"https:\/\/www.blogdopilako.com.br\/wp\/2011\/10\/06\/vitoriense-registra-perda-de-steve-jobs\/\"><\/fb:share-button><\/span><span class=\"mr_social_sharing\"><a rel=\"nofollow\" class=\"linksalpha_button linksalpha_link\" href=\"\/\/www.linksalpha.com\/social\/mobile\" data-url=\"https:\/\/www.blogdopilako.com.br\/wp\/2011\/10\/06\/vitoriense-registra-perda-de-steve-jobs\/\" data-text=\"Vitoriense registra perda de Steve Jobs\" data-desc=\"Que a tecnologia faz parte da vida cotidiana da humanidade, isso n\u00e3o \u00e9 nenhuma novidade e gra\u00e7as \u00e0 vis\u00e3o futurista do Steve Jobs, hoje, podemos sentir na ponta dos dedos os benef\u00edcios de tais cria\u00e7\u00f5es. Depois de diversas batalhas travadas na luta contra um c\u00e2ncer, o mundo tecnol\u00f3gico\" data-image=\"\" data-button=\"none\">\n\t\t\t\t\t<img src=\"\/\/www.linksalpha.com\/images\/social_share_button.png\" alt=\"Share\" class=\"linksalpha_image\" \/>\n\t\t\t\t\t<\/a><script type=\"text\/javascript\" src=\"\/\/www.linksalpha.com\/scripts\/loader_iconbox.js?v=2.4\"><\/script><\/span><\/div><p>Que a tecnologia faz parte da vida cotidiana da humanidade, isso n\u00e3o \u00e9 nenhuma novidade e gra\u00e7as \u00e0 vis\u00e3o futurista do Steve Jobs, hoje, podemos sentir na ponta dos dedos os benef\u00edcios de tais cria\u00e7\u00f5es. Depois de diversas batalhas travadas &hellip; <a href=\"https:\/\/www.blogdopilako.com.br\/wp\/2011\/10\/06\/vitoriense-registra-perda-de-steve-jobs\/\">Continue lendo <span class=\"meta-nav\">&rarr;<\/span><\/a><\/p>\n\n\t\t\t\t<div class=\"mr_social_sharing_wrapper\">\n\t\t\t\t<!-- Social Sharing Toolkit v2.2 --><span class=\"mr_social_sharing_top\"><span style=\"display: inline-block; width: 55px; height: 62px; overflow: hidden;\"><div class=\"fb-like\" data-href=\"https:\/\/www.blogdopilako.com.br\/wp\/2011\/10\/06\/vitoriense-registra-perda-de-steve-jobs\/\" data-send=\"false\" data-layout=\"box_count\" data-width=\"55\" data-show-faces=\"false\"><\/div><\/span><\/span><span class=\"mr_social_sharing_top\"><fb:share-button type=\"box_count\" href=\"https:\/\/www.blogdopilako.com.br\/wp\/2011\/10\/06\/vitoriense-registra-perda-de-steve-jobs\/\"><\/fb:share-button><\/span><span class=\"mr_social_sharing\"><a rel=\"nofollow\" class=\"linksalpha_button linksalpha_link\" href=\"\/\/www.linksalpha.com\/social\/mobile\" data-url=\"https:\/\/www.blogdopilako.com.br\/wp\/2011\/10\/06\/vitoriense-registra-perda-de-steve-jobs\/\" data-text=\"Vitoriense registra perda de Steve Jobs\" data-desc=\"Que a tecnologia faz parte da vida cotidiana da humanidade, isso n\u00e3o \u00e9 nenhuma novidade e gra\u00e7as \u00e0 vis\u00e3o futurista do Steve Jobs, hoje, podemos sentir na ponta dos dedos os benef\u00edcios de tais cria\u00e7\u00f5es. Depois de diversas batalhas travadas na luta contra um c\u00e2ncer, o mundo tecnol\u00f3gico\" data-image=\"\" data-button=\"none\">\n\t\t\t\t\t<img src=\"\/\/www.linksalpha.com\/images\/social_share_button.png\" alt=\"Share\" class=\"linksalpha_image\" \/>\n\t\t\t\t\t<\/a><script type=\"text\/javascript\" src=\"\/\/www.linksalpha.com\/scripts\/loader_iconbox.js?v=2.4\"><\/script><\/span><\/div>","protected":false},"author":4,"featured_media":0,"comment_status":"open","ping_status":"open","sticky":false,"template":"","format":"standard","meta":[],"categories":[22],"tags":[],"_links":{"self":[{"href":"https:\/\/www.blogdopilako.com.br\/wp\/wp-json\/wp\/v2\/posts\/6532"}],"collection":[{"href":"https:\/\/www.blogdopilako.com.br\/wp\/wp-json\/wp\/v2\/posts"}],"about":[{"href":"https:\/\/www.blogdopilako.com.br\/wp\/wp-json\/wp\/v2\/types\/post"}],"author":[{"embeddable":true,"href":"https:\/\/www.blogdopilako.com.br\/wp\/wp-json\/wp\/v2\/users\/4"}],"replies":[{"embeddable":true,"href":"https:\/\/www.blogdopilako.com.br\/wp\/wp-json\/wp\/v2\/comments?post=6532"}],"version-history":[{"count":2,"href":"https:\/\/www.blogdopilako.com.br\/wp\/wp-json\/wp\/v2\/posts\/6532\/revisions"}],"predecessor-version":[{"id":6540,"href":"https:\/\/www.blogdopilako.com.br\/wp\/wp-json\/wp\/v2\/posts\/6532\/revisions\/6540"}],"wp:attachment":[{"href":"https:\/\/www.blogdopilako.com.br\/wp\/wp-json\/wp\/v2\/media?parent=6532"}],"wp:term":[{"taxonomy":"category","embeddable":true,"href":"https:\/\/www.blogdopilako.com.br\/wp\/wp-json\/wp\/v2\/categories?post=6532"},{"taxonomy":"post_tag","embeddable":true,"href":"https:\/\/www.blogdopilako.com.br\/wp\/wp-json\/wp\/v2\/tags?post=6532"}],"curies":[{"name":"wp","href":"https:\/\/api.w.org\/{rel}","templated":true}]}}