{"id":6056,"date":"2011-09-28T14:49:15","date_gmt":"2011-09-28T17:49:15","guid":{"rendered":"http:\/\/www.blogdopilako.com.br\/wp\/?p=6056"},"modified":"2011-09-28T17:55:13","modified_gmt":"2011-09-28T20:55:13","slug":"redacao-recebe-visita-de-vitoriense-que-mora-em-minas","status":"publish","type":"post","link":"https:\/\/www.blogdopilako.com.br\/wp\/2011\/09\/28\/redacao-recebe-visita-de-vitoriense-que-mora-em-minas\/","title":{"rendered":"Reda\u00e7\u00e3o recebe visita de vitoriense que mora em Minas"},"content":{"rendered":"\n\t\t\t\t<div class=\"mr_social_sharing_wrapper\">\n\t\t\t\t<!-- Social Sharing Toolkit v2.2 --><span class=\"mr_social_sharing_top\"><span style=\"display: inline-block; width: 55px; height: 62px; overflow: hidden;\"><div class=\"fb-like\" data-href=\"https:\/\/www.blogdopilako.com.br\/wp\/2011\/09\/28\/redacao-recebe-visita-de-vitoriense-que-mora-em-minas\/\" data-send=\"false\" data-layout=\"box_count\" data-width=\"55\" data-show-faces=\"false\"><\/div><\/span><\/span><span class=\"mr_social_sharing_top\"><fb:share-button type=\"box_count\" href=\"https:\/\/www.blogdopilako.com.br\/wp\/2011\/09\/28\/redacao-recebe-visita-de-vitoriense-que-mora-em-minas\/\"><\/fb:share-button><\/span><span class=\"mr_social_sharing\"><a rel=\"nofollow\" class=\"linksalpha_button linksalpha_link\" href=\"\/\/www.linksalpha.com\/social\/mobile\" data-url=\"https:\/\/www.blogdopilako.com.br\/wp\/2011\/09\/28\/redacao-recebe-visita-de-vitoriense-que-mora-em-minas\/\" data-text=\"Reda\u00e7\u00e3o recebe visita de vitoriense que mora em Minas\" data-desc=\"Recebemos em nossa reda\u00e7\u00e3o a visita dos irm\u00e3os Jones Pinheiro e Jos\u00e9 Pinheiro, esse \u00faltimo \u00e9 vitoriense e reside h\u00e1 v\u00e1rias d\u00e9cadas no Estado de Minas Gerais, na cidade do Rei Pel\u00e9 em\u00a0 Tr\u00eas Cora\u00e7\u00f5es. \u201cAgora depois do blog do Pilako \u00e9 como se eu estivesse em Vit\u00f3ria todos dias\u201d -\" data-image=\"http:\/\/www.blogdopilako.com.br\/wp\/wp-content\/uploads\/jones.jpg\" data-button=\"none\">\n\t\t\t\t\t<img src=\"\/\/www.linksalpha.com\/images\/social_share_button.png\" alt=\"Share\" class=\"linksalpha_image\" \/>\n\t\t\t\t\t<\/a><script type=\"text\/javascript\" src=\"\/\/www.linksalpha.com\/scripts\/loader_iconbox.js?v=2.4\"><\/script><\/span><\/div><p style=\"text-align: justify;\"><a href=\"http:\/\/www.blogdopilako.com.br\/wp\/wp-content\/uploads\/jones.jpg\"><img loading=\"lazy\" class=\"aligncenter size-full wp-image-6071\" title=\"jones\" src=\"http:\/\/www.blogdopilako.com.br\/wp\/wp-content\/uploads\/jones.jpg\" alt=\"\" width=\"587\" height=\"360\" \/><\/a><\/p>\n<p style=\"text-align: justify;\">Recebemos em nossa reda\u00e7\u00e3o a visita dos irm\u00e3os <em><strong>Jones Pinheiro<\/strong><\/em> e <em><strong>Jos\u00e9 Pinheiro<\/strong><\/em>, esse \u00faltimo \u00e9 vitoriense e reside h\u00e1 v\u00e1rias d\u00e9cadas no Estado de Minas Gerais, na cidade do Rei Pel\u00e9 em\u00a0 Tr\u00eas Cora\u00e7\u00f5es. <em><strong>\u201cAgora depois do blog do Pilako \u00e9 como se eu estivesse em Vit\u00f3ria todos dias\u201d<\/strong><\/em> &#8211; confessou<em> Jos\u00e9 Pinheiro<\/em> que tem acessados o blog, e ainda deu for\u00e7a e incentivo para consolida\u00e7\u00e3o desta nova ferramenta de comunica\u00e7\u00e3o da cidade.<\/p>\n\n\t\t\t\t<div class=\"mr_social_sharing_wrapper\">\n\t\t\t\t<!-- Social Sharing Toolkit v2.2 --><span class=\"mr_social_sharing_top\"><span style=\"display: inline-block; width: 55px; height: 62px; overflow: hidden;\"><div class=\"fb-like\" data-href=\"https:\/\/www.blogdopilako.com.br\/wp\/2011\/09\/28\/redacao-recebe-visita-de-vitoriense-que-mora-em-minas\/\" data-send=\"false\" data-layout=\"box_count\" data-width=\"55\" data-show-faces=\"false\"><\/div><\/span><\/span><span class=\"mr_social_sharing_top\"><fb:share-button type=\"box_count\" href=\"https:\/\/www.blogdopilako.com.br\/wp\/2011\/09\/28\/redacao-recebe-visita-de-vitoriense-que-mora-em-minas\/\"><\/fb:share-button><\/span><span class=\"mr_social_sharing\"><a rel=\"nofollow\" class=\"linksalpha_button linksalpha_link\" href=\"\/\/www.linksalpha.com\/social\/mobile\" data-url=\"https:\/\/www.blogdopilako.com.br\/wp\/2011\/09\/28\/redacao-recebe-visita-de-vitoriense-que-mora-em-minas\/\" data-text=\"Reda\u00e7\u00e3o recebe visita de vitoriense que mora em Minas\" data-desc=\"Recebemos em nossa reda\u00e7\u00e3o a visita dos irm\u00e3os Jones Pinheiro e Jos\u00e9 Pinheiro, esse \u00faltimo \u00e9 vitoriense e reside h\u00e1 v\u00e1rias d\u00e9cadas no Estado de Minas Gerais, na cidade do Rei Pel\u00e9 em\u00a0 Tr\u00eas Cora\u00e7\u00f5es. \u201cAgora depois do blog do Pilako \u00e9 como se eu estivesse em Vit\u00f3ria todos dias\u201d -\" data-image=\"http:\/\/www.blogdopilako.com.br\/wp\/wp-content\/uploads\/jones.jpg\" data-button=\"none\">\n\t\t\t\t\t<img src=\"\/\/www.linksalpha.com\/images\/social_share_button.png\" alt=\"Share\" class=\"linksalpha_image\" \/>\n\t\t\t\t\t<\/a><script type=\"text\/javascript\" src=\"\/\/www.linksalpha.com\/scripts\/loader_iconbox.js?v=2.4\"><\/script><\/span><\/div>","protected":false},"excerpt":{"rendered":"\n\t\t\t\t<div class=\"mr_social_sharing_wrapper\">\n\t\t\t\t<!-- Social Sharing Toolkit v2.2 --><span class=\"mr_social_sharing_top\"><span style=\"display: inline-block; width: 55px; height: 62px; overflow: hidden;\"><div class=\"fb-like\" data-href=\"https:\/\/www.blogdopilako.com.br\/wp\/2011\/09\/28\/redacao-recebe-visita-de-vitoriense-que-mora-em-minas\/\" data-send=\"false\" data-layout=\"box_count\" data-width=\"55\" data-show-faces=\"false\"><\/div><\/span><\/span><span class=\"mr_social_sharing_top\"><fb:share-button type=\"box_count\" href=\"https:\/\/www.blogdopilako.com.br\/wp\/2011\/09\/28\/redacao-recebe-visita-de-vitoriense-que-mora-em-minas\/\"><\/fb:share-button><\/span><span class=\"mr_social_sharing\"><a rel=\"nofollow\" class=\"linksalpha_button linksalpha_link\" href=\"\/\/www.linksalpha.com\/social\/mobile\" data-url=\"https:\/\/www.blogdopilako.com.br\/wp\/2011\/09\/28\/redacao-recebe-visita-de-vitoriense-que-mora-em-minas\/\" data-text=\"Reda\u00e7\u00e3o recebe visita de vitoriense que mora em Minas\" data-desc=\"Recebemos em nossa reda\u00e7\u00e3o a visita dos irm\u00e3os Jones Pinheiro e Jos\u00e9 Pinheiro, esse \u00faltimo \u00e9 vitoriense e reside h\u00e1 v\u00e1rias d\u00e9cadas no Estado de Minas Gerais, na cidade do Rei Pel\u00e9 em\u00a0 Tr\u00eas Cora\u00e7\u00f5es. \u201cAgora depois do blog do Pilako \u00e9 como se eu estivesse em Vit\u00f3ria todos dias\u201d -\" data-image=\"\" data-button=\"none\">\n\t\t\t\t\t<img src=\"\/\/www.linksalpha.com\/images\/social_share_button.png\" alt=\"Share\" class=\"linksalpha_image\" \/>\n\t\t\t\t\t<\/a><script type=\"text\/javascript\" src=\"\/\/www.linksalpha.com\/scripts\/loader_iconbox.js?v=2.4\"><\/script><\/span><\/div><p>Recebemos em nossa reda\u00e7\u00e3o a visita dos irm\u00e3os Jones Pinheiro e Jos\u00e9 Pinheiro, esse \u00faltimo \u00e9 vitoriense e reside h\u00e1 v\u00e1rias d\u00e9cadas no Estado de Minas Gerais, na cidade do Rei Pel\u00e9 em\u00a0 Tr\u00eas Cora\u00e7\u00f5es. \u201cAgora depois do blog do &hellip; <a href=\"https:\/\/www.blogdopilako.com.br\/wp\/2011\/09\/28\/redacao-recebe-visita-de-vitoriense-que-mora-em-minas\/\">Continue lendo <span class=\"meta-nav\">&rarr;<\/span><\/a><\/p>\n\n\t\t\t\t<div class=\"mr_social_sharing_wrapper\">\n\t\t\t\t<!-- Social Sharing Toolkit v2.2 --><span class=\"mr_social_sharing_top\"><span style=\"display: inline-block; width: 55px; height: 62px; overflow: hidden;\"><div class=\"fb-like\" data-href=\"https:\/\/www.blogdopilako.com.br\/wp\/2011\/09\/28\/redacao-recebe-visita-de-vitoriense-que-mora-em-minas\/\" data-send=\"false\" data-layout=\"box_count\" data-width=\"55\" data-show-faces=\"false\"><\/div><\/span><\/span><span class=\"mr_social_sharing_top\"><fb:share-button type=\"box_count\" href=\"https:\/\/www.blogdopilako.com.br\/wp\/2011\/09\/28\/redacao-recebe-visita-de-vitoriense-que-mora-em-minas\/\"><\/fb:share-button><\/span><span class=\"mr_social_sharing\"><a rel=\"nofollow\" class=\"linksalpha_button linksalpha_link\" href=\"\/\/www.linksalpha.com\/social\/mobile\" data-url=\"https:\/\/www.blogdopilako.com.br\/wp\/2011\/09\/28\/redacao-recebe-visita-de-vitoriense-que-mora-em-minas\/\" data-text=\"Reda\u00e7\u00e3o recebe visita de vitoriense que mora em Minas\" data-desc=\"Recebemos em nossa reda\u00e7\u00e3o a visita dos irm\u00e3os Jones Pinheiro e Jos\u00e9 Pinheiro, esse \u00faltimo \u00e9 vitoriense e reside h\u00e1 v\u00e1rias d\u00e9cadas no Estado de Minas Gerais, na cidade do Rei Pel\u00e9 em\u00a0 Tr\u00eas Cora\u00e7\u00f5es. \u201cAgora depois do blog do Pilako \u00e9 como se eu estivesse em Vit\u00f3ria todos dias\u201d -\" data-image=\"\" data-button=\"none\">\n\t\t\t\t\t<img src=\"\/\/www.linksalpha.com\/images\/social_share_button.png\" alt=\"Share\" class=\"linksalpha_image\" \/>\n\t\t\t\t\t<\/a><script type=\"text\/javascript\" src=\"\/\/www.linksalpha.com\/scripts\/loader_iconbox.js?v=2.4\"><\/script><\/span><\/div>","protected":false},"author":4,"featured_media":0,"comment_status":"open","ping_status":"open","sticky":false,"template":"","format":"standard","meta":[],"categories":[22],"tags":[],"_links":{"self":[{"href":"https:\/\/www.blogdopilako.com.br\/wp\/wp-json\/wp\/v2\/posts\/6056"}],"collection":[{"href":"https:\/\/www.blogdopilako.com.br\/wp\/wp-json\/wp\/v2\/posts"}],"about":[{"href":"https:\/\/www.blogdopilako.com.br\/wp\/wp-json\/wp\/v2\/types\/post"}],"author":[{"embeddable":true,"href":"https:\/\/www.blogdopilako.com.br\/wp\/wp-json\/wp\/v2\/users\/4"}],"replies":[{"embeddable":true,"href":"https:\/\/www.blogdopilako.com.br\/wp\/wp-json\/wp\/v2\/comments?post=6056"}],"version-history":[{"count":4,"href":"https:\/\/www.blogdopilako.com.br\/wp\/wp-json\/wp\/v2\/posts\/6056\/revisions"}],"predecessor-version":[{"id":6073,"href":"https:\/\/www.blogdopilako.com.br\/wp\/wp-json\/wp\/v2\/posts\/6056\/revisions\/6073"}],"wp:attachment":[{"href":"https:\/\/www.blogdopilako.com.br\/wp\/wp-json\/wp\/v2\/media?parent=6056"}],"wp:term":[{"taxonomy":"category","embeddable":true,"href":"https:\/\/www.blogdopilako.com.br\/wp\/wp-json\/wp\/v2\/categories?post=6056"},{"taxonomy":"post_tag","embeddable":true,"href":"https:\/\/www.blogdopilako.com.br\/wp\/wp-json\/wp\/v2\/tags?post=6056"}],"curies":[{"name":"wp","href":"https:\/\/api.w.org\/{rel}","templated":true}]}}