{"id":5897,"date":"2011-09-26T16:16:45","date_gmt":"2011-09-26T19:16:45","guid":{"rendered":"http:\/\/www.blogdopilako.com.br\/wp\/?p=5897"},"modified":"2011-09-26T16:34:30","modified_gmt":"2011-09-26T19:34:30","slug":"castro-alves-a-praca-e-do-povo","status":"publish","type":"post","link":"https:\/\/www.blogdopilako.com.br\/wp\/2011\/09\/26\/castro-alves-a-praca-e-do-povo\/","title":{"rendered":"Castro Alves: A pra\u00e7a \u00e9 do povo"},"content":{"rendered":"\n\t\t\t\t<div class=\"mr_social_sharing_wrapper\">\n\t\t\t\t<!-- Social Sharing Toolkit v2.2 --><span class=\"mr_social_sharing_top\"><span style=\"display: inline-block; width: 55px; height: 62px; overflow: hidden;\"><div class=\"fb-like\" data-href=\"https:\/\/www.blogdopilako.com.br\/wp\/2011\/09\/26\/castro-alves-a-praca-e-do-povo\/\" data-send=\"false\" data-layout=\"box_count\" data-width=\"55\" data-show-faces=\"false\"><\/div><\/span><\/span><span class=\"mr_social_sharing_top\"><fb:share-button type=\"box_count\" href=\"https:\/\/www.blogdopilako.com.br\/wp\/2011\/09\/26\/castro-alves-a-praca-e-do-povo\/\"><\/fb:share-button><\/span><span class=\"mr_social_sharing\"><a rel=\"nofollow\" class=\"linksalpha_button linksalpha_link\" href=\"\/\/www.linksalpha.com\/social\/mobile\" data-url=\"https:\/\/www.blogdopilako.com.br\/wp\/2011\/09\/26\/castro-alves-a-praca-e-do-povo\/\" data-text=\"Castro Alves: A pra\u00e7a \u00e9 do povo\" data-desc=\"Neste domingo (25) as obras em frente ao pr\u00e9dio da Compesa na Avenida Henrique de Holanda aconteceram em ritmo acelerado. At\u00e9 parece que s\u00f3 os fiscais de obras da Prefeitura, o Prefeito Elias Lira, o Vice-prefeito e o secretario de obras \u00e9 que n\u00e3o est\u00e3o vendo aqueles \u201cempreendimentos\" data-image=\"http:\/\/www.blogdopilako.com.br\/wp\/wp-content\/uploads\/escavadeira.jpg\" data-button=\"none\">\n\t\t\t\t\t<img src=\"\/\/www.linksalpha.com\/images\/social_share_button.png\" alt=\"Share\" class=\"linksalpha_image\" \/>\n\t\t\t\t\t<\/a><script type=\"text\/javascript\" src=\"\/\/www.linksalpha.com\/scripts\/loader_iconbox.js?v=2.4\"><\/script><\/span><\/div><p style=\"text-align: justify;\"><a href=\"http:\/\/www.blogdopilako.com.br\/wp\/wp-content\/uploads\/escavadeira.jpg\"><img loading=\"lazy\" class=\"aligncenter size-full wp-image-5947\" title=\"escavadeira\" src=\"http:\/\/www.blogdopilako.com.br\/wp\/wp-content\/uploads\/escavadeira.jpg\" alt=\"\" width=\"588\" height=\"356\" \/><\/a><\/p>\n<p style=\"text-align: justify;\">Neste domingo (25) as obras em frente ao pr\u00e9dio da <em><strong>Compesa <\/strong><\/em>na <em><strong>Avenida Henrique de Holanda<\/strong><\/em> aconteceram em ritmo acelerado. At\u00e9 parece que s\u00f3 os fiscais de obras da Prefeitura, o Prefeito Elias Lira, o Vice-prefeito e o secretario de obras \u00e9 que n\u00e3o est\u00e3o vendo aqueles <em><strong>\u201cempreendimentos imobili\u00e1rios\u201d <\/strong><\/em>acontecendo.<\/p>\n<p style=\"text-align: justify;\">Nos \u00faltimos anos, nossos gestores, por <em><strong>\u201cfalta de capacidade\u201d <\/strong><\/em>de fiscaliza\u00e7\u00e3o n\u00e3o conseguiram conter, o que poder\u00edamos chamar de <em><strong>\u201cmarcha dos ricos aos terrenos p\u00fablicos\u201d<\/strong><\/em> em nossa cidade. Apenas como exemplos, poder\u00edamos citar os pr\u00f3spero \u201cempreendimentos\u00a0 imobili\u00e1rio\u201d do <em><strong>final da Avenida<\/strong><\/em>, da <em><strong>linha f\u00e9rrea de Estrada Nova<\/strong><\/em>, na nova <em><strong>BR 232 pr\u00f3ximo a \u201cquase\u201d sulanca<\/strong><\/em>, na <em><strong>beira da pista pr\u00f3ximo a Hospital Jo\u00e3o Murilo<\/strong><\/em>, da <em><strong>beira da pista pr\u00f3ximo do acesso de Pirituba<\/strong><\/em>, j\u00e1 temos agora os <em><strong>\u201cempreendimentos\u201d por tr\u00e1s dos \u201cempreendimentos\u201d de Estrada Nova<\/strong><\/em>, apenas para ficar por aqui. \u00c9 oportuno lembrar que essa pr\u00e1tica em nossa cidade n\u00e3o \u00e9 nova. <em>Viva Dr Ivo Queiroz, cada dia mais presente, com seus ensinamentos aos &#8220;administradores\u201d da nossa cidade.<\/em><\/p>\n\n\t\t\t\t<div class=\"mr_social_sharing_wrapper\">\n\t\t\t\t<!-- Social Sharing Toolkit v2.2 --><span class=\"mr_social_sharing_top\"><span style=\"display: inline-block; width: 55px; height: 62px; overflow: hidden;\"><div class=\"fb-like\" data-href=\"https:\/\/www.blogdopilako.com.br\/wp\/2011\/09\/26\/castro-alves-a-praca-e-do-povo\/\" data-send=\"false\" data-layout=\"box_count\" data-width=\"55\" data-show-faces=\"false\"><\/div><\/span><\/span><span class=\"mr_social_sharing_top\"><fb:share-button type=\"box_count\" href=\"https:\/\/www.blogdopilako.com.br\/wp\/2011\/09\/26\/castro-alves-a-praca-e-do-povo\/\"><\/fb:share-button><\/span><span class=\"mr_social_sharing\"><a rel=\"nofollow\" class=\"linksalpha_button linksalpha_link\" href=\"\/\/www.linksalpha.com\/social\/mobile\" data-url=\"https:\/\/www.blogdopilako.com.br\/wp\/2011\/09\/26\/castro-alves-a-praca-e-do-povo\/\" data-text=\"Castro Alves: A pra\u00e7a \u00e9 do povo\" data-desc=\"Neste domingo (25) as obras em frente ao pr\u00e9dio da Compesa na Avenida Henrique de Holanda aconteceram em ritmo acelerado. At\u00e9 parece que s\u00f3 os fiscais de obras da Prefeitura, o Prefeito Elias Lira, o Vice-prefeito e o secretario de obras \u00e9 que n\u00e3o est\u00e3o vendo aqueles \u201cempreendimentos\" data-image=\"http:\/\/www.blogdopilako.com.br\/wp\/wp-content\/uploads\/escavadeira.jpg\" data-button=\"none\">\n\t\t\t\t\t<img src=\"\/\/www.linksalpha.com\/images\/social_share_button.png\" alt=\"Share\" class=\"linksalpha_image\" \/>\n\t\t\t\t\t<\/a><script type=\"text\/javascript\" src=\"\/\/www.linksalpha.com\/scripts\/loader_iconbox.js?v=2.4\"><\/script><\/span><\/div>","protected":false},"excerpt":{"rendered":"\n\t\t\t\t<div class=\"mr_social_sharing_wrapper\">\n\t\t\t\t<!-- Social Sharing Toolkit v2.2 --><span class=\"mr_social_sharing_top\"><span style=\"display: inline-block; width: 55px; height: 62px; overflow: hidden;\"><div class=\"fb-like\" data-href=\"https:\/\/www.blogdopilako.com.br\/wp\/2011\/09\/26\/castro-alves-a-praca-e-do-povo\/\" data-send=\"false\" data-layout=\"box_count\" data-width=\"55\" data-show-faces=\"false\"><\/div><\/span><\/span><span class=\"mr_social_sharing_top\"><fb:share-button type=\"box_count\" href=\"https:\/\/www.blogdopilako.com.br\/wp\/2011\/09\/26\/castro-alves-a-praca-e-do-povo\/\"><\/fb:share-button><\/span><span class=\"mr_social_sharing\"><a rel=\"nofollow\" class=\"linksalpha_button linksalpha_link\" href=\"\/\/www.linksalpha.com\/social\/mobile\" data-url=\"https:\/\/www.blogdopilako.com.br\/wp\/2011\/09\/26\/castro-alves-a-praca-e-do-povo\/\" data-text=\"Castro Alves: A pra\u00e7a \u00e9 do povo\" data-desc=\"Neste domingo (25) as obras em frente ao pr\u00e9dio da Compesa na Avenida Henrique de Holanda aconteceram em ritmo acelerado. At\u00e9 parece que s\u00f3 os fiscais de obras da Prefeitura, o Prefeito Elias Lira, o Vice-prefeito e o secretario de obras \u00e9 que n\u00e3o est\u00e3o vendo aqueles \u201cempreendimentos\" data-image=\"\" data-button=\"none\">\n\t\t\t\t\t<img src=\"\/\/www.linksalpha.com\/images\/social_share_button.png\" alt=\"Share\" class=\"linksalpha_image\" \/>\n\t\t\t\t\t<\/a><script type=\"text\/javascript\" src=\"\/\/www.linksalpha.com\/scripts\/loader_iconbox.js?v=2.4\"><\/script><\/span><\/div><p>Neste domingo (25) as obras em frente ao pr\u00e9dio da Compesa na Avenida Henrique de Holanda aconteceram em ritmo acelerado. At\u00e9 parece que s\u00f3 os fiscais de obras da Prefeitura, o Prefeito Elias Lira, o Vice-prefeito e o secretario de &hellip; <a href=\"https:\/\/www.blogdopilako.com.br\/wp\/2011\/09\/26\/castro-alves-a-praca-e-do-povo\/\">Continue lendo <span class=\"meta-nav\">&rarr;<\/span><\/a><\/p>\n\n\t\t\t\t<div class=\"mr_social_sharing_wrapper\">\n\t\t\t\t<!-- Social Sharing Toolkit v2.2 --><span class=\"mr_social_sharing_top\"><span style=\"display: inline-block; width: 55px; height: 62px; overflow: hidden;\"><div class=\"fb-like\" data-href=\"https:\/\/www.blogdopilako.com.br\/wp\/2011\/09\/26\/castro-alves-a-praca-e-do-povo\/\" data-send=\"false\" data-layout=\"box_count\" data-width=\"55\" data-show-faces=\"false\"><\/div><\/span><\/span><span class=\"mr_social_sharing_top\"><fb:share-button type=\"box_count\" href=\"https:\/\/www.blogdopilako.com.br\/wp\/2011\/09\/26\/castro-alves-a-praca-e-do-povo\/\"><\/fb:share-button><\/span><span class=\"mr_social_sharing\"><a rel=\"nofollow\" class=\"linksalpha_button linksalpha_link\" href=\"\/\/www.linksalpha.com\/social\/mobile\" data-url=\"https:\/\/www.blogdopilako.com.br\/wp\/2011\/09\/26\/castro-alves-a-praca-e-do-povo\/\" data-text=\"Castro Alves: A pra\u00e7a \u00e9 do povo\" data-desc=\"Neste domingo (25) as obras em frente ao pr\u00e9dio da Compesa na Avenida Henrique de Holanda aconteceram em ritmo acelerado. At\u00e9 parece que s\u00f3 os fiscais de obras da Prefeitura, o Prefeito Elias Lira, o Vice-prefeito e o secretario de obras \u00e9 que n\u00e3o est\u00e3o vendo aqueles \u201cempreendimentos\" data-image=\"\" data-button=\"none\">\n\t\t\t\t\t<img src=\"\/\/www.linksalpha.com\/images\/social_share_button.png\" alt=\"Share\" class=\"linksalpha_image\" \/>\n\t\t\t\t\t<\/a><script type=\"text\/javascript\" src=\"\/\/www.linksalpha.com\/scripts\/loader_iconbox.js?v=2.4\"><\/script><\/span><\/div>","protected":false},"author":4,"featured_media":0,"comment_status":"open","ping_status":"open","sticky":false,"template":"","format":"standard","meta":[],"categories":[21,22,25],"tags":[],"_links":{"self":[{"href":"https:\/\/www.blogdopilako.com.br\/wp\/wp-json\/wp\/v2\/posts\/5897"}],"collection":[{"href":"https:\/\/www.blogdopilako.com.br\/wp\/wp-json\/wp\/v2\/posts"}],"about":[{"href":"https:\/\/www.blogdopilako.com.br\/wp\/wp-json\/wp\/v2\/types\/post"}],"author":[{"embeddable":true,"href":"https:\/\/www.blogdopilako.com.br\/wp\/wp-json\/wp\/v2\/users\/4"}],"replies":[{"embeddable":true,"href":"https:\/\/www.blogdopilako.com.br\/wp\/wp-json\/wp\/v2\/comments?post=5897"}],"version-history":[{"count":5,"href":"https:\/\/www.blogdopilako.com.br\/wp\/wp-json\/wp\/v2\/posts\/5897\/revisions"}],"predecessor-version":[{"id":5951,"href":"https:\/\/www.blogdopilako.com.br\/wp\/wp-json\/wp\/v2\/posts\/5897\/revisions\/5951"}],"wp:attachment":[{"href":"https:\/\/www.blogdopilako.com.br\/wp\/wp-json\/wp\/v2\/media?parent=5897"}],"wp:term":[{"taxonomy":"category","embeddable":true,"href":"https:\/\/www.blogdopilako.com.br\/wp\/wp-json\/wp\/v2\/categories?post=5897"},{"taxonomy":"post_tag","embeddable":true,"href":"https:\/\/www.blogdopilako.com.br\/wp\/wp-json\/wp\/v2\/tags?post=5897"}],"curies":[{"name":"wp","href":"https:\/\/api.w.org\/{rel}","templated":true}]}}