{"id":5852,"date":"2011-09-24T11:16:53","date_gmt":"2011-09-24T14:16:53","guid":{"rendered":"http:\/\/www.blogdopilako.com.br\/wp\/?p=5852"},"modified":"2011-09-24T11:16:53","modified_gmt":"2011-09-24T14:16:53","slug":"fim-de-semana-culturalo-jovem-guerreiro-conto-por-arquiles-petrus","status":"publish","type":"post","link":"https:\/\/www.blogdopilako.com.br\/wp\/2011\/09\/24\/fim-de-semana-culturalo-jovem-guerreiro-conto-por-arquiles-petrus\/","title":{"rendered":"Fim de Semana Cultural:<br>O Jovem Guerreiro (conto) por Arquiles Petrus"},"content":{"rendered":"\n\t\t\t\t<div class=\"mr_social_sharing_wrapper\">\n\t\t\t\t<!-- Social Sharing Toolkit v2.2 --><span class=\"mr_social_sharing_top\"><span style=\"display: inline-block; width: 55px; height: 62px; overflow: hidden;\"><div class=\"fb-like\" data-href=\"https:\/\/www.blogdopilako.com.br\/wp\/2011\/09\/24\/fim-de-semana-culturalo-jovem-guerreiro-conto-por-arquiles-petrus\/\" data-send=\"false\" data-layout=\"box_count\" data-width=\"55\" data-show-faces=\"false\"><\/div><\/span><\/span><span class=\"mr_social_sharing_top\"><fb:share-button type=\"box_count\" href=\"https:\/\/www.blogdopilako.com.br\/wp\/2011\/09\/24\/fim-de-semana-culturalo-jovem-guerreiro-conto-por-arquiles-petrus\/\"><\/fb:share-button><\/span><span class=\"mr_social_sharing\"><a rel=\"nofollow\" class=\"linksalpha_button linksalpha_link\" href=\"\/\/www.linksalpha.com\/social\/mobile\" data-url=\"https:\/\/www.blogdopilako.com.br\/wp\/2011\/09\/24\/fim-de-semana-culturalo-jovem-guerreiro-conto-por-arquiles-petrus\/\" data-text=\"Fim de Semana Cultural:O Jovem Guerreiro (conto) por Arquiles Petrus\" data-desc=\"Durante o solst\u00edcio, os membros do vilarejo se reuniam ao redor de uma grande \u00e1rvore para festejar ao som de flautas e liras, e como j\u00e1 era esperado, fez-se sil\u00eancio quando o Sacerdote se aproximou. Ele vestiu uma t\u00fanica de cor escarlate, levou os bra\u00e7os aos presentes e ao p\u00e9 da grande\" data-image=\"http:\/\/www.blogdopilako.com.br\/wp\/wp-content\/uploads\/bosque.jpg\" data-button=\"none\">\n\t\t\t\t\t<img src=\"\/\/www.linksalpha.com\/images\/social_share_button.png\" alt=\"Share\" class=\"linksalpha_image\" \/>\n\t\t\t\t\t<\/a><script type=\"text\/javascript\" src=\"\/\/www.linksalpha.com\/scripts\/loader_iconbox.js?v=2.4\"><\/script><\/span><\/div><p style=\"text-align: center;\"><a href=\"http:\/\/www.blogdopilako.com.br\/wp\/wp-content\/uploads\/bosque.jpg\"><img loading=\"lazy\" class=\"size-full wp-image-5854 aligncenter\" title=\"bosque\" src=\"http:\/\/www.blogdopilako.com.br\/wp\/wp-content\/uploads\/bosque.jpg\" alt=\"\" width=\"453\" height=\"605\" \/><\/a><\/p>\n<p style=\"text-align: justify;\">Durante o solst\u00edcio, os membros do vilarejo se reuniam ao redor de uma grande \u00e1rvore para festejar ao som de flautas e liras, e como j\u00e1 era esperado, fez-se sil\u00eancio quando o Sacerdote se aproximou.<\/p>\n<p style=\"text-align: justify;\">Ele vestiu uma t\u00fanica de cor escarlate, levou os bra\u00e7os aos presentes e ao p\u00e9 da grande \u00e1rvore riscou alguns s\u00edmbolos na terra branca, dando por iniciados os ensinamentos daquela noite.<\/p>\n<p style=\"text-align: justify;\">Olhou para todos como quem procura algu\u00e9m, e, ao avistar o jovem guerreiro Guy, filho de Gna, fez-lhe o gesto com as m\u00e3os fazendo-o aproximar. Tomou-lhe as armas e roupas, e, em seus olhos disse: Escuta o que te digo, chamarei o velho Mig&#8217;s e lutar\u00e1s com ele aqui, ao p\u00e9 da sagrada \u00e1rvore.<\/p>\n<p style=\"text-align: justify;\">Guy era o mais forte, maior e o mais valente entre os homens do vilarejo. Sentiu-se, ent\u00e3o, confuso ao ouv\u00ed-lo. Como lutarei com o velho Mig&#8217;s? Ele n\u00e3o ag\u00fcentar\u00e1 um sopro sequer e logo cair\u00e1 morto! &#8211; falou com tom seco ao Mestre; por\u00e9m com outro sinal, o sapiente fez algu\u00e9m se aproximar.<\/p>\n<p style=\"text-align: justify;\">O velho Mig&#8217;s aparentava ter mais de duzentos anos, era coxo e n\u00e3o enxergava de um dos olhos. Aproximou-se com certa dificuldade, fazendo o Sacerdote riscar algo no ch\u00e3o dando in\u00edcio \u00e0 luta.<\/p>\n<p style=\"text-align: justify;\">O jovem se movimentava com alvoro\u00e7o: ia de um lado para outro, talvez pensando de qual forma ia fazer cair o velho indefeso; fez gestos com a boca e logo correu em dire\u00e7\u00e3o a ele, como quem ataca um lobo em noite de ca\u00e7a. O velho esquivou-se. Bateu-lhe com uma das m\u00e3os e fez cair o jovem ao ch\u00e3o. Levantou-se furioso. Determinado. R\u00e1pido.<\/p>\n<p style=\"text-align: justify;\">Pegou-lhe pelas pernas e quis derrub\u00e1-lo. Nada. E o velho Mig&#8217;s se esquivava, mal demonstrava cansa\u00e7o e com poucos gestos, fazia cair o valente guerreiro.<\/p>\n<p style=\"text-align: justify;\">Quando o jovem Guy j\u00e1 n\u00e3o ag\u00fcentava mais estando estirado na terra branca, o Sacerdote interveio e todos os presentes sussurravam at\u00f4nitos; Yag, o ferreiro, logo questionou: Como poderia o maior entre os guerreiros se esbandalhar para um velho coxo e cego?<\/p>\n<p style=\"text-align: justify;\">O Sacerdote apenas sorriu ao indag\u00e1-los:<br \/>\n<em><strong>&#8211; Quem entre v\u00f3s, mais cedo ou mais tarde, n\u00e3o acaba sendo vencido pela Velhice?<\/strong><\/em><\/p>\n<p style=\"text-align: center;\"><strong>Arquiles Petrus <\/strong>&#8211; Escritor membro da<br \/>\nAcademia Vitoriense de Letras<\/p>\n<p style=\"text-align: center;\"><a href=\"http:\/\/www.blogdopilako.com.br\/wp\/wp-content\/uploads\/arquiles_petrus.jpg\"><img loading=\"lazy\" class=\"aligncenter\" title=\"arquiles_petrus\" src=\"http:\/\/www.blogdopilako.com.br\/wp\/wp-content\/uploads\/arquiles_petrus.jpg\" alt=\"\" width=\"231\" height=\"301\" \/><\/a><\/p>\n<p style=\"text-align: center;\"><strong>Voc\u00ea tamb\u00e9m \u00e9 escritor, poeta ou compositor vitoriense?<\/strong> Envie o seu texto para ser publicado no fim de semana cultural. E-mail: contato@blogdopilako.com.br<\/p>\n<p>&nbsp;<\/p>\n\n\t\t\t\t<div class=\"mr_social_sharing_wrapper\">\n\t\t\t\t<!-- Social Sharing Toolkit v2.2 --><span class=\"mr_social_sharing_top\"><span style=\"display: inline-block; width: 55px; height: 62px; overflow: hidden;\"><div class=\"fb-like\" data-href=\"https:\/\/www.blogdopilako.com.br\/wp\/2011\/09\/24\/fim-de-semana-culturalo-jovem-guerreiro-conto-por-arquiles-petrus\/\" data-send=\"false\" data-layout=\"box_count\" data-width=\"55\" data-show-faces=\"false\"><\/div><\/span><\/span><span class=\"mr_social_sharing_top\"><fb:share-button type=\"box_count\" href=\"https:\/\/www.blogdopilako.com.br\/wp\/2011\/09\/24\/fim-de-semana-culturalo-jovem-guerreiro-conto-por-arquiles-petrus\/\"><\/fb:share-button><\/span><span class=\"mr_social_sharing\"><a rel=\"nofollow\" class=\"linksalpha_button linksalpha_link\" href=\"\/\/www.linksalpha.com\/social\/mobile\" data-url=\"https:\/\/www.blogdopilako.com.br\/wp\/2011\/09\/24\/fim-de-semana-culturalo-jovem-guerreiro-conto-por-arquiles-petrus\/\" data-text=\"Fim de Semana Cultural:O Jovem Guerreiro (conto) por Arquiles Petrus\" data-desc=\"Durante o solst\u00edcio, os membros do vilarejo se reuniam ao redor de uma grande \u00e1rvore para festejar ao som de flautas e liras, e como j\u00e1 era esperado, fez-se sil\u00eancio quando o Sacerdote se aproximou. Ele vestiu uma t\u00fanica de cor escarlate, levou os bra\u00e7os aos presentes e ao p\u00e9 da grande\" data-image=\"http:\/\/www.blogdopilako.com.br\/wp\/wp-content\/uploads\/bosque.jpg\" data-button=\"none\">\n\t\t\t\t\t<img src=\"\/\/www.linksalpha.com\/images\/social_share_button.png\" alt=\"Share\" class=\"linksalpha_image\" \/>\n\t\t\t\t\t<\/a><script type=\"text\/javascript\" src=\"\/\/www.linksalpha.com\/scripts\/loader_iconbox.js?v=2.4\"><\/script><\/span><\/div>","protected":false},"excerpt":{"rendered":"\n\t\t\t\t<div class=\"mr_social_sharing_wrapper\">\n\t\t\t\t<!-- Social Sharing Toolkit v2.2 --><span class=\"mr_social_sharing_top\"><span style=\"display: inline-block; width: 55px; height: 62px; overflow: hidden;\"><div class=\"fb-like\" data-href=\"https:\/\/www.blogdopilako.com.br\/wp\/2011\/09\/24\/fim-de-semana-culturalo-jovem-guerreiro-conto-por-arquiles-petrus\/\" data-send=\"false\" data-layout=\"box_count\" data-width=\"55\" data-show-faces=\"false\"><\/div><\/span><\/span><span class=\"mr_social_sharing_top\"><fb:share-button type=\"box_count\" href=\"https:\/\/www.blogdopilako.com.br\/wp\/2011\/09\/24\/fim-de-semana-culturalo-jovem-guerreiro-conto-por-arquiles-petrus\/\"><\/fb:share-button><\/span><span class=\"mr_social_sharing\"><a rel=\"nofollow\" class=\"linksalpha_button linksalpha_link\" href=\"\/\/www.linksalpha.com\/social\/mobile\" data-url=\"https:\/\/www.blogdopilako.com.br\/wp\/2011\/09\/24\/fim-de-semana-culturalo-jovem-guerreiro-conto-por-arquiles-petrus\/\" data-text=\"Fim de Semana Cultural:O Jovem Guerreiro (conto) por Arquiles Petrus\" data-desc=\"Durante o solst\u00edcio, os membros do vilarejo se reuniam ao redor de uma grande \u00e1rvore para festejar ao som de flautas e liras, e como j\u00e1 era esperado, fez-se sil\u00eancio quando o Sacerdote se aproximou. Ele vestiu uma t\u00fanica de cor escarlate, levou os bra\u00e7os aos presentes e ao p\u00e9 da grande\" data-image=\"\" data-button=\"none\">\n\t\t\t\t\t<img src=\"\/\/www.linksalpha.com\/images\/social_share_button.png\" alt=\"Share\" class=\"linksalpha_image\" \/>\n\t\t\t\t\t<\/a><script type=\"text\/javascript\" src=\"\/\/www.linksalpha.com\/scripts\/loader_iconbox.js?v=2.4\"><\/script><\/span><\/div><p>Durante o solst\u00edcio, os membros do vilarejo se reuniam ao redor de uma grande \u00e1rvore para festejar ao som de flautas e liras, e como j\u00e1 era esperado, fez-se sil\u00eancio quando o Sacerdote se aproximou. Ele vestiu uma t\u00fanica de &hellip; <a href=\"https:\/\/www.blogdopilako.com.br\/wp\/2011\/09\/24\/fim-de-semana-culturalo-jovem-guerreiro-conto-por-arquiles-petrus\/\">Continue lendo <span class=\"meta-nav\">&rarr;<\/span><\/a><\/p>\n\n\t\t\t\t<div class=\"mr_social_sharing_wrapper\">\n\t\t\t\t<!-- Social Sharing Toolkit v2.2 --><span class=\"mr_social_sharing_top\"><span style=\"display: inline-block; width: 55px; height: 62px; overflow: hidden;\"><div class=\"fb-like\" data-href=\"https:\/\/www.blogdopilako.com.br\/wp\/2011\/09\/24\/fim-de-semana-culturalo-jovem-guerreiro-conto-por-arquiles-petrus\/\" data-send=\"false\" data-layout=\"box_count\" data-width=\"55\" data-show-faces=\"false\"><\/div><\/span><\/span><span class=\"mr_social_sharing_top\"><fb:share-button type=\"box_count\" href=\"https:\/\/www.blogdopilako.com.br\/wp\/2011\/09\/24\/fim-de-semana-culturalo-jovem-guerreiro-conto-por-arquiles-petrus\/\"><\/fb:share-button><\/span><span class=\"mr_social_sharing\"><a rel=\"nofollow\" class=\"linksalpha_button linksalpha_link\" href=\"\/\/www.linksalpha.com\/social\/mobile\" data-url=\"https:\/\/www.blogdopilako.com.br\/wp\/2011\/09\/24\/fim-de-semana-culturalo-jovem-guerreiro-conto-por-arquiles-petrus\/\" data-text=\"Fim de Semana Cultural:O Jovem Guerreiro (conto) por Arquiles Petrus\" data-desc=\"Durante o solst\u00edcio, os membros do vilarejo se reuniam ao redor de uma grande \u00e1rvore para festejar ao som de flautas e liras, e como j\u00e1 era esperado, fez-se sil\u00eancio quando o Sacerdote se aproximou. Ele vestiu uma t\u00fanica de cor escarlate, levou os bra\u00e7os aos presentes e ao p\u00e9 da grande\" data-image=\"\" data-button=\"none\">\n\t\t\t\t\t<img src=\"\/\/www.linksalpha.com\/images\/social_share_button.png\" alt=\"Share\" class=\"linksalpha_image\" \/>\n\t\t\t\t\t<\/a><script type=\"text\/javascript\" src=\"\/\/www.linksalpha.com\/scripts\/loader_iconbox.js?v=2.4\"><\/script><\/span><\/div>","protected":false},"author":1,"featured_media":0,"comment_status":"open","ping_status":"open","sticky":false,"template":"","format":"standard","meta":[],"categories":[114],"tags":[],"_links":{"self":[{"href":"https:\/\/www.blogdopilako.com.br\/wp\/wp-json\/wp\/v2\/posts\/5852"}],"collection":[{"href":"https:\/\/www.blogdopilako.com.br\/wp\/wp-json\/wp\/v2\/posts"}],"about":[{"href":"https:\/\/www.blogdopilako.com.br\/wp\/wp-json\/wp\/v2\/types\/post"}],"author":[{"embeddable":true,"href":"https:\/\/www.blogdopilako.com.br\/wp\/wp-json\/wp\/v2\/users\/1"}],"replies":[{"embeddable":true,"href":"https:\/\/www.blogdopilako.com.br\/wp\/wp-json\/wp\/v2\/comments?post=5852"}],"version-history":[{"count":3,"href":"https:\/\/www.blogdopilako.com.br\/wp\/wp-json\/wp\/v2\/posts\/5852\/revisions"}],"predecessor-version":[{"id":5863,"href":"https:\/\/www.blogdopilako.com.br\/wp\/wp-json\/wp\/v2\/posts\/5852\/revisions\/5863"}],"wp:attachment":[{"href":"https:\/\/www.blogdopilako.com.br\/wp\/wp-json\/wp\/v2\/media?parent=5852"}],"wp:term":[{"taxonomy":"category","embeddable":true,"href":"https:\/\/www.blogdopilako.com.br\/wp\/wp-json\/wp\/v2\/categories?post=5852"},{"taxonomy":"post_tag","embeddable":true,"href":"https:\/\/www.blogdopilako.com.br\/wp\/wp-json\/wp\/v2\/tags?post=5852"}],"curies":[{"name":"wp","href":"https:\/\/api.w.org\/{rel}","templated":true}]}}