{"id":5585,"date":"2011-09-20T16:35:55","date_gmt":"2011-09-20T19:35:55","guid":{"rendered":"http:\/\/www.blogdopilako.com.br\/wp\/?p=5585"},"modified":"2011-09-20T17:18:22","modified_gmt":"2011-09-20T20:18:22","slug":"cores-e-seu-bom-uso-na-decoracao-amarelo-e-verde","status":"publish","type":"post","link":"https:\/\/www.blogdopilako.com.br\/wp\/2011\/09\/20\/cores-e-seu-bom-uso-na-decoracao-amarelo-e-verde\/","title":{"rendered":"Cores e seu bom uso na decora\u00e7\u00e3o &#8211; Amarelo e Verde"},"content":{"rendered":"\n\t\t\t\t<div class=\"mr_social_sharing_wrapper\">\n\t\t\t\t<!-- Social Sharing Toolkit v2.2 --><span class=\"mr_social_sharing_top\"><span style=\"display: inline-block; width: 55px; height: 62px; overflow: hidden;\"><div class=\"fb-like\" data-href=\"https:\/\/www.blogdopilako.com.br\/wp\/2011\/09\/20\/cores-e-seu-bom-uso-na-decoracao-amarelo-e-verde\/\" data-send=\"false\" data-layout=\"box_count\" data-width=\"55\" data-show-faces=\"false\"><\/div><\/span><\/span><span class=\"mr_social_sharing_top\"><fb:share-button type=\"box_count\" href=\"https:\/\/www.blogdopilako.com.br\/wp\/2011\/09\/20\/cores-e-seu-bom-uso-na-decoracao-amarelo-e-verde\/\"><\/fb:share-button><\/span><span class=\"mr_social_sharing\"><a rel=\"nofollow\" class=\"linksalpha_button linksalpha_link\" href=\"\/\/www.linksalpha.com\/social\/mobile\" data-url=\"https:\/\/www.blogdopilako.com.br\/wp\/2011\/09\/20\/cores-e-seu-bom-uso-na-decoracao-amarelo-e-verde\/\" data-text=\"Cores e seu bom uso na decora\u00e7\u00e3o \u2013 Amarelo e Verde\" data-desc=\"Hoje veremos mais 02 cores: Amarelo e o Verde. Amarelo Uma cor QUENTE, que remete a luz, claridade e alegria e como alegria demais pode ser surto psic\u00f3tico (rsrs), em excesso esquenta e pode irritar. Os tons de amarelo podem variar desde o claro, quase branco, o atenuado \u2013 como misturado com\" data-image=\"http:\/\/www.blogdopilako.com.br\/wp\/wp-content\/uploads\/amarelo01.jpg\" data-button=\"none\">\n\t\t\t\t\t<img src=\"\/\/www.linksalpha.com\/images\/social_share_button.png\" alt=\"Share\" class=\"linksalpha_image\" \/>\n\t\t\t\t\t<\/a><script type=\"text\/javascript\" src=\"\/\/www.linksalpha.com\/scripts\/loader_iconbox.js?v=2.4\"><\/script><\/span><\/div><p><span style=\"font-family: Georgia, 'Bitstream Charter', serif; font-size: 16px; line-height: 24px;\">Hoje veremos mais 02 cores: Amarelo e o Verde.<\/span><\/p>\n<h2><strong><span style=\"text-decoration: underline;\">Amarelo<\/span><\/strong><\/h2>\n<p><strong><span style=\"text-decoration: underline;\"> <\/span><\/strong><\/p>\n<p style=\"text-align: justify;\"><span style=\"font-family: Georgia, 'Bitstream Charter', serif; font-size: 16px; line-height: 24px;\">Uma cor <strong>QUENTE<\/strong>, que remete a luz, claridade e alegria<strong> <\/strong>e como alegria demais pode ser surto psic\u00f3tico (rsrs), em excesso esquenta e pode irritar. Os tons de amarelo podem variar desde o claro, quase branco, o atenuado \u2013 como misturado com cinza \u2013 puxando para o creme, o mais frio, quase verde, at\u00e9 o mais quente, quase laranja. E todos estes tons geram sensa\u00e7\u00f5es diferentes nos ambientes.<\/span><\/p>\n<p style=\"text-align: justify;\"><span style=\"font-family: Georgia, 'Bitstream Charter', serif; font-size: 16px; line-height: 24px;\">Na cozinha, sendo uma \u00e1rea j\u00e1 quente por natureza, devido ao fogo, o amarelo ficar melhor quando atenuado ou quando h\u00e1 elementos em branco. Repare na 1\u00aa foto que o amarelo forte do fundo da cozinha \u00e9 \u201ctemperado\u201d pelo branco de todo o resto e ele cumpre a fun\u00e7\u00e3o de fazer a cozinha parecer menos cumprida, pois parede pintada em cores quentes d\u00e3o a sensa\u00e7\u00e3o de estarem mais pr\u00f3ximas. Na 2\u00aa foto o amarelo cobre as 2 paredes, mas \u00e9 <strong>estampado com branco<\/strong> e, novamente, todos os elementos restantes s\u00e3o brancos. Veja que nas 2 fotos h\u00e1 alguns elementos em outra cor (verde e rosa escuro) que d\u00e3o um tom contraste aos ambientes.\u00a0 J\u00e1 na \u00e1rea de trabalho da 2\u00aa foto, o amarelo \u00e9 quase ouro, uma cor que dinamiza, d\u00e1 energia,coisa boa para ambiente de trabalho. Mas repare que o amarelo est\u00e1 da cadeira pois olhar esta cor o tempo todo cansa os olhos e, como disse, pode irritar.<\/span><\/p>\n<p><a href=\"http:\/\/www.blogdopilako.com.br\/wp\/wp-content\/uploads\/amarelo01.jpg\"><img loading=\"lazy\" class=\"aligncenter size-full wp-image-5587\" title=\"amarelo01\" src=\"http:\/\/www.blogdopilako.com.br\/wp\/wp-content\/uploads\/amarelo01.jpg\" alt=\"\" width=\"399\" height=\"304\" \/><\/a><\/p>\n<p><a href=\"http:\/\/www.blogdopilako.com.br\/wp\/wp-content\/uploads\/amarelo02.jpg\"><img loading=\"lazy\" class=\"aligncenter size-full wp-image-5588\" title=\"amarelo02\" src=\"http:\/\/www.blogdopilako.com.br\/wp\/wp-content\/uploads\/amarelo02.jpg\" alt=\"\" width=\"400\" height=\"368\" \/><\/a><\/p>\n<p><a href=\"http:\/\/www.blogdopilako.com.br\/wp\/wp-content\/uploads\/amarelo03.jpg\"><img loading=\"lazy\" class=\"aligncenter size-full wp-image-5589\" title=\"amarelo03\" src=\"http:\/\/www.blogdopilako.com.br\/wp\/wp-content\/uploads\/amarelo03.jpg\" alt=\"\" width=\"324\" height=\"324\" \/><\/a><\/p>\n<p style=\"text-align: justify;\"><span style=\"font-family: Georgia, 'Bitstream Charter', serif; font-size: 16px; line-height: 24px;\">No canto de leitura novamente o amarelo \u00e9 atenuado e usado com o branco. A poltrona, em tem tom avermelhado e combina harmonicamente.\u00a0 No 1\u00ba quarto o amarelo \u00e9 quase creme e o branco e o verde<strong> <\/strong>ajudam a criar uma sensa\u00e7\u00e3o de tranquilidade e leveza. J\u00e1 no 2\u00ba quarto, a inten\u00e7\u00e3o \u00e9 de criar um clima mais<strong> \u201cquente e sensual\u201d<\/strong>, com o amarelo mais forte o vermelho e os marrons.Na sala o amarelo traz luz e alegria, mas veja que neste exemplo, apesar de uso do branco e do amarelo estar somente nas flores da estampa da cortina e papel de parede,\u00a0 ele beira ao excesso (se a cortina fosse lisa ou o papel de parede somente em uma das paredes ou em parte delas, para mim, o resultado seria mais harmonioso).<\/span><\/p>\n<p><a href=\"http:\/\/www.blogdopilako.com.br\/wp\/wp-content\/uploads\/amarelo04.jpg\"><img loading=\"lazy\" class=\"aligncenter size-full wp-image-5590\" title=\"amarelo04\" src=\"http:\/\/www.blogdopilako.com.br\/wp\/wp-content\/uploads\/amarelo04.jpg\" alt=\"\" width=\"301\" height=\"376\" \/><\/a><\/p>\n<p><a href=\"http:\/\/www.blogdopilako.com.br\/wp\/wp-content\/uploads\/amarelo05.jpg\"><img loading=\"lazy\" class=\"aligncenter size-full wp-image-5591\" title=\"amarelo05\" src=\"http:\/\/www.blogdopilako.com.br\/wp\/wp-content\/uploads\/amarelo05.jpg\" alt=\"\" width=\"507\" height=\"577\" \/><\/a><\/p>\n<p><a href=\"http:\/\/www.blogdopilako.com.br\/wp\/wp-content\/uploads\/amarelo05.jpg\"><\/a><a href=\"http:\/\/www.blogdopilako.com.br\/wp\/wp-content\/uploads\/amarelo06.jpg\"><img loading=\"lazy\" class=\"aligncenter size-full wp-image-5592\" title=\"amarelo06\" src=\"http:\/\/www.blogdopilako.com.br\/wp\/wp-content\/uploads\/amarelo06.jpg\" alt=\"\" width=\"500\" height=\"501\" \/><\/a><\/p>\n<p><a href=\"http:\/\/www.blogdopilako.com.br\/wp\/wp-content\/uploads\/amarelo06.jpg\"><\/a><a href=\"http:\/\/www.blogdopilako.com.br\/wp\/wp-content\/uploads\/amarelo07.jpg\"><img loading=\"lazy\" class=\"aligncenter size-full wp-image-5593\" title=\"amarelo07\" src=\"http:\/\/www.blogdopilako.com.br\/wp\/wp-content\/uploads\/amarelo07.jpg\" alt=\"\" width=\"325\" height=\"404\" \/><\/a><\/p>\n<h2><strong>Verde<\/strong><\/h2>\n<p><strong> <\/strong><\/p>\n<p style=\"text-align: justify;\"><span style=\"font-family: Georgia, 'Bitstream Charter', serif; font-size: 16px; line-height: 24px;\">Como sabemos, o verde \u00e9 a mistura de AMARELO + AZUL. E as diversas tonalidades do verde dependem da quantidade de AZUL e AMARELO que misturamos para obter a cor. Quanto mais AMARELO, mais a cor fica \u201cquente\u201d e refrescante. Quanto mais azul, mais a cor fica \u201cfria\u201d e tranquilizante. Isso porque as caracter\u00edsticas da cor que \u00e9 usada em maior quantidade \u00e9 que sobressaem.<\/span><\/p>\n<p style=\"text-align: justify;\"><span style=\"font-family: Georgia, 'Bitstream Charter', serif; font-size: 16px; line-height: 24px;\">Mas al\u00e9m disso, todas as cores podem adquirir outras tonalidades ainda quando \u201cmisturadas\u201d a cinzas (isso se chama \u201catenuar\u201d a cor, diminuindo sua vibra\u00e7\u00e3o).<\/span><\/p>\n<p style=\"text-align: justify;\"><span style=\"font-family: Georgia, 'Bitstream Charter', serif; font-size: 16px; line-height: 24px;\">Como voc\u00ea sabe o cinza \u00e9 a mistura de preto e branco. E se voc\u00ea mistura um cinza que tem mais branco, temos os tons leves e di\u00e1fanos do verde. Se, ao contr\u00e1rio mistura um cinza que tem mais preto, encontra os tons mais fechados e sombrios do verde (o termo t\u00e9cnico para isso \u00e9 satura\u00e7\u00e3o da cor). Veja no quadradinho que fiz abaixo, para entender melhor. Pode ser que voc\u00ea n\u00e3o consiga ver as cores corretamente devido \u00e0s diferen\u00e7as de cor entre os monitores que usamos, mas acho que a id\u00e9ia fica clara, certo ?<\/span><\/p>\n<p><a href=\"http:\/\/www.blogdopilako.com.br\/wp\/wp-content\/uploads\/GRAFICO-VERDE.jpg\"><img loading=\"lazy\" class=\"aligncenter size-full wp-image-5594\" title=\"GRAFICO VERDE\" src=\"http:\/\/www.blogdopilako.com.br\/wp\/wp-content\/uploads\/GRAFICO-VERDE.jpg\" alt=\"\" width=\"387\" height=\"318\" \/><\/a><\/p>\n<p style=\"text-align: justify;\">Ent\u00e3o, veja agora o efeito dessa teoria toda a\u00ed em cima nos ambientes abaixo:<\/p>\n<p><a href=\"http:\/\/www.blogdopilako.com.br\/wp\/wp-content\/uploads\/verde01.jpg\"><img loading=\"lazy\" class=\"aligncenter size-full wp-image-5595\" title=\"verde01\" src=\"http:\/\/www.blogdopilako.com.br\/wp\/wp-content\/uploads\/verde01.jpg\" alt=\"\" width=\"270\" height=\"405\" \/><\/a><\/p>\n<p><a href=\"http:\/\/www.blogdopilako.com.br\/wp\/wp-content\/uploads\/verde02.jpg\"><img loading=\"lazy\" class=\"aligncenter size-full wp-image-5596\" title=\"verde02\" src=\"http:\/\/www.blogdopilako.com.br\/wp\/wp-content\/uploads\/verde02.jpg\" alt=\"\" width=\"400\" height=\"511\" \/><\/a><a href=\"http:\/\/www.blogdopilako.com.br\/wp\/wp-content\/uploads\/verde03.jpg\"><img loading=\"lazy\" class=\"aligncenter size-full wp-image-5597\" title=\"verde03\" src=\"http:\/\/www.blogdopilako.com.br\/wp\/wp-content\/uploads\/verde03.jpg\" alt=\"\" width=\"311\" height=\"404\" \/><\/a><a href=\"http:\/\/www.blogdopilako.com.br\/wp\/wp-content\/uploads\/verde04.jpg\"><img loading=\"lazy\" class=\"aligncenter size-full wp-image-5598\" title=\"verde04\" src=\"http:\/\/www.blogdopilako.com.br\/wp\/wp-content\/uploads\/verde04.jpg\" alt=\"\" width=\"473\" height=\"544\" \/><\/a><\/p>\n<p style=\"text-align: justify;\"><span style=\"font-family: Georgia, 'Bitstream Charter', serif; font-size: 16px; line-height: 24px;\">O 1\u00ba e o 3\u00ba ambientes usam verdes com mais amarelo e n\u00e3o atenuados. Por isso s\u00e3o vibrantes. Para compensar toda esta vibra\u00e7\u00e3o eles s\u00e3o usados com branco, o que \u201ctranquiliza\u201d um pouco o ambiente. Esta cor, por sua caracter\u00edstica refrescante \u00e9 boa para cozinhas, quartos de jovens e qualquer lugar onde voc\u00ea queria passar uma sensa\u00e7\u00e3o de vivacidade, frescor, est\u00edmulo. Mas h\u00e1 que haver cuidado com o excesso, principalmente em ambientes pequenos.<\/span><\/p>\n<p style=\"text-align: justify;\"><span style=\"font-family: Georgia, 'Bitstream Charter', serif; font-size: 16px; line-height: 24px;\">J\u00e1 o banheiro (2\u00aa foto) e o quarto de beb\u00ea usam verdes atenuados, principalmente o quarto do beb\u00ea, um verde amarelado e atenuado com cinza claro. Perceba que n\u00e3o h\u00e1 vibra\u00e7\u00e3o, mas sim uma sensa\u00e7\u00e3o de tranquilidade, perfeita para um quarto de beb\u00ea.<\/span><\/p>\n<p><span style=\"font-size: small;\"><span style=\"line-height: 24px;\"><a href=\"http:\/\/www.blogdopilako.com.br\/wp\/wp-content\/uploads\/verde05.jpg\"><img loading=\"lazy\" class=\"aligncenter size-full wp-image-5599\" title=\"verde05\" src=\"http:\/\/www.blogdopilako.com.br\/wp\/wp-content\/uploads\/verde05.jpg\" alt=\"\" width=\"641\" height=\"533\" \/><\/a><\/span><\/span><\/p>\n<p><span style=\"font-size: small;\"><span style=\"line-height: 24px;\"><a href=\"http:\/\/www.blogdopilako.com.br\/wp\/wp-content\/uploads\/verde06.jpg\"><img loading=\"lazy\" class=\"aligncenter size-full wp-image-5600\" title=\"verde06\" src=\"http:\/\/www.blogdopilako.com.br\/wp\/wp-content\/uploads\/verde06.jpg\" alt=\"\" width=\"477\" height=\"454\" \/><\/a><\/span><\/span><\/p>\n<p><span style=\"font-size: small;\"><span style=\"line-height: 24px;\"><a href=\"http:\/\/www.blogdopilako.com.br\/wp\/wp-content\/uploads\/verde06.jpg\"><\/a><a href=\"http:\/\/www.blogdopilako.com.br\/wp\/wp-content\/uploads\/verde07.jpg\"><img loading=\"lazy\" class=\"aligncenter size-full wp-image-5601\" title=\"verde07\" src=\"http:\/\/www.blogdopilako.com.br\/wp\/wp-content\/uploads\/verde07.jpg\" alt=\"\" width=\"401\" height=\"401\" \/><\/a><\/span><\/span><\/p>\n<p style=\"text-align: justify;\"><span style=\"font-family: Georgia, 'Bitstream Charter', serif; font-size: 16px; line-height: 24px;\">Neste quarto e na \u00faltima sala o verde foi bem atenuado com cinzas escuros, principalmente no quarto. A sensa\u00e7\u00e3o que esta cor propicia \u00e9 de um ambiente onde nos sentimos bem, protegidos, aconchegados. Veja que novamente o branco aparece, mas agora com a fun\u00e7\u00e3o de n\u00e3o diminuir o espa\u00e7o e nem \u201csufocar\u201d escurecendo demais. Na sala um verde com pouco amarelo e um pouco atenuado, perceba que ao mesmo tempo que d\u00e1 uma ligeira sensa\u00e7\u00e3o de frescor, tamb\u00e9m d\u00e1 a sensa\u00e7\u00e3o de aconchego. Outra coisa que podemos notar \u00e9 como o marrom, a madeira, o cru, ficam bem com verde, n\u00e3o \u00e9 mesmo?<\/span><\/p>\n<p><span style=\"font-family: Georgia, 'Bitstream Charter', serif; font-size: 16px; line-height: 24px;\"><strong>Edson Santos<\/strong><br \/>\n<\/span>Designer e Artista pl\u00e1stico<br \/>\nedsonsantos@blogdopilako.com.br<\/p>\n<p>&nbsp;<\/p>\n\n\t\t\t\t<div class=\"mr_social_sharing_wrapper\">\n\t\t\t\t<!-- Social Sharing Toolkit v2.2 --><span class=\"mr_social_sharing_top\"><span style=\"display: inline-block; width: 55px; height: 62px; overflow: hidden;\"><div class=\"fb-like\" data-href=\"https:\/\/www.blogdopilako.com.br\/wp\/2011\/09\/20\/cores-e-seu-bom-uso-na-decoracao-amarelo-e-verde\/\" data-send=\"false\" data-layout=\"box_count\" data-width=\"55\" data-show-faces=\"false\"><\/div><\/span><\/span><span class=\"mr_social_sharing_top\"><fb:share-button type=\"box_count\" href=\"https:\/\/www.blogdopilako.com.br\/wp\/2011\/09\/20\/cores-e-seu-bom-uso-na-decoracao-amarelo-e-verde\/\"><\/fb:share-button><\/span><span class=\"mr_social_sharing\"><a rel=\"nofollow\" class=\"linksalpha_button linksalpha_link\" href=\"\/\/www.linksalpha.com\/social\/mobile\" data-url=\"https:\/\/www.blogdopilako.com.br\/wp\/2011\/09\/20\/cores-e-seu-bom-uso-na-decoracao-amarelo-e-verde\/\" data-text=\"Cores e seu bom uso na decora\u00e7\u00e3o \u2013 Amarelo e Verde\" data-desc=\"Hoje veremos mais 02 cores: Amarelo e o Verde. Amarelo Uma cor QUENTE, que remete a luz, claridade e alegria e como alegria demais pode ser surto psic\u00f3tico (rsrs), em excesso esquenta e pode irritar. Os tons de amarelo podem variar desde o claro, quase branco, o atenuado \u2013 como misturado com\" data-image=\"http:\/\/www.blogdopilako.com.br\/wp\/wp-content\/uploads\/amarelo01.jpg\" data-button=\"none\">\n\t\t\t\t\t<img src=\"\/\/www.linksalpha.com\/images\/social_share_button.png\" alt=\"Share\" class=\"linksalpha_image\" \/>\n\t\t\t\t\t<\/a><script type=\"text\/javascript\" src=\"\/\/www.linksalpha.com\/scripts\/loader_iconbox.js?v=2.4\"><\/script><\/span><\/div>","protected":false},"excerpt":{"rendered":"\n\t\t\t\t<div class=\"mr_social_sharing_wrapper\">\n\t\t\t\t<!-- Social Sharing Toolkit v2.2 --><span class=\"mr_social_sharing_top\"><span style=\"display: inline-block; width: 55px; height: 62px; overflow: hidden;\"><div class=\"fb-like\" data-href=\"https:\/\/www.blogdopilako.com.br\/wp\/2011\/09\/20\/cores-e-seu-bom-uso-na-decoracao-amarelo-e-verde\/\" data-send=\"false\" data-layout=\"box_count\" data-width=\"55\" data-show-faces=\"false\"><\/div><\/span><\/span><span class=\"mr_social_sharing_top\"><fb:share-button type=\"box_count\" href=\"https:\/\/www.blogdopilako.com.br\/wp\/2011\/09\/20\/cores-e-seu-bom-uso-na-decoracao-amarelo-e-verde\/\"><\/fb:share-button><\/span><span class=\"mr_social_sharing\"><a rel=\"nofollow\" class=\"linksalpha_button linksalpha_link\" href=\"\/\/www.linksalpha.com\/social\/mobile\" data-url=\"https:\/\/www.blogdopilako.com.br\/wp\/2011\/09\/20\/cores-e-seu-bom-uso-na-decoracao-amarelo-e-verde\/\" data-text=\"Cores e seu bom uso na decora\u00e7\u00e3o \u2013 Amarelo e Verde\" data-desc=\"Hoje veremos mais 02 cores: Amarelo e o Verde. Amarelo Uma cor QUENTE, que remete a luz, claridade e alegria e como alegria demais pode ser surto psic\u00f3tico (rsrs), em excesso esquenta e pode irritar. Os tons de amarelo podem variar desde o claro, quase branco, o atenuado \u2013 como misturado com\" data-image=\"\" data-button=\"none\">\n\t\t\t\t\t<img src=\"\/\/www.linksalpha.com\/images\/social_share_button.png\" alt=\"Share\" class=\"linksalpha_image\" \/>\n\t\t\t\t\t<\/a><script type=\"text\/javascript\" src=\"\/\/www.linksalpha.com\/scripts\/loader_iconbox.js?v=2.4\"><\/script><\/span><\/div><p>Hoje veremos mais 02 cores: Amarelo e o Verde. Amarelo Uma cor QUENTE, que remete a luz, claridade e alegria e como alegria demais pode ser surto psic\u00f3tico (rsrs), em excesso esquenta e pode irritar. Os tons de amarelo podem &hellip; <a href=\"https:\/\/www.blogdopilako.com.br\/wp\/2011\/09\/20\/cores-e-seu-bom-uso-na-decoracao-amarelo-e-verde\/\">Continue lendo <span class=\"meta-nav\">&rarr;<\/span><\/a><\/p>\n\n\t\t\t\t<div class=\"mr_social_sharing_wrapper\">\n\t\t\t\t<!-- Social Sharing Toolkit v2.2 --><span class=\"mr_social_sharing_top\"><span style=\"display: inline-block; width: 55px; height: 62px; overflow: hidden;\"><div class=\"fb-like\" data-href=\"https:\/\/www.blogdopilako.com.br\/wp\/2011\/09\/20\/cores-e-seu-bom-uso-na-decoracao-amarelo-e-verde\/\" data-send=\"false\" data-layout=\"box_count\" data-width=\"55\" data-show-faces=\"false\"><\/div><\/span><\/span><span class=\"mr_social_sharing_top\"><fb:share-button type=\"box_count\" href=\"https:\/\/www.blogdopilako.com.br\/wp\/2011\/09\/20\/cores-e-seu-bom-uso-na-decoracao-amarelo-e-verde\/\"><\/fb:share-button><\/span><span class=\"mr_social_sharing\"><a rel=\"nofollow\" class=\"linksalpha_button linksalpha_link\" href=\"\/\/www.linksalpha.com\/social\/mobile\" data-url=\"https:\/\/www.blogdopilako.com.br\/wp\/2011\/09\/20\/cores-e-seu-bom-uso-na-decoracao-amarelo-e-verde\/\" data-text=\"Cores e seu bom uso na decora\u00e7\u00e3o \u2013 Amarelo e Verde\" data-desc=\"Hoje veremos mais 02 cores: Amarelo e o Verde. Amarelo Uma cor QUENTE, que remete a luz, claridade e alegria e como alegria demais pode ser surto psic\u00f3tico (rsrs), em excesso esquenta e pode irritar. Os tons de amarelo podem variar desde o claro, quase branco, o atenuado \u2013 como misturado com\" data-image=\"\" data-button=\"none\">\n\t\t\t\t\t<img src=\"\/\/www.linksalpha.com\/images\/social_share_button.png\" alt=\"Share\" class=\"linksalpha_image\" \/>\n\t\t\t\t\t<\/a><script type=\"text\/javascript\" src=\"\/\/www.linksalpha.com\/scripts\/loader_iconbox.js?v=2.4\"><\/script><\/span><\/div>","protected":false},"author":4,"featured_media":0,"comment_status":"open","ping_status":"open","sticky":false,"template":"","format":"standard","meta":[],"categories":[112],"tags":[],"_links":{"self":[{"href":"https:\/\/www.blogdopilako.com.br\/wp\/wp-json\/wp\/v2\/posts\/5585"}],"collection":[{"href":"https:\/\/www.blogdopilako.com.br\/wp\/wp-json\/wp\/v2\/posts"}],"about":[{"href":"https:\/\/www.blogdopilako.com.br\/wp\/wp-json\/wp\/v2\/types\/post"}],"author":[{"embeddable":true,"href":"https:\/\/www.blogdopilako.com.br\/wp\/wp-json\/wp\/v2\/users\/4"}],"replies":[{"embeddable":true,"href":"https:\/\/www.blogdopilako.com.br\/wp\/wp-json\/wp\/v2\/comments?post=5585"}],"version-history":[{"count":2,"href":"https:\/\/www.blogdopilako.com.br\/wp\/wp-json\/wp\/v2\/posts\/5585\/revisions"}],"predecessor-version":[{"id":5604,"href":"https:\/\/www.blogdopilako.com.br\/wp\/wp-json\/wp\/v2\/posts\/5585\/revisions\/5604"}],"wp:attachment":[{"href":"https:\/\/www.blogdopilako.com.br\/wp\/wp-json\/wp\/v2\/media?parent=5585"}],"wp:term":[{"taxonomy":"category","embeddable":true,"href":"https:\/\/www.blogdopilako.com.br\/wp\/wp-json\/wp\/v2\/categories?post=5585"},{"taxonomy":"post_tag","embeddable":true,"href":"https:\/\/www.blogdopilako.com.br\/wp\/wp-json\/wp\/v2\/tags?post=5585"}],"curies":[{"name":"wp","href":"https:\/\/api.w.org\/{rel}","templated":true}]}}