{"id":5403,"date":"2011-09-17T09:25:31","date_gmt":"2011-09-17T12:25:31","guid":{"rendered":"http:\/\/www.blogdopilako.com.br\/wp\/?p=5403"},"modified":"2011-09-17T11:21:20","modified_gmt":"2011-09-17T14:21:20","slug":"fim-de-semana-cultural-viagrando-letramusica-por-aldenisio-tavares-e-rivonaldo-tavares","status":"publish","type":"post","link":"https:\/\/www.blogdopilako.com.br\/wp\/2011\/09\/17\/fim-de-semana-cultural-viagrando-letramusica-por-aldenisio-tavares-e-rivonaldo-tavares\/","title":{"rendered":"Fim de Semana Cultural: <br>Viagrando (letra\/m\u00fasica) &#8211; por Aldenisio Tavares e Rivonaldo Tavares"},"content":{"rendered":"\n\t\t\t\t<div class=\"mr_social_sharing_wrapper\">\n\t\t\t\t<!-- Social Sharing Toolkit v2.2 --><span class=\"mr_social_sharing_top\"><span style=\"display: inline-block; width: 55px; height: 62px; overflow: hidden;\"><div class=\"fb-like\" data-href=\"https:\/\/www.blogdopilako.com.br\/wp\/2011\/09\/17\/fim-de-semana-cultural-viagrando-letramusica-por-aldenisio-tavares-e-rivonaldo-tavares\/\" data-send=\"false\" data-layout=\"box_count\" data-width=\"55\" data-show-faces=\"false\"><\/div><\/span><\/span><span class=\"mr_social_sharing_top\"><fb:share-button type=\"box_count\" href=\"https:\/\/www.blogdopilako.com.br\/wp\/2011\/09\/17\/fim-de-semana-cultural-viagrando-letramusica-por-aldenisio-tavares-e-rivonaldo-tavares\/\"><\/fb:share-button><\/span><span class=\"mr_social_sharing\"><a rel=\"nofollow\" class=\"linksalpha_button linksalpha_link\" href=\"\/\/www.linksalpha.com\/social\/mobile\" data-url=\"https:\/\/www.blogdopilako.com.br\/wp\/2011\/09\/17\/fim-de-semana-cultural-viagrando-letramusica-por-aldenisio-tavares-e-rivonaldo-tavares\/\" data-text=\"Fim de Semana Cultural: Viagrando (letra\/m\u00fasica) \u2013 por Aldenisio Tavares e Rivonaldo Tavares\" data-desc=\"Viagrando Gostou da m\u00fasica? -\u00a0Baixe a MP3 Hoje n\u00e3o tem condi\u00e7\u00e3o De pular mais um muro por causa de um cora\u00e7\u00e3o \u00c9 a cara, \u00e9 a criatura A idade na aventura n\u00e3o se mistura com a raz\u00e3o \u00c9 melhor comer com os olhos e ofegar a respira\u00e7\u00e3o E mostrar que foi se um tempo O momento \u00e9 outro\" data-image=\"http:\/\/www.blogdopilako.com.br\/wp\/wp-content\/uploads\/duda_aldenisio.jpg\" data-button=\"none\">\n\t\t\t\t\t<img src=\"\/\/www.linksalpha.com\/images\/social_share_button.png\" alt=\"Share\" class=\"linksalpha_image\" \/>\n\t\t\t\t\t<\/a><script type=\"text\/javascript\" src=\"\/\/www.linksalpha.com\/scripts\/loader_iconbox.js?v=2.4\"><\/script><\/span><\/div><p><a href=\"http:\/\/www.blogdopilako.com.br\/wp\/wp-content\/uploads\/duda_aldenisio.jpg\"><img loading=\"lazy\" class=\"aligncenter size-full wp-image-5349\" title=\"duda_aldenisio\" src=\"http:\/\/www.blogdopilako.com.br\/wp\/wp-content\/uploads\/duda_aldenisio.jpg\" alt=\"\" width=\"581\" height=\"390\" \/><\/a><\/p>\n<h2><strong>Viagrando<\/strong><\/h2>\n<p><strong><strong>[powerpress url=..\/mp3\/viagrando.mp3]<br \/>\n<\/strong>Gostou da m\u00fasica? &#8211;\u00a0<a href=\"http:\/\/www.blogdopilako.com.br\/mp3\/viagrando.mp3\" target=\"_blank\">Baixe a MP3<\/a><\/strong><\/p>\n<p>Hoje n\u00e3o tem condi\u00e7\u00e3o<br \/>\nDe pular mais um muro por causa de um cora\u00e7\u00e3o<br \/>\n\u00c9 a cara, \u00e9 a criatura<br \/>\nA idade na aventura n\u00e3o se mistura com a raz\u00e3o<br \/>\n\u00c9 melhor comer com os olhos e ofegar a respira\u00e7\u00e3o<br \/>\nE mostrar que foi se um tempo<br \/>\nO momento \u00e9 outro momento de brilhar na imensid\u00e3o<br \/>\nMas \u00e9 mesmo assim<br \/>\nA for\u00e7a qu\u00edmica da natureza<br \/>\nEnaltece a beleza fazendo a paix\u00e3o brilhar<br \/>\nMas h\u00e1 rem\u00e9dio que ameniza o fim do t\u00e9dio<br \/>\nAgora VIAGRANDO a s\u00e9rio<br \/>\nO importante \u00e9 o cora\u00e7\u00e3o ag\u00fcentar.<\/p>\n<p>Se voc\u00ea me der uma chance<br \/>\nEu vou me apaixonar por voc\u00ea<br \/>\nEu vou me apaixonar por voc\u00ea<br \/>\nEu vou me apaixonar&#8230;<\/p>\n<p style=\"text-align: center;\"><strong>Aldenisio Tavares <\/strong>&#8211; Compositor &#8211; membro da<br \/>\nAcademia Vitoriense de Letras<\/p>\n<p style=\"text-align: center;\"><strong>Voc\u00ea tamb\u00e9m \u00e9 escritor, poeta ou compositor vitoriense?<\/strong> Envie o seu texto para ser publicado no fim de semana cultural. E-mail: contato@blogdopilako.com.br<\/p>\n\n\t\t\t\t<div class=\"mr_social_sharing_wrapper\">\n\t\t\t\t<!-- Social Sharing Toolkit v2.2 --><span class=\"mr_social_sharing_top\"><span style=\"display: inline-block; width: 55px; height: 62px; overflow: hidden;\"><div class=\"fb-like\" data-href=\"https:\/\/www.blogdopilako.com.br\/wp\/2011\/09\/17\/fim-de-semana-cultural-viagrando-letramusica-por-aldenisio-tavares-e-rivonaldo-tavares\/\" data-send=\"false\" data-layout=\"box_count\" data-width=\"55\" data-show-faces=\"false\"><\/div><\/span><\/span><span class=\"mr_social_sharing_top\"><fb:share-button type=\"box_count\" href=\"https:\/\/www.blogdopilako.com.br\/wp\/2011\/09\/17\/fim-de-semana-cultural-viagrando-letramusica-por-aldenisio-tavares-e-rivonaldo-tavares\/\"><\/fb:share-button><\/span><span class=\"mr_social_sharing\"><a rel=\"nofollow\" class=\"linksalpha_button linksalpha_link\" href=\"\/\/www.linksalpha.com\/social\/mobile\" data-url=\"https:\/\/www.blogdopilako.com.br\/wp\/2011\/09\/17\/fim-de-semana-cultural-viagrando-letramusica-por-aldenisio-tavares-e-rivonaldo-tavares\/\" data-text=\"Fim de Semana Cultural: Viagrando (letra\/m\u00fasica) \u2013 por Aldenisio Tavares e Rivonaldo Tavares\" data-desc=\"Viagrando Gostou da m\u00fasica? -\u00a0Baixe a MP3 Hoje n\u00e3o tem condi\u00e7\u00e3o De pular mais um muro por causa de um cora\u00e7\u00e3o \u00c9 a cara, \u00e9 a criatura A idade na aventura n\u00e3o se mistura com a raz\u00e3o \u00c9 melhor comer com os olhos e ofegar a respira\u00e7\u00e3o E mostrar que foi se um tempo O momento \u00e9 outro\" data-image=\"http:\/\/www.blogdopilako.com.br\/wp\/wp-content\/uploads\/duda_aldenisio.jpg\" data-button=\"none\">\n\t\t\t\t\t<img src=\"\/\/www.linksalpha.com\/images\/social_share_button.png\" alt=\"Share\" class=\"linksalpha_image\" \/>\n\t\t\t\t\t<\/a><script type=\"text\/javascript\" src=\"\/\/www.linksalpha.com\/scripts\/loader_iconbox.js?v=2.4\"><\/script><\/span><\/div>","protected":false},"excerpt":{"rendered":"\n\t\t\t\t<div class=\"mr_social_sharing_wrapper\">\n\t\t\t\t<!-- Social Sharing Toolkit v2.2 --><span class=\"mr_social_sharing_top\"><span style=\"display: inline-block; width: 55px; height: 62px; overflow: hidden;\"><div class=\"fb-like\" data-href=\"https:\/\/www.blogdopilako.com.br\/wp\/2011\/09\/17\/fim-de-semana-cultural-viagrando-letramusica-por-aldenisio-tavares-e-rivonaldo-tavares\/\" data-send=\"false\" data-layout=\"box_count\" data-width=\"55\" data-show-faces=\"false\"><\/div><\/span><\/span><span class=\"mr_social_sharing_top\"><fb:share-button type=\"box_count\" href=\"https:\/\/www.blogdopilako.com.br\/wp\/2011\/09\/17\/fim-de-semana-cultural-viagrando-letramusica-por-aldenisio-tavares-e-rivonaldo-tavares\/\"><\/fb:share-button><\/span><span class=\"mr_social_sharing\"><a rel=\"nofollow\" class=\"linksalpha_button linksalpha_link\" href=\"\/\/www.linksalpha.com\/social\/mobile\" data-url=\"https:\/\/www.blogdopilako.com.br\/wp\/2011\/09\/17\/fim-de-semana-cultural-viagrando-letramusica-por-aldenisio-tavares-e-rivonaldo-tavares\/\" data-text=\"Fim de Semana Cultural: Viagrando (letra\/m\u00fasica) \u2013 por Aldenisio Tavares e Rivonaldo Tavares\" data-desc=\"Viagrando Gostou da m\u00fasica? -\u00a0Baixe a MP3 Hoje n\u00e3o tem condi\u00e7\u00e3o De pular mais um muro por causa de um cora\u00e7\u00e3o \u00c9 a cara, \u00e9 a criatura A idade na aventura n\u00e3o se mistura com a raz\u00e3o \u00c9 melhor comer com os olhos e ofegar a respira\u00e7\u00e3o E mostrar que foi se um tempo O momento \u00e9 outro\" data-image=\"\" data-button=\"none\">\n\t\t\t\t\t<img src=\"\/\/www.linksalpha.com\/images\/social_share_button.png\" alt=\"Share\" class=\"linksalpha_image\" \/>\n\t\t\t\t\t<\/a><script type=\"text\/javascript\" src=\"\/\/www.linksalpha.com\/scripts\/loader_iconbox.js?v=2.4\"><\/script><\/span><\/div><p>Viagrando [powerpress url=..\/mp3\/viagrando.mp3] Gostou da m\u00fasica? &#8211;\u00a0Baixe a MP3 Hoje n\u00e3o tem condi\u00e7\u00e3o De pular mais um muro por causa de um cora\u00e7\u00e3o \u00c9 a cara, \u00e9 a criatura A idade na aventura n\u00e3o se mistura com a raz\u00e3o \u00c9 &hellip; <a href=\"https:\/\/www.blogdopilako.com.br\/wp\/2011\/09\/17\/fim-de-semana-cultural-viagrando-letramusica-por-aldenisio-tavares-e-rivonaldo-tavares\/\">Continue lendo <span class=\"meta-nav\">&rarr;<\/span><\/a><\/p>\n\n\t\t\t\t<div class=\"mr_social_sharing_wrapper\">\n\t\t\t\t<!-- Social Sharing Toolkit v2.2 --><span class=\"mr_social_sharing_top\"><span style=\"display: inline-block; width: 55px; height: 62px; overflow: hidden;\"><div class=\"fb-like\" data-href=\"https:\/\/www.blogdopilako.com.br\/wp\/2011\/09\/17\/fim-de-semana-cultural-viagrando-letramusica-por-aldenisio-tavares-e-rivonaldo-tavares\/\" data-send=\"false\" data-layout=\"box_count\" data-width=\"55\" data-show-faces=\"false\"><\/div><\/span><\/span><span class=\"mr_social_sharing_top\"><fb:share-button type=\"box_count\" href=\"https:\/\/www.blogdopilako.com.br\/wp\/2011\/09\/17\/fim-de-semana-cultural-viagrando-letramusica-por-aldenisio-tavares-e-rivonaldo-tavares\/\"><\/fb:share-button><\/span><span class=\"mr_social_sharing\"><a rel=\"nofollow\" class=\"linksalpha_button linksalpha_link\" href=\"\/\/www.linksalpha.com\/social\/mobile\" data-url=\"https:\/\/www.blogdopilako.com.br\/wp\/2011\/09\/17\/fim-de-semana-cultural-viagrando-letramusica-por-aldenisio-tavares-e-rivonaldo-tavares\/\" data-text=\"Fim de Semana Cultural: Viagrando (letra\/m\u00fasica) \u2013 por Aldenisio Tavares e Rivonaldo Tavares\" data-desc=\"Viagrando Gostou da m\u00fasica? -\u00a0Baixe a MP3 Hoje n\u00e3o tem condi\u00e7\u00e3o De pular mais um muro por causa de um cora\u00e7\u00e3o \u00c9 a cara, \u00e9 a criatura A idade na aventura n\u00e3o se mistura com a raz\u00e3o \u00c9 melhor comer com os olhos e ofegar a respira\u00e7\u00e3o E mostrar que foi se um tempo O momento \u00e9 outro\" data-image=\"\" data-button=\"none\">\n\t\t\t\t\t<img src=\"\/\/www.linksalpha.com\/images\/social_share_button.png\" alt=\"Share\" class=\"linksalpha_image\" \/>\n\t\t\t\t\t<\/a><script type=\"text\/javascript\" src=\"\/\/www.linksalpha.com\/scripts\/loader_iconbox.js?v=2.4\"><\/script><\/span><\/div>","protected":false},"author":1,"featured_media":0,"comment_status":"open","ping_status":"open","sticky":false,"template":"","format":"standard","meta":[],"categories":[114],"tags":[],"_links":{"self":[{"href":"https:\/\/www.blogdopilako.com.br\/wp\/wp-json\/wp\/v2\/posts\/5403"}],"collection":[{"href":"https:\/\/www.blogdopilako.com.br\/wp\/wp-json\/wp\/v2\/posts"}],"about":[{"href":"https:\/\/www.blogdopilako.com.br\/wp\/wp-json\/wp\/v2\/types\/post"}],"author":[{"embeddable":true,"href":"https:\/\/www.blogdopilako.com.br\/wp\/wp-json\/wp\/v2\/users\/1"}],"replies":[{"embeddable":true,"href":"https:\/\/www.blogdopilako.com.br\/wp\/wp-json\/wp\/v2\/comments?post=5403"}],"version-history":[{"count":5,"href":"https:\/\/www.blogdopilako.com.br\/wp\/wp-json\/wp\/v2\/posts\/5403\/revisions"}],"predecessor-version":[{"id":5448,"href":"https:\/\/www.blogdopilako.com.br\/wp\/wp-json\/wp\/v2\/posts\/5403\/revisions\/5448"}],"wp:attachment":[{"href":"https:\/\/www.blogdopilako.com.br\/wp\/wp-json\/wp\/v2\/media?parent=5403"}],"wp:term":[{"taxonomy":"category","embeddable":true,"href":"https:\/\/www.blogdopilako.com.br\/wp\/wp-json\/wp\/v2\/categories?post=5403"},{"taxonomy":"post_tag","embeddable":true,"href":"https:\/\/www.blogdopilako.com.br\/wp\/wp-json\/wp\/v2\/tags?post=5403"}],"curies":[{"name":"wp","href":"https:\/\/api.w.org\/{rel}","templated":true}]}}