{"id":5212,"date":"2011-09-16T16:20:42","date_gmt":"2011-09-16T19:20:42","guid":{"rendered":"http:\/\/www.blogdopilako.com.br\/wp\/?p=5212"},"modified":"2011-09-16T18:21:25","modified_gmt":"2011-09-16T21:21:25","slug":"pode-melhorar","status":"publish","type":"post","link":"https:\/\/www.blogdopilako.com.br\/wp\/2011\/09\/16\/pode-melhorar\/","title":{"rendered":"Pode melhorar."},"content":{"rendered":"\n\t\t\t\t<div class=\"mr_social_sharing_wrapper\">\n\t\t\t\t<!-- Social Sharing Toolkit v2.2 --><span class=\"mr_social_sharing_top\"><span style=\"display: inline-block; width: 55px; height: 62px; overflow: hidden;\"><div class=\"fb-like\" data-href=\"https:\/\/www.blogdopilako.com.br\/wp\/2011\/09\/16\/pode-melhorar\/\" data-send=\"false\" data-layout=\"box_count\" data-width=\"55\" data-show-faces=\"false\"><\/div><\/span><\/span><span class=\"mr_social_sharing_top\"><fb:share-button type=\"box_count\" href=\"https:\/\/www.blogdopilako.com.br\/wp\/2011\/09\/16\/pode-melhorar\/\"><\/fb:share-button><\/span><span class=\"mr_social_sharing\"><a rel=\"nofollow\" class=\"linksalpha_button linksalpha_link\" href=\"\/\/www.linksalpha.com\/social\/mobile\" data-url=\"https:\/\/www.blogdopilako.com.br\/wp\/2011\/09\/16\/pode-melhorar\/\" data-text=\"Pode melhorar.\" data-desc=\"Relendo meu arquivo de jornais da cidade, encontrei uma not\u00edcia no Informativo A VOZ de Setembro de 2008, ou seja, as v\u00e9speras \u00a0das\u00a0 elei\u00e7\u00f5es municipais, que vale a pena relembrar. Passados quase tr\u00eas anos das elei\u00e7\u00f5es e Elias Lira sentado na cadeira de Prefeito, as perguntas s\u00e3o: a\" data-image=\"http:\/\/www.blogdopilako.com.br\/wp\/wp-content\/uploads\/InformativoAVoz-Edi\u00e7\u00e3o-Especial-Setembro2008.jpg\" data-button=\"none\">\n\t\t\t\t\t<img src=\"\/\/www.linksalpha.com\/images\/social_share_button.png\" alt=\"Share\" class=\"linksalpha_image\" \/>\n\t\t\t\t\t<\/a><script type=\"text\/javascript\" src=\"\/\/www.linksalpha.com\/scripts\/loader_iconbox.js?v=2.4\"><\/script><\/span><\/div><p style=\"text-align: justify;\">Relendo meu arquivo de jornais da cidade, encontrei uma not\u00edcia no <strong>Informativo A VOZ<\/strong> de Setembro de <em><strong>2008<\/strong><\/em>, ou seja, as v\u00e9speras \u00a0das\u00a0 elei\u00e7\u00f5es municipais, que vale a pena relembrar.<\/p>\n<div id=\"attachment_5361\" style=\"width: 482px\" class=\"wp-caption aligncenter\"><a href=\"http:\/\/www.blogdopilako.com.br\/wp\/wp-content\/uploads\/InformativoAVoz-Edi\u00e7\u00e3o-Especial-Setembro2008.jpg\"><img aria-describedby=\"caption-attachment-5361\" loading=\"lazy\" class=\"size-full wp-image-5361\" title=\"InformativoAVoz-Edi\u00e7\u00e3o Especial-Setembro2008\" src=\"http:\/\/www.blogdopilako.com.br\/wp\/wp-content\/uploads\/InformativoAVoz-Edi\u00e7\u00e3o-Especial-Setembro2008.jpg\" alt=\"\" width=\"472\" height=\"660\" \/><\/a><p id=\"caption-attachment-5361\" class=\"wp-caption-text\">Informativo A Voz - Edi\u00e7\u00e3o Especial - Setembro 2008 - P\u00e1gina 02<\/p><\/div>\n<p style=\"text-align: justify;\"><strong>Passados quase tr\u00eas anos das elei\u00e7\u00f5es<\/strong> e <strong>Elias Lira<\/strong> sentado na cadeira de Prefeito, as perguntas s\u00e3o: a seguran\u00e7a \u00a0melhorou? \u00a0As c\u00e2meras est\u00e3o funcionando mesmo? Como est\u00e1 o preparo dos Guardas Municipais? a qualidade dos servi\u00e7os est\u00e3o compat\u00edveis? E a remunera\u00e7\u00e3o do pessoal deve est\u00e1 muito boa, num \u00e9?\u00a0 Entra prefeito, sai prefeito e a forma de se fazer pol\u00edtica na nossa cidade \u00a0\u00e9 a mesma. <em><strong>\u00c9 s\u00f3 PAIMA!<\/strong><\/em><\/p>\n<div id=\"attachment_5415\" style=\"width: 567px\" class=\"wp-caption aligncenter\"><a href=\"http:\/\/www.blogdopilako.com.br\/wp\/wp-content\/uploads\/guarda2.jpg\"><img aria-describedby=\"caption-attachment-5415\" loading=\"lazy\" class=\"size-full wp-image-5415\" title=\"guarda\" src=\"http:\/\/www.blogdopilako.com.br\/wp\/wp-content\/uploads\/guarda2.jpg\" alt=\"\" width=\"557\" height=\"743\" \/><\/a><p id=\"caption-attachment-5415\" class=\"wp-caption-text\">Ser\u00e1 que a Guarda Municipal da atual gest\u00e3o est\u00e1 preparada?<\/p><\/div>\n<p style=\"text-align: justify;\"><em><strong> <\/strong><\/em><\/p>\n<p><em><strong> <\/strong><\/em><\/p>\n<p><em><strong> <\/strong><\/em><\/p>\n\n\t\t\t\t<div class=\"mr_social_sharing_wrapper\">\n\t\t\t\t<!-- Social Sharing Toolkit v2.2 --><span class=\"mr_social_sharing_top\"><span style=\"display: inline-block; width: 55px; height: 62px; overflow: hidden;\"><div class=\"fb-like\" data-href=\"https:\/\/www.blogdopilako.com.br\/wp\/2011\/09\/16\/pode-melhorar\/\" data-send=\"false\" data-layout=\"box_count\" data-width=\"55\" data-show-faces=\"false\"><\/div><\/span><\/span><span class=\"mr_social_sharing_top\"><fb:share-button type=\"box_count\" href=\"https:\/\/www.blogdopilako.com.br\/wp\/2011\/09\/16\/pode-melhorar\/\"><\/fb:share-button><\/span><span class=\"mr_social_sharing\"><a rel=\"nofollow\" class=\"linksalpha_button linksalpha_link\" href=\"\/\/www.linksalpha.com\/social\/mobile\" data-url=\"https:\/\/www.blogdopilako.com.br\/wp\/2011\/09\/16\/pode-melhorar\/\" data-text=\"Pode melhorar.\" data-desc=\"Relendo meu arquivo de jornais da cidade, encontrei uma not\u00edcia no Informativo A VOZ de Setembro de 2008, ou seja, as v\u00e9speras \u00a0das\u00a0 elei\u00e7\u00f5es municipais, que vale a pena relembrar. Passados quase tr\u00eas anos das elei\u00e7\u00f5es e Elias Lira sentado na cadeira de Prefeito, as perguntas s\u00e3o: a\" data-image=\"http:\/\/www.blogdopilako.com.br\/wp\/wp-content\/uploads\/InformativoAVoz-Edi\u00e7\u00e3o-Especial-Setembro2008.jpg\" data-button=\"none\">\n\t\t\t\t\t<img src=\"\/\/www.linksalpha.com\/images\/social_share_button.png\" alt=\"Share\" class=\"linksalpha_image\" \/>\n\t\t\t\t\t<\/a><script type=\"text\/javascript\" src=\"\/\/www.linksalpha.com\/scripts\/loader_iconbox.js?v=2.4\"><\/script><\/span><\/div>","protected":false},"excerpt":{"rendered":"\n\t\t\t\t<div class=\"mr_social_sharing_wrapper\">\n\t\t\t\t<!-- Social Sharing Toolkit v2.2 --><span class=\"mr_social_sharing_top\"><span style=\"display: inline-block; width: 55px; height: 62px; overflow: hidden;\"><div class=\"fb-like\" data-href=\"https:\/\/www.blogdopilako.com.br\/wp\/2011\/09\/16\/pode-melhorar\/\" data-send=\"false\" data-layout=\"box_count\" data-width=\"55\" data-show-faces=\"false\"><\/div><\/span><\/span><span class=\"mr_social_sharing_top\"><fb:share-button type=\"box_count\" href=\"https:\/\/www.blogdopilako.com.br\/wp\/2011\/09\/16\/pode-melhorar\/\"><\/fb:share-button><\/span><span class=\"mr_social_sharing\"><a rel=\"nofollow\" class=\"linksalpha_button linksalpha_link\" href=\"\/\/www.linksalpha.com\/social\/mobile\" data-url=\"https:\/\/www.blogdopilako.com.br\/wp\/2011\/09\/16\/pode-melhorar\/\" data-text=\"Pode melhorar.\" data-desc=\"Relendo meu arquivo de jornais da cidade, encontrei uma not\u00edcia no Informativo A VOZ de Setembro de 2008, ou seja, as v\u00e9speras \u00a0das\u00a0 elei\u00e7\u00f5es municipais, que vale a pena relembrar. Passados quase tr\u00eas anos das elei\u00e7\u00f5es e Elias Lira sentado na cadeira de Prefeito, as perguntas s\u00e3o: a\" data-image=\"\" data-button=\"none\">\n\t\t\t\t\t<img src=\"\/\/www.linksalpha.com\/images\/social_share_button.png\" alt=\"Share\" class=\"linksalpha_image\" \/>\n\t\t\t\t\t<\/a><script type=\"text\/javascript\" src=\"\/\/www.linksalpha.com\/scripts\/loader_iconbox.js?v=2.4\"><\/script><\/span><\/div><p>Relendo meu arquivo de jornais da cidade, encontrei uma not\u00edcia no Informativo A VOZ de Setembro de 2008, ou seja, as v\u00e9speras \u00a0das\u00a0 elei\u00e7\u00f5es municipais, que vale a pena relembrar. Passados quase tr\u00eas anos das elei\u00e7\u00f5es e Elias Lira sentado &hellip; <a href=\"https:\/\/www.blogdopilako.com.br\/wp\/2011\/09\/16\/pode-melhorar\/\">Continue lendo <span class=\"meta-nav\">&rarr;<\/span><\/a><\/p>\n\n\t\t\t\t<div class=\"mr_social_sharing_wrapper\">\n\t\t\t\t<!-- Social Sharing Toolkit v2.2 --><span class=\"mr_social_sharing_top\"><span style=\"display: inline-block; width: 55px; height: 62px; overflow: hidden;\"><div class=\"fb-like\" data-href=\"https:\/\/www.blogdopilako.com.br\/wp\/2011\/09\/16\/pode-melhorar\/\" data-send=\"false\" data-layout=\"box_count\" data-width=\"55\" data-show-faces=\"false\"><\/div><\/span><\/span><span class=\"mr_social_sharing_top\"><fb:share-button type=\"box_count\" href=\"https:\/\/www.blogdopilako.com.br\/wp\/2011\/09\/16\/pode-melhorar\/\"><\/fb:share-button><\/span><span class=\"mr_social_sharing\"><a rel=\"nofollow\" class=\"linksalpha_button linksalpha_link\" href=\"\/\/www.linksalpha.com\/social\/mobile\" data-url=\"https:\/\/www.blogdopilako.com.br\/wp\/2011\/09\/16\/pode-melhorar\/\" data-text=\"Pode melhorar.\" data-desc=\"Relendo meu arquivo de jornais da cidade, encontrei uma not\u00edcia no Informativo A VOZ de Setembro de 2008, ou seja, as v\u00e9speras \u00a0das\u00a0 elei\u00e7\u00f5es municipais, que vale a pena relembrar. Passados quase tr\u00eas anos das elei\u00e7\u00f5es e Elias Lira sentado na cadeira de Prefeito, as perguntas s\u00e3o: a\" data-image=\"\" data-button=\"none\">\n\t\t\t\t\t<img src=\"\/\/www.linksalpha.com\/images\/social_share_button.png\" alt=\"Share\" class=\"linksalpha_image\" \/>\n\t\t\t\t\t<\/a><script type=\"text\/javascript\" src=\"\/\/www.linksalpha.com\/scripts\/loader_iconbox.js?v=2.4\"><\/script><\/span><\/div>","protected":false},"author":4,"featured_media":0,"comment_status":"open","ping_status":"open","sticky":false,"template":"","format":"standard","meta":[],"categories":[21,22],"tags":[],"_links":{"self":[{"href":"https:\/\/www.blogdopilako.com.br\/wp\/wp-json\/wp\/v2\/posts\/5212"}],"collection":[{"href":"https:\/\/www.blogdopilako.com.br\/wp\/wp-json\/wp\/v2\/posts"}],"about":[{"href":"https:\/\/www.blogdopilako.com.br\/wp\/wp-json\/wp\/v2\/types\/post"}],"author":[{"embeddable":true,"href":"https:\/\/www.blogdopilako.com.br\/wp\/wp-json\/wp\/v2\/users\/4"}],"replies":[{"embeddable":true,"href":"https:\/\/www.blogdopilako.com.br\/wp\/wp-json\/wp\/v2\/comments?post=5212"}],"version-history":[{"count":6,"href":"https:\/\/www.blogdopilako.com.br\/wp\/wp-json\/wp\/v2\/posts\/5212\/revisions"}],"predecessor-version":[{"id":5411,"href":"https:\/\/www.blogdopilako.com.br\/wp\/wp-json\/wp\/v2\/posts\/5212\/revisions\/5411"}],"wp:attachment":[{"href":"https:\/\/www.blogdopilako.com.br\/wp\/wp-json\/wp\/v2\/media?parent=5212"}],"wp:term":[{"taxonomy":"category","embeddable":true,"href":"https:\/\/www.blogdopilako.com.br\/wp\/wp-json\/wp\/v2\/categories?post=5212"},{"taxonomy":"post_tag","embeddable":true,"href":"https:\/\/www.blogdopilako.com.br\/wp\/wp-json\/wp\/v2\/tags?post=5212"}],"curies":[{"name":"wp","href":"https:\/\/api.w.org\/{rel}","templated":true}]}}