{"id":36056,"date":"2013-02-04T18:30:19","date_gmt":"2013-02-04T21:30:19","guid":{"rendered":"http:\/\/www.blogdopilako.com.br\/wp\/?p=36056"},"modified":"2013-02-04T18:30:19","modified_gmt":"2013-02-04T21:30:19","slug":"vitoria-e-toda-carnaval-3","status":"publish","type":"post","link":"https:\/\/www.blogdopilako.com.br\/wp\/2013\/02\/04\/vitoria-e-toda-carnaval-3\/","title":{"rendered":"Vit\u00f3ria \u00e9 Toda Carnaval"},"content":{"rendered":"\n\t\t\t\t<div class=\"mr_social_sharing_wrapper\">\n\t\t\t\t<!-- Social Sharing Toolkit v2.2 --><span class=\"mr_social_sharing_top\"><span style=\"display: inline-block; width: 55px; height: 62px; overflow: hidden;\"><div class=\"fb-like\" data-href=\"https:\/\/www.blogdopilako.com.br\/wp\/2013\/02\/04\/vitoria-e-toda-carnaval-3\/\" data-send=\"false\" data-layout=\"box_count\" data-width=\"55\" data-show-faces=\"false\"><\/div><\/span><\/span><span class=\"mr_social_sharing_top\"><fb:share-button type=\"box_count\" href=\"https:\/\/www.blogdopilako.com.br\/wp\/2013\/02\/04\/vitoria-e-toda-carnaval-3\/\"><\/fb:share-button><\/span><span class=\"mr_social_sharing\"><a rel=\"nofollow\" class=\"linksalpha_button linksalpha_link\" href=\"\/\/www.linksalpha.com\/social\/mobile\" data-url=\"https:\/\/www.blogdopilako.com.br\/wp\/2013\/02\/04\/vitoria-e-toda-carnaval-3\/\" data-text=\"Vit\u00f3ria \u00e9 Toda Carnaval\" data-desc=\"Avisamos aos nossos amigos, clicados\u00a0pelas lentes do\u00a0Blog do Pilako durante a semana pr\u00e9-carnavalesca, que iremos postar as fotos e v\u00eddeos ao decorrer desta semana. Portanto, fiquem ligados no nosso Jornal Eletr\u00f4nico, at\u00e9 quarta-feira de cinzas chegar, a \u201cpisada\u201d \u00e9 essa, ou seja, VIT\u00d3RIA\" data-image=\"\" data-button=\"none\">\n\t\t\t\t\t<img src=\"\/\/www.linksalpha.com\/images\/social_share_button.png\" alt=\"Share\" class=\"linksalpha_image\" \/>\n\t\t\t\t\t<\/a><script type=\"text\/javascript\" src=\"\/\/www.linksalpha.com\/scripts\/loader_iconbox.js?v=2.4\"><\/script><\/span><\/div><p style=\"text-align: justify;\">Avisamos aos nossos amigos, clicados\u00a0pelas lentes do\u00a0<strong>Blog do Pilako<\/strong> durante a semana pr\u00e9-carnavalesca, que iremos postar as fotos e v\u00eddeos ao decorrer desta semana. Portanto, fiquem ligados no nosso Jornal Eletr\u00f4nico, at\u00e9 quarta-feira de cinzas chegar, a \u201cpisada\u201d \u00e9 essa, ou seja, <strong>VIT\u00d3RIA \u00c9 TODA CARNAVAL.<\/strong><\/p>\n<p style=\"text-align: justify;\">\n\n\t\t\t\t<div class=\"mr_social_sharing_wrapper\">\n\t\t\t\t<!-- Social Sharing Toolkit v2.2 --><span class=\"mr_social_sharing_top\"><span style=\"display: inline-block; width: 55px; height: 62px; overflow: hidden;\"><div class=\"fb-like\" data-href=\"https:\/\/www.blogdopilako.com.br\/wp\/2013\/02\/04\/vitoria-e-toda-carnaval-3\/\" data-send=\"false\" data-layout=\"box_count\" data-width=\"55\" data-show-faces=\"false\"><\/div><\/span><\/span><span class=\"mr_social_sharing_top\"><fb:share-button type=\"box_count\" href=\"https:\/\/www.blogdopilako.com.br\/wp\/2013\/02\/04\/vitoria-e-toda-carnaval-3\/\"><\/fb:share-button><\/span><span class=\"mr_social_sharing\"><a rel=\"nofollow\" class=\"linksalpha_button linksalpha_link\" href=\"\/\/www.linksalpha.com\/social\/mobile\" data-url=\"https:\/\/www.blogdopilako.com.br\/wp\/2013\/02\/04\/vitoria-e-toda-carnaval-3\/\" data-text=\"Vit\u00f3ria \u00e9 Toda Carnaval\" data-desc=\"Avisamos aos nossos amigos, clicados\u00a0pelas lentes do\u00a0Blog do Pilako durante a semana pr\u00e9-carnavalesca, que iremos postar as fotos e v\u00eddeos ao decorrer desta semana. Portanto, fiquem ligados no nosso Jornal Eletr\u00f4nico, at\u00e9 quarta-feira de cinzas chegar, a \u201cpisada\u201d \u00e9 essa, ou seja, VIT\u00d3RIA\" data-image=\"\" data-button=\"none\">\n\t\t\t\t\t<img src=\"\/\/www.linksalpha.com\/images\/social_share_button.png\" alt=\"Share\" class=\"linksalpha_image\" \/>\n\t\t\t\t\t<\/a><script type=\"text\/javascript\" src=\"\/\/www.linksalpha.com\/scripts\/loader_iconbox.js?v=2.4\"><\/script><\/span><\/div>","protected":false},"excerpt":{"rendered":"\n\t\t\t\t<div class=\"mr_social_sharing_wrapper\">\n\t\t\t\t<!-- Social Sharing Toolkit v2.2 --><span class=\"mr_social_sharing_top\"><span style=\"display: inline-block; width: 55px; height: 62px; overflow: hidden;\"><div class=\"fb-like\" data-href=\"https:\/\/www.blogdopilako.com.br\/wp\/2013\/02\/04\/vitoria-e-toda-carnaval-3\/\" data-send=\"false\" data-layout=\"box_count\" data-width=\"55\" data-show-faces=\"false\"><\/div><\/span><\/span><span class=\"mr_social_sharing_top\"><fb:share-button type=\"box_count\" href=\"https:\/\/www.blogdopilako.com.br\/wp\/2013\/02\/04\/vitoria-e-toda-carnaval-3\/\"><\/fb:share-button><\/span><span class=\"mr_social_sharing\"><a rel=\"nofollow\" class=\"linksalpha_button linksalpha_link\" href=\"\/\/www.linksalpha.com\/social\/mobile\" data-url=\"https:\/\/www.blogdopilako.com.br\/wp\/2013\/02\/04\/vitoria-e-toda-carnaval-3\/\" data-text=\"Vit\u00f3ria \u00e9 Toda Carnaval\" data-desc=\"Avisamos aos nossos amigos, clicados\u00a0pelas lentes do\u00a0Blog do Pilako durante a semana pr\u00e9-carnavalesca, que iremos postar as fotos e v\u00eddeos ao decorrer desta semana. Portanto, fiquem ligados no nosso Jornal Eletr\u00f4nico, at\u00e9 quarta-feira de cinzas chegar, a \u201cpisada\u201d \u00e9 essa, ou seja, VIT\u00d3RIA\" data-image=\"\" data-button=\"none\">\n\t\t\t\t\t<img src=\"\/\/www.linksalpha.com\/images\/social_share_button.png\" alt=\"Share\" class=\"linksalpha_image\" \/>\n\t\t\t\t\t<\/a><script type=\"text\/javascript\" src=\"\/\/www.linksalpha.com\/scripts\/loader_iconbox.js?v=2.4\"><\/script><\/span><\/div><p>Avisamos aos nossos amigos, clicados\u00a0pelas lentes do\u00a0Blog do Pilako durante a semana pr\u00e9-carnavalesca, que iremos postar as fotos e v\u00eddeos ao decorrer desta semana. Portanto, fiquem ligados no nosso Jornal Eletr\u00f4nico, at\u00e9 quarta-feira de cinzas chegar, a \u201cpisada\u201d \u00e9 essa, &hellip; <a href=\"https:\/\/www.blogdopilako.com.br\/wp\/2013\/02\/04\/vitoria-e-toda-carnaval-3\/\">Continue lendo <span class=\"meta-nav\">&rarr;<\/span><\/a><\/p>\n\n\t\t\t\t<div class=\"mr_social_sharing_wrapper\">\n\t\t\t\t<!-- Social Sharing Toolkit v2.2 --><span class=\"mr_social_sharing_top\"><span style=\"display: inline-block; width: 55px; height: 62px; overflow: hidden;\"><div class=\"fb-like\" data-href=\"https:\/\/www.blogdopilako.com.br\/wp\/2013\/02\/04\/vitoria-e-toda-carnaval-3\/\" data-send=\"false\" data-layout=\"box_count\" data-width=\"55\" data-show-faces=\"false\"><\/div><\/span><\/span><span class=\"mr_social_sharing_top\"><fb:share-button type=\"box_count\" href=\"https:\/\/www.blogdopilako.com.br\/wp\/2013\/02\/04\/vitoria-e-toda-carnaval-3\/\"><\/fb:share-button><\/span><span class=\"mr_social_sharing\"><a rel=\"nofollow\" class=\"linksalpha_button linksalpha_link\" href=\"\/\/www.linksalpha.com\/social\/mobile\" data-url=\"https:\/\/www.blogdopilako.com.br\/wp\/2013\/02\/04\/vitoria-e-toda-carnaval-3\/\" data-text=\"Vit\u00f3ria \u00e9 Toda Carnaval\" data-desc=\"Avisamos aos nossos amigos, clicados\u00a0pelas lentes do\u00a0Blog do Pilako durante a semana pr\u00e9-carnavalesca, que iremos postar as fotos e v\u00eddeos ao decorrer desta semana. Portanto, fiquem ligados no nosso Jornal Eletr\u00f4nico, at\u00e9 quarta-feira de cinzas chegar, a \u201cpisada\u201d \u00e9 essa, ou seja, VIT\u00d3RIA\" data-image=\"\" data-button=\"none\">\n\t\t\t\t\t<img src=\"\/\/www.linksalpha.com\/images\/social_share_button.png\" alt=\"Share\" class=\"linksalpha_image\" \/>\n\t\t\t\t\t<\/a><script type=\"text\/javascript\" src=\"\/\/www.linksalpha.com\/scripts\/loader_iconbox.js?v=2.4\"><\/script><\/span><\/div>","protected":false},"author":4,"featured_media":0,"comment_status":"open","ping_status":"open","sticky":false,"template":"","format":"standard","meta":[],"categories":[22],"tags":[],"_links":{"self":[{"href":"https:\/\/www.blogdopilako.com.br\/wp\/wp-json\/wp\/v2\/posts\/36056"}],"collection":[{"href":"https:\/\/www.blogdopilako.com.br\/wp\/wp-json\/wp\/v2\/posts"}],"about":[{"href":"https:\/\/www.blogdopilako.com.br\/wp\/wp-json\/wp\/v2\/types\/post"}],"author":[{"embeddable":true,"href":"https:\/\/www.blogdopilako.com.br\/wp\/wp-json\/wp\/v2\/users\/4"}],"replies":[{"embeddable":true,"href":"https:\/\/www.blogdopilako.com.br\/wp\/wp-json\/wp\/v2\/comments?post=36056"}],"version-history":[{"count":4,"href":"https:\/\/www.blogdopilako.com.br\/wp\/wp-json\/wp\/v2\/posts\/36056\/revisions"}],"predecessor-version":[{"id":36434,"href":"https:\/\/www.blogdopilako.com.br\/wp\/wp-json\/wp\/v2\/posts\/36056\/revisions\/36434"}],"wp:attachment":[{"href":"https:\/\/www.blogdopilako.com.br\/wp\/wp-json\/wp\/v2\/media?parent=36056"}],"wp:term":[{"taxonomy":"category","embeddable":true,"href":"https:\/\/www.blogdopilako.com.br\/wp\/wp-json\/wp\/v2\/categories?post=36056"},{"taxonomy":"post_tag","embeddable":true,"href":"https:\/\/www.blogdopilako.com.br\/wp\/wp-json\/wp\/v2\/tags?post=36056"}],"curies":[{"name":"wp","href":"https:\/\/api.w.org\/{rel}","templated":true}]}}