{"id":36048,"date":"2013-02-04T17:42:22","date_gmt":"2013-02-04T20:42:22","guid":{"rendered":"http:\/\/www.blogdopilako.com.br\/wp\/?p=36048"},"modified":"2013-02-04T17:42:22","modified_gmt":"2013-02-04T20:42:22","slug":"adrenalina-em-folia-nas-ruas-da-vitoria","status":"publish","type":"post","link":"https:\/\/www.blogdopilako.com.br\/wp\/2013\/02\/04\/adrenalina-em-folia-nas-ruas-da-vitoria\/","title":{"rendered":"ADRENALINA EM FOLIA nas ruas da Vit\u00f3ria."},"content":{"rendered":"\n\t\t\t\t<div class=\"mr_social_sharing_wrapper\">\n\t\t\t\t<!-- Social Sharing Toolkit v2.2 --><span class=\"mr_social_sharing_top\"><span style=\"display: inline-block; width: 55px; height: 62px; overflow: hidden;\"><div class=\"fb-like\" data-href=\"https:\/\/www.blogdopilako.com.br\/wp\/2013\/02\/04\/adrenalina-em-folia-nas-ruas-da-vitoria\/\" data-send=\"false\" data-layout=\"box_count\" data-width=\"55\" data-show-faces=\"false\"><\/div><\/span><\/span><span class=\"mr_social_sharing_top\"><fb:share-button type=\"box_count\" href=\"https:\/\/www.blogdopilako.com.br\/wp\/2013\/02\/04\/adrenalina-em-folia-nas-ruas-da-vitoria\/\"><\/fb:share-button><\/span><span class=\"mr_social_sharing\"><a rel=\"nofollow\" class=\"linksalpha_button linksalpha_link\" href=\"\/\/www.linksalpha.com\/social\/mobile\" data-url=\"https:\/\/www.blogdopilako.com.br\/wp\/2013\/02\/04\/adrenalina-em-folia-nas-ruas-da-vitoria\/\" data-text=\"ADRENALINA EM FOLIA nas ruas da Vit\u00f3ria.\" data-desc=\"Nossas lentes registraram o momento de passagem da Agremia\u00e7\u00e3o Carnavalesca ADRENALINA EM FOLIA, pela Pra\u00e7a da Matriz. Tocando o aut\u00eantico ritmo pernambucano, o \u201csenhor FREVO\u201d, a Orquestra manteve os foli\u00f5es animados durante o regresso ao bairro do Livramento.\" data-image=\"http:\/\/www.blogdopilako.com.br\/wp\/wp-content\/uploads\/adrenalina.jpg\" data-button=\"none\">\n\t\t\t\t\t<img src=\"\/\/www.linksalpha.com\/images\/social_share_button.png\" alt=\"Share\" class=\"linksalpha_image\" \/>\n\t\t\t\t\t<\/a><script type=\"text\/javascript\" src=\"\/\/www.linksalpha.com\/scripts\/loader_iconbox.js?v=2.4\"><\/script><\/span><\/div><p style=\"text-align: justify;\"><a href=\"http:\/\/www.blogdopilako.com.br\/wp\/wp-content\/uploads\/adrenalina.jpg\"><img loading=\"lazy\" class=\"aligncenter size-full wp-image-36397\" alt=\"adrenalina\" src=\"http:\/\/www.blogdopilako.com.br\/wp\/wp-content\/uploads\/adrenalina.jpg\" width=\"550\" height=\"411\" \/><\/a><\/p>\n<p style=\"text-align: justify;\">Nossas lentes registraram o momento de passagem da Agremia\u00e7\u00e3o Carnavalesca <strong>ADRENALINA EM FOLIA<\/strong>, pela Pra\u00e7a da Matriz. Tocando o aut\u00eantico ritmo pernambucano, o \u201csenhor FREVO\u201d, a Orquestra manteve os foli\u00f5es animados durante o regresso ao bairro do Livramento.<\/p>\n<p style=\"text-align: justify;\"><a href=\"http:\/\/www.blogdopilako.com.br\/wp\/wp-content\/uploads\/adrenalina2.jpg\"><img loading=\"lazy\" class=\"aligncenter size-full wp-image-36398\" alt=\"adrenalina2\" src=\"http:\/\/www.blogdopilako.com.br\/wp\/wp-content\/uploads\/adrenalina2.jpg\" width=\"588\" height=\"439\" \/><\/a><\/p>\n<p><object width=\"600\" height=\"338\" classid=\"clsid:d27cdb6e-ae6d-11cf-96b8-444553540000\" codebase=\"http:\/\/download.macromedia.com\/pub\/shockwave\/cabs\/flash\/swflash.cab#version=6,0,40,0\"><param name=\"allowFullScreen\" value=\"true\" \/><param name=\"allowscriptaccess\" value=\"always\" \/><param name=\"src\" value=\"http:\/\/www.youtube.com\/v\/txTrT-Bqt4I?hl=pt_BR&amp;version=3\" \/><param name=\"allowfullscreen\" value=\"true\" \/><embed width=\"600\" height=\"338\" type=\"application\/x-shockwave-flash\" src=\"http:\/\/www.youtube.com\/v\/txTrT-Bqt4I?hl=pt_BR&amp;version=3\" allowFullScreen=\"true\" allowscriptaccess=\"always\" allowfullscreen=\"true\" \/><\/object><\/p>\n\n\t\t\t\t<div class=\"mr_social_sharing_wrapper\">\n\t\t\t\t<!-- Social Sharing Toolkit v2.2 --><span class=\"mr_social_sharing_top\"><span style=\"display: inline-block; width: 55px; height: 62px; overflow: hidden;\"><div class=\"fb-like\" data-href=\"https:\/\/www.blogdopilako.com.br\/wp\/2013\/02\/04\/adrenalina-em-folia-nas-ruas-da-vitoria\/\" data-send=\"false\" data-layout=\"box_count\" data-width=\"55\" data-show-faces=\"false\"><\/div><\/span><\/span><span class=\"mr_social_sharing_top\"><fb:share-button type=\"box_count\" href=\"https:\/\/www.blogdopilako.com.br\/wp\/2013\/02\/04\/adrenalina-em-folia-nas-ruas-da-vitoria\/\"><\/fb:share-button><\/span><span class=\"mr_social_sharing\"><a rel=\"nofollow\" class=\"linksalpha_button linksalpha_link\" href=\"\/\/www.linksalpha.com\/social\/mobile\" data-url=\"https:\/\/www.blogdopilako.com.br\/wp\/2013\/02\/04\/adrenalina-em-folia-nas-ruas-da-vitoria\/\" data-text=\"ADRENALINA EM FOLIA nas ruas da Vit\u00f3ria.\" data-desc=\"Nossas lentes registraram o momento de passagem da Agremia\u00e7\u00e3o Carnavalesca ADRENALINA EM FOLIA, pela Pra\u00e7a da Matriz. Tocando o aut\u00eantico ritmo pernambucano, o \u201csenhor FREVO\u201d, a Orquestra manteve os foli\u00f5es animados durante o regresso ao bairro do Livramento.\" data-image=\"http:\/\/www.blogdopilako.com.br\/wp\/wp-content\/uploads\/adrenalina.jpg\" data-button=\"none\">\n\t\t\t\t\t<img src=\"\/\/www.linksalpha.com\/images\/social_share_button.png\" alt=\"Share\" class=\"linksalpha_image\" \/>\n\t\t\t\t\t<\/a><script type=\"text\/javascript\" src=\"\/\/www.linksalpha.com\/scripts\/loader_iconbox.js?v=2.4\"><\/script><\/span><\/div>","protected":false},"excerpt":{"rendered":"\n\t\t\t\t<div class=\"mr_social_sharing_wrapper\">\n\t\t\t\t<!-- Social Sharing Toolkit v2.2 --><span class=\"mr_social_sharing_top\"><span style=\"display: inline-block; width: 55px; height: 62px; overflow: hidden;\"><div class=\"fb-like\" data-href=\"https:\/\/www.blogdopilako.com.br\/wp\/2013\/02\/04\/adrenalina-em-folia-nas-ruas-da-vitoria\/\" data-send=\"false\" data-layout=\"box_count\" data-width=\"55\" data-show-faces=\"false\"><\/div><\/span><\/span><span class=\"mr_social_sharing_top\"><fb:share-button type=\"box_count\" href=\"https:\/\/www.blogdopilako.com.br\/wp\/2013\/02\/04\/adrenalina-em-folia-nas-ruas-da-vitoria\/\"><\/fb:share-button><\/span><span class=\"mr_social_sharing\"><a rel=\"nofollow\" class=\"linksalpha_button linksalpha_link\" href=\"\/\/www.linksalpha.com\/social\/mobile\" data-url=\"https:\/\/www.blogdopilako.com.br\/wp\/2013\/02\/04\/adrenalina-em-folia-nas-ruas-da-vitoria\/\" data-text=\"ADRENALINA EM FOLIA nas ruas da Vit\u00f3ria.\" data-desc=\"Nossas lentes registraram o momento de passagem da Agremia\u00e7\u00e3o Carnavalesca ADRENALINA EM FOLIA, pela Pra\u00e7a da Matriz. Tocando o aut\u00eantico ritmo pernambucano, o \u201csenhor FREVO\u201d, a Orquestra manteve os foli\u00f5es animados durante o regresso ao bairro do Livramento.\" data-image=\"\" data-button=\"none\">\n\t\t\t\t\t<img src=\"\/\/www.linksalpha.com\/images\/social_share_button.png\" alt=\"Share\" class=\"linksalpha_image\" \/>\n\t\t\t\t\t<\/a><script type=\"text\/javascript\" src=\"\/\/www.linksalpha.com\/scripts\/loader_iconbox.js?v=2.4\"><\/script><\/span><\/div><p>Nossas lentes registraram o momento de passagem da Agremia\u00e7\u00e3o Carnavalesca ADRENALINA EM FOLIA, pela Pra\u00e7a da Matriz. Tocando o aut\u00eantico ritmo pernambucano, o \u201csenhor FREVO\u201d, a Orquestra manteve os foli\u00f5es animados durante o regresso ao bairro do Livramento.<\/p>\n\n\t\t\t\t<div class=\"mr_social_sharing_wrapper\">\n\t\t\t\t<!-- Social Sharing Toolkit v2.2 --><span class=\"mr_social_sharing_top\"><span style=\"display: inline-block; width: 55px; height: 62px; overflow: hidden;\"><div class=\"fb-like\" data-href=\"https:\/\/www.blogdopilako.com.br\/wp\/2013\/02\/04\/adrenalina-em-folia-nas-ruas-da-vitoria\/\" data-send=\"false\" data-layout=\"box_count\" data-width=\"55\" data-show-faces=\"false\"><\/div><\/span><\/span><span class=\"mr_social_sharing_top\"><fb:share-button type=\"box_count\" href=\"https:\/\/www.blogdopilako.com.br\/wp\/2013\/02\/04\/adrenalina-em-folia-nas-ruas-da-vitoria\/\"><\/fb:share-button><\/span><span class=\"mr_social_sharing\"><a rel=\"nofollow\" class=\"linksalpha_button linksalpha_link\" href=\"\/\/www.linksalpha.com\/social\/mobile\" data-url=\"https:\/\/www.blogdopilako.com.br\/wp\/2013\/02\/04\/adrenalina-em-folia-nas-ruas-da-vitoria\/\" data-text=\"ADRENALINA EM FOLIA nas ruas da Vit\u00f3ria.\" data-desc=\"Nossas lentes registraram o momento de passagem da Agremia\u00e7\u00e3o Carnavalesca ADRENALINA EM FOLIA, pela Pra\u00e7a da Matriz. Tocando o aut\u00eantico ritmo pernambucano, o \u201csenhor FREVO\u201d, a Orquestra manteve os foli\u00f5es animados durante o regresso ao bairro do Livramento.\" data-image=\"\" data-button=\"none\">\n\t\t\t\t\t<img src=\"\/\/www.linksalpha.com\/images\/social_share_button.png\" alt=\"Share\" class=\"linksalpha_image\" \/>\n\t\t\t\t\t<\/a><script type=\"text\/javascript\" src=\"\/\/www.linksalpha.com\/scripts\/loader_iconbox.js?v=2.4\"><\/script><\/span><\/div>","protected":false},"author":4,"featured_media":0,"comment_status":"open","ping_status":"open","sticky":false,"template":"","format":"standard","meta":[],"categories":[22],"tags":[],"_links":{"self":[{"href":"https:\/\/www.blogdopilako.com.br\/wp\/wp-json\/wp\/v2\/posts\/36048"}],"collection":[{"href":"https:\/\/www.blogdopilako.com.br\/wp\/wp-json\/wp\/v2\/posts"}],"about":[{"href":"https:\/\/www.blogdopilako.com.br\/wp\/wp-json\/wp\/v2\/types\/post"}],"author":[{"embeddable":true,"href":"https:\/\/www.blogdopilako.com.br\/wp\/wp-json\/wp\/v2\/users\/4"}],"replies":[{"embeddable":true,"href":"https:\/\/www.blogdopilako.com.br\/wp\/wp-json\/wp\/v2\/comments?post=36048"}],"version-history":[{"count":4,"href":"https:\/\/www.blogdopilako.com.br\/wp\/wp-json\/wp\/v2\/posts\/36048\/revisions"}],"predecessor-version":[{"id":36400,"href":"https:\/\/www.blogdopilako.com.br\/wp\/wp-json\/wp\/v2\/posts\/36048\/revisions\/36400"}],"wp:attachment":[{"href":"https:\/\/www.blogdopilako.com.br\/wp\/wp-json\/wp\/v2\/media?parent=36048"}],"wp:term":[{"taxonomy":"category","embeddable":true,"href":"https:\/\/www.blogdopilako.com.br\/wp\/wp-json\/wp\/v2\/categories?post=36048"},{"taxonomy":"post_tag","embeddable":true,"href":"https:\/\/www.blogdopilako.com.br\/wp\/wp-json\/wp\/v2\/tags?post=36048"}],"curies":[{"name":"wp","href":"https:\/\/api.w.org\/{rel}","templated":true}]}}