{"id":35860,"date":"2013-02-01T16:09:34","date_gmt":"2013-02-01T19:09:34","guid":{"rendered":"http:\/\/www.blogdopilako.com.br\/wp\/?p=35860"},"modified":"2013-02-01T16:40:22","modified_gmt":"2013-02-01T19:40:22","slug":"abtv-2013-programacao-do-carnaval","status":"publish","type":"post","link":"https:\/\/www.blogdopilako.com.br\/wp\/2013\/02\/01\/abtv-2013-programacao-do-carnaval\/","title":{"rendered":"ABTV 2013: Programa\u00e7\u00e3o do Carnaval"},"content":{"rendered":"\n\t\t\t\t<div class=\"mr_social_sharing_wrapper\">\n\t\t\t\t<!-- Social Sharing Toolkit v2.2 --><span class=\"mr_social_sharing_top\"><span style=\"display: inline-block; width: 55px; height: 62px; overflow: hidden;\"><div class=\"fb-like\" data-href=\"https:\/\/www.blogdopilako.com.br\/wp\/2013\/02\/01\/abtv-2013-programacao-do-carnaval\/\" data-send=\"false\" data-layout=\"box_count\" data-width=\"55\" data-show-faces=\"false\"><\/div><\/span><\/span><span class=\"mr_social_sharing_top\"><fb:share-button type=\"box_count\" href=\"https:\/\/www.blogdopilako.com.br\/wp\/2013\/02\/01\/abtv-2013-programacao-do-carnaval\/\"><\/fb:share-button><\/span><span class=\"mr_social_sharing\"><a rel=\"nofollow\" class=\"linksalpha_button linksalpha_link\" href=\"\/\/www.linksalpha.com\/social\/mobile\" data-url=\"https:\/\/www.blogdopilako.com.br\/wp\/2013\/02\/01\/abtv-2013-programacao-do-carnaval\/\" data-text=\"ABTV 2013: Programa\u00e7\u00e3o do Carnaval\" data-desc=\"Nota importante! A Diretoria da\u00a0ABTV\u00a0(Associa\u00e7\u00e3o dos Blocos de Trios da Vit\u00f3ria) comunica aos foli\u00f5es vitorienses, que este ano, por raz\u00f5es t\u00e9cnicas de controle estabelecidas por \u00f3rg\u00e3os governamentais, as agremia\u00e7\u00f5es filadas\u00a0n\u00e3o ir\u00e3o promover as tradicionais \u00a0queimas de fogos de\" data-image=\"http:\/\/www.blogdopilako.com.br\/wp\/wp-content\/uploads\/abtv3.jpg\" data-button=\"none\">\n\t\t\t\t\t<img src=\"\/\/www.linksalpha.com\/images\/social_share_button.png\" alt=\"Share\" class=\"linksalpha_image\" \/>\n\t\t\t\t\t<\/a><script type=\"text\/javascript\" src=\"\/\/www.linksalpha.com\/scripts\/loader_iconbox.js?v=2.4\"><\/script><\/span><\/div><p><a href=\"http:\/\/www.blogdopilako.com.br\/wp\/wp-content\/uploads\/abtv3.jpg\"><img loading=\"lazy\" class=\"aligncenter size-full wp-image-12083\" alt=\"abtv\" src=\"http:\/\/www.blogdopilako.com.br\/wp\/wp-content\/uploads\/abtv3.jpg\" width=\"491\" height=\"270\" \/><\/a><\/p>\n<p style=\"text-align: justify;\"><a href=\"http:\/\/www.blogdopilako.com.br\/wp\/wp-content\/uploads\/programacao2.jpg\"><img loading=\"lazy\" class=\"aligncenter size-full wp-image-35942\" alt=\"programacao2\" src=\"http:\/\/www.blogdopilako.com.br\/wp\/wp-content\/uploads\/programacao2.jpg\" width=\"742\" height=\"455\" \/><\/a><\/p>\n<p style=\"text-align: justify;\"><span style=\"color: #0000ff;\"><strong>Nota importante!<\/strong><\/span><\/p>\n<p style=\"text-align: justify;\"><span style=\"color: #0000ff;\">A Diretoria da\u00a0<strong>ABTV<\/strong>\u00a0(Associa\u00e7\u00e3o dos Blocos de Trios da Vit\u00f3ria) comunica aos foli\u00f5es vitorienses, que este ano, por raz\u00f5es t\u00e9cnicas de controle estabelecidas por \u00f3rg\u00e3os governamentais, as agremia\u00e7\u00f5es filadas<strong>\u00a0n\u00e3o ir\u00e3o promover as tradicionais \u00a0queimas de fogos de artif\u00edcios<\/strong>\u00a0no in\u00edcio dos seus desfiles.<\/span><\/p>\n<p style=\"text-align: justify;\"><span style=\"color: #0000ff;\">Sendo assim, os foli\u00f5es dever\u00e3o ficar atentos aos hor\u00e1rios programados para o in\u00edcio dos desfiles.<\/span><\/p>\n<p style=\"text-align: center;\"><span style=\"color: #0000ff;\"><em><strong>Charles Rom\u00e3o<br \/>\n<\/strong>Presidente<strong><\/strong><\/em><\/span><\/p>\n<p style=\"text-align: center;\">Agremia\u00e7\u00f5es Filiadas<\/p>\n<p style=\"text-align: center;\"><span style=\"color: #0000ff;\"><strong>VIRGENS &#8211; BABY ALEGRIA- FERA- PAPA-L\u00c9GUAS &#8211;<br \/>\nGIRAFA &#8211; SAUDADE &#8211; ALMAS FORMOSAS &#8211; CEBOLA &#8211; CLUBE DOS 30.<\/strong><\/span><\/p>\n\n\t\t\t\t<div class=\"mr_social_sharing_wrapper\">\n\t\t\t\t<!-- Social Sharing Toolkit v2.2 --><span class=\"mr_social_sharing_top\"><span style=\"display: inline-block; width: 55px; height: 62px; overflow: hidden;\"><div class=\"fb-like\" data-href=\"https:\/\/www.blogdopilako.com.br\/wp\/2013\/02\/01\/abtv-2013-programacao-do-carnaval\/\" data-send=\"false\" data-layout=\"box_count\" data-width=\"55\" data-show-faces=\"false\"><\/div><\/span><\/span><span class=\"mr_social_sharing_top\"><fb:share-button type=\"box_count\" href=\"https:\/\/www.blogdopilako.com.br\/wp\/2013\/02\/01\/abtv-2013-programacao-do-carnaval\/\"><\/fb:share-button><\/span><span class=\"mr_social_sharing\"><a rel=\"nofollow\" class=\"linksalpha_button linksalpha_link\" href=\"\/\/www.linksalpha.com\/social\/mobile\" data-url=\"https:\/\/www.blogdopilako.com.br\/wp\/2013\/02\/01\/abtv-2013-programacao-do-carnaval\/\" data-text=\"ABTV 2013: Programa\u00e7\u00e3o do Carnaval\" data-desc=\"Nota importante! A Diretoria da\u00a0ABTV\u00a0(Associa\u00e7\u00e3o dos Blocos de Trios da Vit\u00f3ria) comunica aos foli\u00f5es vitorienses, que este ano, por raz\u00f5es t\u00e9cnicas de controle estabelecidas por \u00f3rg\u00e3os governamentais, as agremia\u00e7\u00f5es filadas\u00a0n\u00e3o ir\u00e3o promover as tradicionais \u00a0queimas de fogos de\" data-image=\"http:\/\/www.blogdopilako.com.br\/wp\/wp-content\/uploads\/abtv3.jpg\" data-button=\"none\">\n\t\t\t\t\t<img src=\"\/\/www.linksalpha.com\/images\/social_share_button.png\" alt=\"Share\" class=\"linksalpha_image\" \/>\n\t\t\t\t\t<\/a><script type=\"text\/javascript\" src=\"\/\/www.linksalpha.com\/scripts\/loader_iconbox.js?v=2.4\"><\/script><\/span><\/div>","protected":false},"excerpt":{"rendered":"\n\t\t\t\t<div class=\"mr_social_sharing_wrapper\">\n\t\t\t\t<!-- Social Sharing Toolkit v2.2 --><span class=\"mr_social_sharing_top\"><span style=\"display: inline-block; width: 55px; height: 62px; overflow: hidden;\"><div class=\"fb-like\" data-href=\"https:\/\/www.blogdopilako.com.br\/wp\/2013\/02\/01\/abtv-2013-programacao-do-carnaval\/\" data-send=\"false\" data-layout=\"box_count\" data-width=\"55\" data-show-faces=\"false\"><\/div><\/span><\/span><span class=\"mr_social_sharing_top\"><fb:share-button type=\"box_count\" href=\"https:\/\/www.blogdopilako.com.br\/wp\/2013\/02\/01\/abtv-2013-programacao-do-carnaval\/\"><\/fb:share-button><\/span><span class=\"mr_social_sharing\"><a rel=\"nofollow\" class=\"linksalpha_button linksalpha_link\" href=\"\/\/www.linksalpha.com\/social\/mobile\" data-url=\"https:\/\/www.blogdopilako.com.br\/wp\/2013\/02\/01\/abtv-2013-programacao-do-carnaval\/\" data-text=\"ABTV 2013: Programa\u00e7\u00e3o do Carnaval\" data-desc=\"Nota importante! A Diretoria da\u00a0ABTV\u00a0(Associa\u00e7\u00e3o dos Blocos de Trios da Vit\u00f3ria) comunica aos foli\u00f5es vitorienses, que este ano, por raz\u00f5es t\u00e9cnicas de controle estabelecidas por \u00f3rg\u00e3os governamentais, as agremia\u00e7\u00f5es filadas\u00a0n\u00e3o ir\u00e3o promover as tradicionais \u00a0queimas de fogos de\" data-image=\"\" data-button=\"none\">\n\t\t\t\t\t<img src=\"\/\/www.linksalpha.com\/images\/social_share_button.png\" alt=\"Share\" class=\"linksalpha_image\" \/>\n\t\t\t\t\t<\/a><script type=\"text\/javascript\" src=\"\/\/www.linksalpha.com\/scripts\/loader_iconbox.js?v=2.4\"><\/script><\/span><\/div><p>Nota importante! A Diretoria da\u00a0ABTV\u00a0(Associa\u00e7\u00e3o dos Blocos de Trios da Vit\u00f3ria) comunica aos foli\u00f5es vitorienses, que este ano, por raz\u00f5es t\u00e9cnicas de controle estabelecidas por \u00f3rg\u00e3os governamentais, as agremia\u00e7\u00f5es filadas\u00a0n\u00e3o ir\u00e3o promover as tradicionais \u00a0queimas de fogos de artif\u00edcios\u00a0no in\u00edcio &hellip; <a href=\"https:\/\/www.blogdopilako.com.br\/wp\/2013\/02\/01\/abtv-2013-programacao-do-carnaval\/\">Continue lendo <span class=\"meta-nav\">&rarr;<\/span><\/a><\/p>\n\n\t\t\t\t<div class=\"mr_social_sharing_wrapper\">\n\t\t\t\t<!-- Social Sharing Toolkit v2.2 --><span class=\"mr_social_sharing_top\"><span style=\"display: inline-block; width: 55px; height: 62px; overflow: hidden;\"><div class=\"fb-like\" data-href=\"https:\/\/www.blogdopilako.com.br\/wp\/2013\/02\/01\/abtv-2013-programacao-do-carnaval\/\" data-send=\"false\" data-layout=\"box_count\" data-width=\"55\" data-show-faces=\"false\"><\/div><\/span><\/span><span class=\"mr_social_sharing_top\"><fb:share-button type=\"box_count\" href=\"https:\/\/www.blogdopilako.com.br\/wp\/2013\/02\/01\/abtv-2013-programacao-do-carnaval\/\"><\/fb:share-button><\/span><span class=\"mr_social_sharing\"><a rel=\"nofollow\" class=\"linksalpha_button linksalpha_link\" href=\"\/\/www.linksalpha.com\/social\/mobile\" data-url=\"https:\/\/www.blogdopilako.com.br\/wp\/2013\/02\/01\/abtv-2013-programacao-do-carnaval\/\" data-text=\"ABTV 2013: Programa\u00e7\u00e3o do Carnaval\" data-desc=\"Nota importante! A Diretoria da\u00a0ABTV\u00a0(Associa\u00e7\u00e3o dos Blocos de Trios da Vit\u00f3ria) comunica aos foli\u00f5es vitorienses, que este ano, por raz\u00f5es t\u00e9cnicas de controle estabelecidas por \u00f3rg\u00e3os governamentais, as agremia\u00e7\u00f5es filadas\u00a0n\u00e3o ir\u00e3o promover as tradicionais \u00a0queimas de fogos de\" data-image=\"\" data-button=\"none\">\n\t\t\t\t\t<img src=\"\/\/www.linksalpha.com\/images\/social_share_button.png\" alt=\"Share\" class=\"linksalpha_image\" \/>\n\t\t\t\t\t<\/a><script type=\"text\/javascript\" src=\"\/\/www.linksalpha.com\/scripts\/loader_iconbox.js?v=2.4\"><\/script><\/span><\/div>","protected":false},"author":4,"featured_media":0,"comment_status":"open","ping_status":"open","sticky":false,"template":"","format":"standard","meta":[],"categories":[22],"tags":[],"_links":{"self":[{"href":"https:\/\/www.blogdopilako.com.br\/wp\/wp-json\/wp\/v2\/posts\/35860"}],"collection":[{"href":"https:\/\/www.blogdopilako.com.br\/wp\/wp-json\/wp\/v2\/posts"}],"about":[{"href":"https:\/\/www.blogdopilako.com.br\/wp\/wp-json\/wp\/v2\/types\/post"}],"author":[{"embeddable":true,"href":"https:\/\/www.blogdopilako.com.br\/wp\/wp-json\/wp\/v2\/users\/4"}],"replies":[{"embeddable":true,"href":"https:\/\/www.blogdopilako.com.br\/wp\/wp-json\/wp\/v2\/comments?post=35860"}],"version-history":[{"count":10,"href":"https:\/\/www.blogdopilako.com.br\/wp\/wp-json\/wp\/v2\/posts\/35860\/revisions"}],"predecessor-version":[{"id":35940,"href":"https:\/\/www.blogdopilako.com.br\/wp\/wp-json\/wp\/v2\/posts\/35860\/revisions\/35940"}],"wp:attachment":[{"href":"https:\/\/www.blogdopilako.com.br\/wp\/wp-json\/wp\/v2\/media?parent=35860"}],"wp:term":[{"taxonomy":"category","embeddable":true,"href":"https:\/\/www.blogdopilako.com.br\/wp\/wp-json\/wp\/v2\/categories?post=35860"},{"taxonomy":"post_tag","embeddable":true,"href":"https:\/\/www.blogdopilako.com.br\/wp\/wp-json\/wp\/v2\/tags?post=35860"}],"curies":[{"name":"wp","href":"https:\/\/api.w.org\/{rel}","templated":true}]}}