{"id":35250,"date":"2013-01-24T14:41:19","date_gmt":"2013-01-24T17:41:19","guid":{"rendered":"http:\/\/www.blogdopilako.com.br\/wp\/?p=35250"},"modified":"2013-01-24T14:41:19","modified_gmt":"2013-01-24T17:41:19","slug":"falando-em-folia-jose-edalvo","status":"publish","type":"post","link":"https:\/\/www.blogdopilako.com.br\/wp\/2013\/01\/24\/falando-em-folia-jose-edalvo\/","title":{"rendered":"Falando em Folia: Jos\u00e9 Edalvo"},"content":{"rendered":"\n\t\t\t\t<div class=\"mr_social_sharing_wrapper\">\n\t\t\t\t<!-- Social Sharing Toolkit v2.2 --><span class=\"mr_social_sharing_top\"><span style=\"display: inline-block; width: 55px; height: 62px; overflow: hidden;\"><div class=\"fb-like\" data-href=\"https:\/\/www.blogdopilako.com.br\/wp\/2013\/01\/24\/falando-em-folia-jose-edalvo\/\" data-send=\"false\" data-layout=\"box_count\" data-width=\"55\" data-show-faces=\"false\"><\/div><\/span><\/span><span class=\"mr_social_sharing_top\"><fb:share-button type=\"box_count\" href=\"https:\/\/www.blogdopilako.com.br\/wp\/2013\/01\/24\/falando-em-folia-jose-edalvo\/\"><\/fb:share-button><\/span><span class=\"mr_social_sharing\"><a rel=\"nofollow\" class=\"linksalpha_button linksalpha_link\" href=\"\/\/www.linksalpha.com\/social\/mobile\" data-url=\"https:\/\/www.blogdopilako.com.br\/wp\/2013\/01\/24\/falando-em-folia-jose-edalvo\/\" data-text=\"Falando em Folia: Jos\u00e9 Edalvo\" data-desc=\"Segundo o Jornalista Jos\u00e9 Edalvo, o \u201cmundo vitorienses\u201d se transforma para celebrar o carnaval, at\u00e9 porque, segundo o amigo Edalvo, a festa de MOMO est\u00e1 na alma do povo da Rep\u00fablica das Tabocas, baseado nisso o jornalista afirma: \"O carnaval 2013 ser\u00e1 bom.\" Assista:\" data-image=\"\" data-button=\"none\">\n\t\t\t\t\t<img src=\"\/\/www.linksalpha.com\/images\/social_share_button.png\" alt=\"Share\" class=\"linksalpha_image\" \/>\n\t\t\t\t\t<\/a><script type=\"text\/javascript\" src=\"\/\/www.linksalpha.com\/scripts\/loader_iconbox.js?v=2.4\"><\/script><\/span><\/div><p style=\"text-align: justify;\">Segundo o Jornalista <strong>Jos\u00e9 Edalvo<\/strong>, o \u201cmundo vitorienses\u201d se transforma para celebrar o carnaval, at\u00e9 porque, segundo o amigo Edalvo, a festa de MOMO est\u00e1 na alma do povo da Rep\u00fablica das Tabocas, baseado nisso o jornalista afirma: &#8220;O carnaval 2013 ser\u00e1 bom.&#8221; Assista:<\/p>\n<p style=\"text-align: center;\"><object width=\"600\" height=\"338\" classid=\"clsid:d27cdb6e-ae6d-11cf-96b8-444553540000\" codebase=\"http:\/\/download.macromedia.com\/pub\/shockwave\/cabs\/flash\/swflash.cab#version=6,0,40,0\"><param name=\"allowFullScreen\" value=\"true\" \/><param name=\"allowscriptaccess\" value=\"always\" \/><param name=\"src\" value=\"http:\/\/www.youtube.com\/v\/RSxbemUBRHM?hl=pt_BR&amp;version=3\" \/><param name=\"allowfullscreen\" value=\"true\" \/><embed width=\"600\" height=\"338\" type=\"application\/x-shockwave-flash\" src=\"http:\/\/www.youtube.com\/v\/RSxbemUBRHM?hl=pt_BR&amp;version=3\" allowFullScreen=\"true\" allowscriptaccess=\"always\" allowfullscreen=\"true\" \/><\/object><\/p>\n\n\t\t\t\t<div class=\"mr_social_sharing_wrapper\">\n\t\t\t\t<!-- Social Sharing Toolkit v2.2 --><span class=\"mr_social_sharing_top\"><span style=\"display: inline-block; width: 55px; height: 62px; overflow: hidden;\"><div class=\"fb-like\" data-href=\"https:\/\/www.blogdopilako.com.br\/wp\/2013\/01\/24\/falando-em-folia-jose-edalvo\/\" data-send=\"false\" data-layout=\"box_count\" data-width=\"55\" data-show-faces=\"false\"><\/div><\/span><\/span><span class=\"mr_social_sharing_top\"><fb:share-button type=\"box_count\" href=\"https:\/\/www.blogdopilako.com.br\/wp\/2013\/01\/24\/falando-em-folia-jose-edalvo\/\"><\/fb:share-button><\/span><span class=\"mr_social_sharing\"><a rel=\"nofollow\" class=\"linksalpha_button linksalpha_link\" href=\"\/\/www.linksalpha.com\/social\/mobile\" data-url=\"https:\/\/www.blogdopilako.com.br\/wp\/2013\/01\/24\/falando-em-folia-jose-edalvo\/\" data-text=\"Falando em Folia: Jos\u00e9 Edalvo\" data-desc=\"Segundo o Jornalista Jos\u00e9 Edalvo, o \u201cmundo vitorienses\u201d se transforma para celebrar o carnaval, at\u00e9 porque, segundo o amigo Edalvo, a festa de MOMO est\u00e1 na alma do povo da Rep\u00fablica das Tabocas, baseado nisso o jornalista afirma: \"O carnaval 2013 ser\u00e1 bom.\" Assista:\" data-image=\"\" data-button=\"none\">\n\t\t\t\t\t<img src=\"\/\/www.linksalpha.com\/images\/social_share_button.png\" alt=\"Share\" class=\"linksalpha_image\" \/>\n\t\t\t\t\t<\/a><script type=\"text\/javascript\" src=\"\/\/www.linksalpha.com\/scripts\/loader_iconbox.js?v=2.4\"><\/script><\/span><\/div>","protected":false},"excerpt":{"rendered":"\n\t\t\t\t<div class=\"mr_social_sharing_wrapper\">\n\t\t\t\t<!-- Social Sharing Toolkit v2.2 --><span class=\"mr_social_sharing_top\"><span style=\"display: inline-block; width: 55px; height: 62px; overflow: hidden;\"><div class=\"fb-like\" data-href=\"https:\/\/www.blogdopilako.com.br\/wp\/2013\/01\/24\/falando-em-folia-jose-edalvo\/\" data-send=\"false\" data-layout=\"box_count\" data-width=\"55\" data-show-faces=\"false\"><\/div><\/span><\/span><span class=\"mr_social_sharing_top\"><fb:share-button type=\"box_count\" href=\"https:\/\/www.blogdopilako.com.br\/wp\/2013\/01\/24\/falando-em-folia-jose-edalvo\/\"><\/fb:share-button><\/span><span class=\"mr_social_sharing\"><a rel=\"nofollow\" class=\"linksalpha_button linksalpha_link\" href=\"\/\/www.linksalpha.com\/social\/mobile\" data-url=\"https:\/\/www.blogdopilako.com.br\/wp\/2013\/01\/24\/falando-em-folia-jose-edalvo\/\" data-text=\"Falando em Folia: Jos\u00e9 Edalvo\" data-desc=\"Segundo o Jornalista Jos\u00e9 Edalvo, o \u201cmundo vitorienses\u201d se transforma para celebrar o carnaval, at\u00e9 porque, segundo o amigo Edalvo, a festa de MOMO est\u00e1 na alma do povo da Rep\u00fablica das Tabocas, baseado nisso o jornalista afirma: \"O carnaval 2013 ser\u00e1 bom.\" Assista:\" data-image=\"\" data-button=\"none\">\n\t\t\t\t\t<img src=\"\/\/www.linksalpha.com\/images\/social_share_button.png\" alt=\"Share\" class=\"linksalpha_image\" \/>\n\t\t\t\t\t<\/a><script type=\"text\/javascript\" src=\"\/\/www.linksalpha.com\/scripts\/loader_iconbox.js?v=2.4\"><\/script><\/span><\/div><p>Segundo o Jornalista Jos\u00e9 Edalvo, o \u201cmundo vitorienses\u201d se transforma para celebrar o carnaval, at\u00e9 porque, segundo o amigo Edalvo, a festa de MOMO est\u00e1 na alma do povo da Rep\u00fablica das Tabocas, baseado nisso o jornalista afirma: &#8220;O carnaval &hellip; <a href=\"https:\/\/www.blogdopilako.com.br\/wp\/2013\/01\/24\/falando-em-folia-jose-edalvo\/\">Continue lendo <span class=\"meta-nav\">&rarr;<\/span><\/a><\/p>\n\n\t\t\t\t<div class=\"mr_social_sharing_wrapper\">\n\t\t\t\t<!-- Social Sharing Toolkit v2.2 --><span class=\"mr_social_sharing_top\"><span style=\"display: inline-block; width: 55px; height: 62px; overflow: hidden;\"><div class=\"fb-like\" data-href=\"https:\/\/www.blogdopilako.com.br\/wp\/2013\/01\/24\/falando-em-folia-jose-edalvo\/\" data-send=\"false\" data-layout=\"box_count\" data-width=\"55\" data-show-faces=\"false\"><\/div><\/span><\/span><span class=\"mr_social_sharing_top\"><fb:share-button type=\"box_count\" href=\"https:\/\/www.blogdopilako.com.br\/wp\/2013\/01\/24\/falando-em-folia-jose-edalvo\/\"><\/fb:share-button><\/span><span class=\"mr_social_sharing\"><a rel=\"nofollow\" class=\"linksalpha_button linksalpha_link\" href=\"\/\/www.linksalpha.com\/social\/mobile\" data-url=\"https:\/\/www.blogdopilako.com.br\/wp\/2013\/01\/24\/falando-em-folia-jose-edalvo\/\" data-text=\"Falando em Folia: Jos\u00e9 Edalvo\" data-desc=\"Segundo o Jornalista Jos\u00e9 Edalvo, o \u201cmundo vitorienses\u201d se transforma para celebrar o carnaval, at\u00e9 porque, segundo o amigo Edalvo, a festa de MOMO est\u00e1 na alma do povo da Rep\u00fablica das Tabocas, baseado nisso o jornalista afirma: \"O carnaval 2013 ser\u00e1 bom.\" Assista:\" data-image=\"\" data-button=\"none\">\n\t\t\t\t\t<img src=\"\/\/www.linksalpha.com\/images\/social_share_button.png\" alt=\"Share\" class=\"linksalpha_image\" \/>\n\t\t\t\t\t<\/a><script type=\"text\/javascript\" src=\"\/\/www.linksalpha.com\/scripts\/loader_iconbox.js?v=2.4\"><\/script><\/span><\/div>","protected":false},"author":4,"featured_media":0,"comment_status":"open","ping_status":"open","sticky":false,"template":"","format":"standard","meta":[],"categories":[22],"tags":[],"_links":{"self":[{"href":"https:\/\/www.blogdopilako.com.br\/wp\/wp-json\/wp\/v2\/posts\/35250"}],"collection":[{"href":"https:\/\/www.blogdopilako.com.br\/wp\/wp-json\/wp\/v2\/posts"}],"about":[{"href":"https:\/\/www.blogdopilako.com.br\/wp\/wp-json\/wp\/v2\/types\/post"}],"author":[{"embeddable":true,"href":"https:\/\/www.blogdopilako.com.br\/wp\/wp-json\/wp\/v2\/users\/4"}],"replies":[{"embeddable":true,"href":"https:\/\/www.blogdopilako.com.br\/wp\/wp-json\/wp\/v2\/comments?post=35250"}],"version-history":[{"count":4,"href":"https:\/\/www.blogdopilako.com.br\/wp\/wp-json\/wp\/v2\/posts\/35250\/revisions"}],"predecessor-version":[{"id":35277,"href":"https:\/\/www.blogdopilako.com.br\/wp\/wp-json\/wp\/v2\/posts\/35250\/revisions\/35277"}],"wp:attachment":[{"href":"https:\/\/www.blogdopilako.com.br\/wp\/wp-json\/wp\/v2\/media?parent=35250"}],"wp:term":[{"taxonomy":"category","embeddable":true,"href":"https:\/\/www.blogdopilako.com.br\/wp\/wp-json\/wp\/v2\/categories?post=35250"},{"taxonomy":"post_tag","embeddable":true,"href":"https:\/\/www.blogdopilako.com.br\/wp\/wp-json\/wp\/v2\/tags?post=35250"}],"curies":[{"name":"wp","href":"https:\/\/api.w.org\/{rel}","templated":true}]}}