{"id":150099,"date":"2026-01-19T11:09:35","date_gmt":"2026-01-19T14:09:35","guid":{"rendered":"https:\/\/www.blogdopilako.com.br\/wp\/?p=150099"},"modified":"2026-01-19T11:13:14","modified_gmt":"2026-01-19T14:13:14","slug":"procissao-de-santo-antao-manteve-tradicao-antonense","status":"publish","type":"post","link":"https:\/\/www.blogdopilako.com.br\/wp\/2026\/01\/19\/procissao-de-santo-antao-manteve-tradicao-antonense\/","title":{"rendered":"Prociss\u00e3o de Santo Ant\u00e3o reuniu cat\u00f3licos antonenses."},"content":{"rendered":"\n\t\t\t\t<div class=\"mr_social_sharing_wrapper\">\n\t\t\t\t<!-- Social Sharing Toolkit v2.2 --><span class=\"mr_social_sharing_top\"><span style=\"display: inline-block; width: 55px; height: 62px; overflow: hidden;\"><div class=\"fb-like\" data-href=\"https:\/\/www.blogdopilako.com.br\/wp\/2026\/01\/19\/procissao-de-santo-antao-manteve-tradicao-antonense\/\" data-send=\"false\" data-layout=\"box_count\" data-width=\"55\" data-show-faces=\"false\"><\/div><\/span><\/span><span class=\"mr_social_sharing_top\"><fb:share-button type=\"box_count\" href=\"https:\/\/www.blogdopilako.com.br\/wp\/2026\/01\/19\/procissao-de-santo-antao-manteve-tradicao-antonense\/\"><\/fb:share-button><\/span><span class=\"mr_social_sharing\"><a rel=\"nofollow\" class=\"linksalpha_button linksalpha_link\" href=\"\/\/www.linksalpha.com\/social\/mobile\" data-url=\"https:\/\/www.blogdopilako.com.br\/wp\/2026\/01\/19\/procissao-de-santo-antao-manteve-tradicao-antonense\/\" data-text=\"Prociss\u00e3o de Santo Ant\u00e3o reuniu cat\u00f3licos antonenses.\" data-desc=\"Ap\u00f3s uma extensa programa\u00e7\u00e3o religiosa, consagrada ao padroeiro da nossa cidade aconteceu, na tarde do s\u00e1bado (17), \u00a0a t\u00e3o aguardada Prociss\u00e3o de Santo Ant\u00e3o. Com percurso definido, os fi\u00e9is cat\u00f3licos percorreram as principais vias centrais. \u00a0O 17 de janeiro de 2026 real\u00e7ou, de forma\" data-image=\"http:\/\/www.blogdopilako.com.br\/wp\/wp-content\/uploads\/2026\/01\/43e965b2-8571-4d76-bd0c-93c35b6585a0.jpg\" data-button=\"none\">\n\t\t\t\t\t<img src=\"\/\/www.linksalpha.com\/images\/social_share_button.png\" alt=\"Share\" class=\"linksalpha_image\" \/>\n\t\t\t\t\t<\/a><script type=\"text\/javascript\" src=\"\/\/www.linksalpha.com\/scripts\/loader_iconbox.js?v=2.4\"><\/script><\/span><\/div><p><img loading=\"lazy\" class=\"aligncenter wp-image-150100 size-full\" src=\"http:\/\/www.blogdopilako.com.br\/wp\/wp-content\/uploads\/2026\/01\/43e965b2-8571-4d76-bd0c-93c35b6585a0.jpg\" alt=\"\" width=\"1600\" height=\"1200\" srcset=\"https:\/\/www.blogdopilako.com.br\/wp\/wp-content\/uploads\/2026\/01\/43e965b2-8571-4d76-bd0c-93c35b6585a0.jpg 1600w, https:\/\/www.blogdopilako.com.br\/wp\/wp-content\/uploads\/2026\/01\/43e965b2-8571-4d76-bd0c-93c35b6585a0-300x225.jpg 300w, https:\/\/www.blogdopilako.com.br\/wp\/wp-content\/uploads\/2026\/01\/43e965b2-8571-4d76-bd0c-93c35b6585a0-1024x768.jpg 1024w, https:\/\/www.blogdopilako.com.br\/wp\/wp-content\/uploads\/2026\/01\/43e965b2-8571-4d76-bd0c-93c35b6585a0-768x576.jpg 768w, https:\/\/www.blogdopilako.com.br\/wp\/wp-content\/uploads\/2026\/01\/43e965b2-8571-4d76-bd0c-93c35b6585a0-1536x1152.jpg 1536w, https:\/\/www.blogdopilako.com.br\/wp\/wp-content\/uploads\/2026\/01\/43e965b2-8571-4d76-bd0c-93c35b6585a0-400x300.jpg 400w\" sizes=\"(max-width: 1600px) 100vw, 1600px\" \/><\/p>\n<p style=\"text-align: justify;\">Ap\u00f3s uma extensa programa\u00e7\u00e3o religiosa, consagrada ao padroeiro da nossa cidade aconteceu, na tarde do s\u00e1bado (17), \u00a0a t\u00e3o aguardada Prociss\u00e3o de Santo Ant\u00e3o.<\/p>\n<p style=\"text-align: justify;\">Com percurso definido, os fi\u00e9is cat\u00f3licos percorreram as principais vias centrais.<\/p>\n<p style=\"text-align: justify;\">\u00a0O 17 de janeiro de 2026 real\u00e7ou, de forma oficial, a passagem dos 400 anos de funda\u00e7\u00e3o da nossa comunidade. Curiosamente, a referida prociss\u00e3o destacou a sua edi\u00e7\u00e3o de n\u00famero 401\u00aa, algo que n\u00e3o se coaduna com um racioc\u00ednio l\u00f3gico.<\/p>\n<p style=\"text-align: justify;\">Na ocasi\u00e3o da passagem da prociss\u00e3o pela Pra\u00e7a Diogo de Braga, realizamos registro em v\u00eddeo. Veja aqui:<\/p>\n<p><iframe loading=\"lazy\" title=\"Blog do Pilako: PROCISS\u00c3O DE ANT\u00c3O (401\u00aa) -, S\u00c1BADO,  17 DE JANEIRO DE 2026\" width=\"584\" height=\"329\" src=\"https:\/\/www.youtube.com\/embed\/ARv_V2dGbvU?feature=oembed\" frameborder=\"0\" allow=\"accelerometer; autoplay; clipboard-write; encrypted-media; gyroscope; picture-in-picture; web-share\" referrerpolicy=\"strict-origin-when-cross-origin\" allowfullscreen><\/iframe><\/p>\n<p><iframe loading=\"lazy\" title=\"Blog do Pilako: PROCISS\u00c3O DE SANTO ANT\u00c3O (401\u00aa) - S\u00c1BADO, 17 DE JANEIRO DE 2026 - 2\" width=\"584\" height=\"329\" src=\"https:\/\/www.youtube.com\/embed\/VbEGZDr-XDs?feature=oembed\" frameborder=\"0\" allow=\"accelerometer; autoplay; clipboard-write; encrypted-media; gyroscope; picture-in-picture; web-share\" referrerpolicy=\"strict-origin-when-cross-origin\" allowfullscreen><\/iframe><\/p>\n<p><iframe loading=\"lazy\" title=\"Blog do Pilako: PROCISS\u00c3O DE SANTO ANT\u00c3O (401\u00aa) - S\u00c1BADO, 17 DE JANEIRO DE 2026\" width=\"584\" height=\"329\" src=\"https:\/\/www.youtube.com\/embed\/EfOsfwTPcn4?feature=oembed\" frameborder=\"0\" allow=\"accelerometer; autoplay; clipboard-write; encrypted-media; gyroscope; picture-in-picture; web-share\" referrerpolicy=\"strict-origin-when-cross-origin\" allowfullscreen><\/iframe><\/p>\n<p><iframe loading=\"lazy\" title=\"Blog do Pilako: PROCISS\u00c3O DE SANTO ANT\u00c3O (401\u00aa) - S\u00c1BADO, 17 DE JANEIRO DE 2026 4\" width=\"584\" height=\"329\" src=\"https:\/\/www.youtube.com\/embed\/po8cdGr5Ut8?feature=oembed\" frameborder=\"0\" allow=\"accelerometer; autoplay; clipboard-write; encrypted-media; gyroscope; picture-in-picture; web-share\" referrerpolicy=\"strict-origin-when-cross-origin\" allowfullscreen><\/iframe><\/p>\n<p><iframe loading=\"lazy\" title=\"Blog do Pilako: PROCISS\u00c3O DE SANTO ANT\u00c3O (301\u00aa) - S\u00c1BADO, 17 DEJANEIRO DE 2026 5\" width=\"584\" height=\"329\" src=\"https:\/\/www.youtube.com\/embed\/pT-9J72vGzM?feature=oembed\" frameborder=\"0\" allow=\"accelerometer; autoplay; clipboard-write; encrypted-media; gyroscope; picture-in-picture; web-share\" referrerpolicy=\"strict-origin-when-cross-origin\" allowfullscreen><\/iframe><\/p>\n<p><iframe loading=\"lazy\" title=\"Blog do Pilako: PROCISS\u00c3O DE SANTO ANT\u00c3O (401\u00aa) - S\u00c1BADO, 17 D E JANEIRO DE 2026.\" width=\"584\" height=\"329\" src=\"https:\/\/www.youtube.com\/embed\/sBBMi54vXI0?feature=oembed\" frameborder=\"0\" allow=\"accelerometer; autoplay; clipboard-write; encrypted-media; gyroscope; picture-in-picture; web-share\" referrerpolicy=\"strict-origin-when-cross-origin\" allowfullscreen><\/iframe><\/p>\n<p><iframe loading=\"lazy\" title=\"Blog do Pilako: PROCISS\u00c3O DE SANTO ANT\u00c3O (401\u00aa) - S\u00c1BADO, 17 DE JANEIRO DE 2026\" width=\"584\" height=\"329\" src=\"https:\/\/www.youtube.com\/embed\/qgucIocPzKQ?feature=oembed\" frameborder=\"0\" allow=\"accelerometer; autoplay; clipboard-write; encrypted-media; gyroscope; picture-in-picture; web-share\" referrerpolicy=\"strict-origin-when-cross-origin\" allowfullscreen><\/iframe><\/p>\n<p><iframe loading=\"lazy\" title=\"Blog do Pilako: PROCISS\u00c3O DE SANTO ANT\u00c3O (401\u00aa) - S\u00c1BADO, 17 DE JANEIRO DE 2026.\" width=\"584\" height=\"329\" src=\"https:\/\/www.youtube.com\/embed\/azWNnz7XRZY?feature=oembed\" frameborder=\"0\" allow=\"accelerometer; autoplay; clipboard-write; encrypted-media; gyroscope; picture-in-picture; web-share\" referrerpolicy=\"strict-origin-when-cross-origin\" allowfullscreen><\/iframe><\/p>\n<p><img loading=\"lazy\" class=\"alignnone wp-image-150096 size-full\" src=\"http:\/\/www.blogdopilako.com.br\/wp\/wp-content\/uploads\/2026\/01\/Pix-arte-final-2-7-768x301-20-31-26.png\" alt=\"\" width=\"768\" height=\"301\" srcset=\"https:\/\/www.blogdopilako.com.br\/wp\/wp-content\/uploads\/2026\/01\/Pix-arte-final-2-7-768x301-20-31-26.png 768w, https:\/\/www.blogdopilako.com.br\/wp\/wp-content\/uploads\/2026\/01\/Pix-arte-final-2-7-768x301-20-31-26-300x118.png 300w, https:\/\/www.blogdopilako.com.br\/wp\/wp-content\/uploads\/2026\/01\/Pix-arte-final-2-7-768x301-20-31-26-500x196.png 500w\" sizes=\"(max-width: 768px) 100vw, 768px\" \/><\/p>\n\n\t\t\t\t<div class=\"mr_social_sharing_wrapper\">\n\t\t\t\t<!-- Social Sharing Toolkit v2.2 --><span class=\"mr_social_sharing_top\"><span style=\"display: inline-block; width: 55px; height: 62px; overflow: hidden;\"><div class=\"fb-like\" data-href=\"https:\/\/www.blogdopilako.com.br\/wp\/2026\/01\/19\/procissao-de-santo-antao-manteve-tradicao-antonense\/\" data-send=\"false\" data-layout=\"box_count\" data-width=\"55\" data-show-faces=\"false\"><\/div><\/span><\/span><span class=\"mr_social_sharing_top\"><fb:share-button type=\"box_count\" href=\"https:\/\/www.blogdopilako.com.br\/wp\/2026\/01\/19\/procissao-de-santo-antao-manteve-tradicao-antonense\/\"><\/fb:share-button><\/span><span class=\"mr_social_sharing\"><a rel=\"nofollow\" class=\"linksalpha_button linksalpha_link\" href=\"\/\/www.linksalpha.com\/social\/mobile\" data-url=\"https:\/\/www.blogdopilako.com.br\/wp\/2026\/01\/19\/procissao-de-santo-antao-manteve-tradicao-antonense\/\" data-text=\"Prociss\u00e3o de Santo Ant\u00e3o reuniu cat\u00f3licos antonenses.\" data-desc=\"Ap\u00f3s uma extensa programa\u00e7\u00e3o religiosa, consagrada ao padroeiro da nossa cidade aconteceu, na tarde do s\u00e1bado (17), \u00a0a t\u00e3o aguardada Prociss\u00e3o de Santo Ant\u00e3o. Com percurso definido, os fi\u00e9is cat\u00f3licos percorreram as principais vias centrais. \u00a0O 17 de janeiro de 2026 real\u00e7ou, de forma\" data-image=\"http:\/\/www.blogdopilako.com.br\/wp\/wp-content\/uploads\/2026\/01\/43e965b2-8571-4d76-bd0c-93c35b6585a0.jpg\" data-button=\"none\">\n\t\t\t\t\t<img src=\"\/\/www.linksalpha.com\/images\/social_share_button.png\" alt=\"Share\" class=\"linksalpha_image\" \/>\n\t\t\t\t\t<\/a><script type=\"text\/javascript\" src=\"\/\/www.linksalpha.com\/scripts\/loader_iconbox.js?v=2.4\"><\/script><\/span><\/div>","protected":false},"excerpt":{"rendered":"\n\t\t\t\t<div class=\"mr_social_sharing_wrapper\">\n\t\t\t\t<!-- Social Sharing Toolkit v2.2 --><span class=\"mr_social_sharing_top\"><span style=\"display: inline-block; width: 55px; height: 62px; overflow: hidden;\"><div class=\"fb-like\" data-href=\"https:\/\/www.blogdopilako.com.br\/wp\/2026\/01\/19\/procissao-de-santo-antao-manteve-tradicao-antonense\/\" data-send=\"false\" data-layout=\"box_count\" data-width=\"55\" data-show-faces=\"false\"><\/div><\/span><\/span><span class=\"mr_social_sharing_top\"><fb:share-button type=\"box_count\" href=\"https:\/\/www.blogdopilako.com.br\/wp\/2026\/01\/19\/procissao-de-santo-antao-manteve-tradicao-antonense\/\"><\/fb:share-button><\/span><span class=\"mr_social_sharing\"><a rel=\"nofollow\" class=\"linksalpha_button linksalpha_link\" href=\"\/\/www.linksalpha.com\/social\/mobile\" data-url=\"https:\/\/www.blogdopilako.com.br\/wp\/2026\/01\/19\/procissao-de-santo-antao-manteve-tradicao-antonense\/\" data-text=\"Prociss\u00e3o de Santo Ant\u00e3o reuniu cat\u00f3licos antonenses.\" data-desc=\"Ap\u00f3s uma extensa programa\u00e7\u00e3o religiosa, consagrada ao padroeiro da nossa cidade aconteceu, na tarde do s\u00e1bado (17), \u00a0a t\u00e3o aguardada Prociss\u00e3o de Santo Ant\u00e3o. Com percurso definido, os fi\u00e9is cat\u00f3licos percorreram as principais vias centrais. \u00a0O 17 de janeiro de 2026 real\u00e7ou, de forma\" data-image=\"\" data-button=\"none\">\n\t\t\t\t\t<img src=\"\/\/www.linksalpha.com\/images\/social_share_button.png\" alt=\"Share\" class=\"linksalpha_image\" \/>\n\t\t\t\t\t<\/a><script type=\"text\/javascript\" src=\"\/\/www.linksalpha.com\/scripts\/loader_iconbox.js?v=2.4\"><\/script><\/span><\/div><p>Ap\u00f3s uma extensa programa\u00e7\u00e3o religiosa, consagrada ao padroeiro da nossa cidade aconteceu, na tarde do s\u00e1bado (17), \u00a0a t\u00e3o aguardada Prociss\u00e3o de Santo Ant\u00e3o. Com percurso definido, os fi\u00e9is cat\u00f3licos percorreram as principais vias centrais. \u00a0O 17 de janeiro de &hellip; <a href=\"https:\/\/www.blogdopilako.com.br\/wp\/2026\/01\/19\/procissao-de-santo-antao-manteve-tradicao-antonense\/\">Continue lendo <span class=\"meta-nav\">&rarr;<\/span><\/a><\/p>\n\n\t\t\t\t<div class=\"mr_social_sharing_wrapper\">\n\t\t\t\t<!-- Social Sharing Toolkit v2.2 --><span class=\"mr_social_sharing_top\"><span style=\"display: inline-block; width: 55px; height: 62px; overflow: hidden;\"><div class=\"fb-like\" data-href=\"https:\/\/www.blogdopilako.com.br\/wp\/2026\/01\/19\/procissao-de-santo-antao-manteve-tradicao-antonense\/\" data-send=\"false\" data-layout=\"box_count\" data-width=\"55\" data-show-faces=\"false\"><\/div><\/span><\/span><span class=\"mr_social_sharing_top\"><fb:share-button type=\"box_count\" href=\"https:\/\/www.blogdopilako.com.br\/wp\/2026\/01\/19\/procissao-de-santo-antao-manteve-tradicao-antonense\/\"><\/fb:share-button><\/span><span class=\"mr_social_sharing\"><a rel=\"nofollow\" class=\"linksalpha_button linksalpha_link\" href=\"\/\/www.linksalpha.com\/social\/mobile\" data-url=\"https:\/\/www.blogdopilako.com.br\/wp\/2026\/01\/19\/procissao-de-santo-antao-manteve-tradicao-antonense\/\" data-text=\"Prociss\u00e3o de Santo Ant\u00e3o reuniu cat\u00f3licos antonenses.\" data-desc=\"Ap\u00f3s uma extensa programa\u00e7\u00e3o religiosa, consagrada ao padroeiro da nossa cidade aconteceu, na tarde do s\u00e1bado (17), \u00a0a t\u00e3o aguardada Prociss\u00e3o de Santo Ant\u00e3o. Com percurso definido, os fi\u00e9is cat\u00f3licos percorreram as principais vias centrais. \u00a0O 17 de janeiro de 2026 real\u00e7ou, de forma\" data-image=\"\" data-button=\"none\">\n\t\t\t\t\t<img src=\"\/\/www.linksalpha.com\/images\/social_share_button.png\" alt=\"Share\" class=\"linksalpha_image\" \/>\n\t\t\t\t\t<\/a><script type=\"text\/javascript\" src=\"\/\/www.linksalpha.com\/scripts\/loader_iconbox.js?v=2.4\"><\/script><\/span><\/div>","protected":false},"author":2,"featured_media":0,"comment_status":"open","ping_status":"open","sticky":false,"template":"","format":"standard","meta":[],"categories":[21],"tags":[],"_links":{"self":[{"href":"https:\/\/www.blogdopilako.com.br\/wp\/wp-json\/wp\/v2\/posts\/150099"}],"collection":[{"href":"https:\/\/www.blogdopilako.com.br\/wp\/wp-json\/wp\/v2\/posts"}],"about":[{"href":"https:\/\/www.blogdopilako.com.br\/wp\/wp-json\/wp\/v2\/types\/post"}],"author":[{"embeddable":true,"href":"https:\/\/www.blogdopilako.com.br\/wp\/wp-json\/wp\/v2\/users\/2"}],"replies":[{"embeddable":true,"href":"https:\/\/www.blogdopilako.com.br\/wp\/wp-json\/wp\/v2\/comments?post=150099"}],"version-history":[{"count":3,"href":"https:\/\/www.blogdopilako.com.br\/wp\/wp-json\/wp\/v2\/posts\/150099\/revisions"}],"predecessor-version":[{"id":150104,"href":"https:\/\/www.blogdopilako.com.br\/wp\/wp-json\/wp\/v2\/posts\/150099\/revisions\/150104"}],"wp:attachment":[{"href":"https:\/\/www.blogdopilako.com.br\/wp\/wp-json\/wp\/v2\/media?parent=150099"}],"wp:term":[{"taxonomy":"category","embeddable":true,"href":"https:\/\/www.blogdopilako.com.br\/wp\/wp-json\/wp\/v2\/categories?post=150099"},{"taxonomy":"post_tag","embeddable":true,"href":"https:\/\/www.blogdopilako.com.br\/wp\/wp-json\/wp\/v2\/tags?post=150099"}],"curies":[{"name":"wp","href":"https:\/\/api.w.org\/{rel}","templated":true}]}}