{"id":149546,"date":"2025-11-17T09:35:21","date_gmt":"2025-11-17T12:35:21","guid":{"rendered":"https:\/\/www.blogdopilako.com.br\/wp\/?p=149546"},"modified":"2025-11-17T09:45:23","modified_gmt":"2025-11-17T12:45:23","slug":"proclamacao-da-republica-no-brasil-por-historia_em_retalhos","status":"publish","type":"post","link":"https:\/\/www.blogdopilako.com.br\/wp\/2025\/11\/17\/proclamacao-da-republica-no-brasil-por-historia_em_retalhos\/","title":{"rendered":"Proclama\u00e7\u00e3o da Rep\u00fablica no Brasil &#8211; por @historia_em_retalhos."},"content":{"rendered":"\n\t\t\t\t<div class=\"mr_social_sharing_wrapper\">\n\t\t\t\t<!-- Social Sharing Toolkit v2.2 --><span class=\"mr_social_sharing_top\"><span style=\"display: inline-block; width: 55px; height: 62px; overflow: hidden;\"><div class=\"fb-like\" data-href=\"https:\/\/www.blogdopilako.com.br\/wp\/2025\/11\/17\/proclamacao-da-republica-no-brasil-por-historia_em_retalhos\/\" data-send=\"false\" data-layout=\"box_count\" data-width=\"55\" data-show-faces=\"false\"><\/div><\/span><\/span><span class=\"mr_social_sharing_top\"><fb:share-button type=\"box_count\" href=\"https:\/\/www.blogdopilako.com.br\/wp\/2025\/11\/17\/proclamacao-da-republica-no-brasil-por-historia_em_retalhos\/\"><\/fb:share-button><\/span><span class=\"mr_social_sharing\"><a rel=\"nofollow\" class=\"linksalpha_button linksalpha_link\" href=\"\/\/www.linksalpha.com\/social\/mobile\" data-url=\"https:\/\/www.blogdopilako.com.br\/wp\/2025\/11\/17\/proclamacao-da-republica-no-brasil-por-historia_em_retalhos\/\" data-text=\"Proclama\u00e7\u00e3o da Rep\u00fablica no Brasil \u2013 por @historia_em_retalhos.\" data-desc=\"\"Liberdade, liberdade! Abre as asas sobre n\u00f3s\" O samba-enredo campe\u00e3o da Imperatriz Leopoldinense, em 1989, homenageou os 100 anos da proclama\u00e7\u00e3o da Rep\u00fablica no Brasil. Por\u00e9m, eu trago hoje a seguinte indaga\u00e7\u00e3o: teria sido a proclama\u00e7\u00e3o da nossa Rep\u00fablica um ato \u00e9pico e\" data-image=\"http:\/\/www.blogdopilako.com.br\/wp\/wp-content\/uploads\/2025\/11\/93b38102-0e9b-44d8-8f98-9f80b214ffed.jpg\" data-button=\"none\">\n\t\t\t\t\t<img src=\"\/\/www.linksalpha.com\/images\/social_share_button.png\" alt=\"Share\" class=\"linksalpha_image\" \/>\n\t\t\t\t\t<\/a><script type=\"text\/javascript\" src=\"\/\/www.linksalpha.com\/scripts\/loader_iconbox.js?v=2.4\"><\/script><\/span><\/div><p><img loading=\"lazy\" class=\"alignnone wp-image-149548 size-full\" src=\"http:\/\/www.blogdopilako.com.br\/wp\/wp-content\/uploads\/2025\/11\/93b38102-0e9b-44d8-8f98-9f80b214ffed.jpg\" alt=\"\" width=\"640\" height=\"619\" srcset=\"https:\/\/www.blogdopilako.com.br\/wp\/wp-content\/uploads\/2025\/11\/93b38102-0e9b-44d8-8f98-9f80b214ffed.jpg 640w, https:\/\/www.blogdopilako.com.br\/wp\/wp-content\/uploads\/2025\/11\/93b38102-0e9b-44d8-8f98-9f80b214ffed-300x290.jpg 300w, https:\/\/www.blogdopilako.com.br\/wp\/wp-content\/uploads\/2025\/11\/93b38102-0e9b-44d8-8f98-9f80b214ffed-310x300.jpg 310w\" sizes=\"(max-width: 640px) 100vw, 640px\" \/><\/p>\n<p style=\"text-align: justify;\"><strong>&#8220;Liberdade, liberdade!<\/strong><br \/>\n<strong>Abre as asas sobre n\u00f3s&#8221;<\/strong><\/p>\n<p style=\"text-align: justify;\">O samba-enredo campe\u00e3o da Imperatriz Leopoldinense, em 1989, homenageou os 100 anos da proclama\u00e7\u00e3o da Rep\u00fablica no Brasil.<\/p>\n<p style=\"text-align: justify;\">Por\u00e9m, eu trago hoje a seguinte indaga\u00e7\u00e3o: teria sido a proclama\u00e7\u00e3o da nossa Rep\u00fablica um ato \u00e9pico e revolucion\u00e1rio?<\/p>\n<p style=\"text-align: justify;\">Com toda a v\u00eania, entendemos que n\u00e3o.<\/p>\n<p style=\"text-align: justify;\">Em verdade, a pr\u00f3pria monarquia brasileira j\u00e1 apresentava sinais de esgotamento.<\/p>\n<p style=\"text-align: justify;\">Apesar de ter a simpatia de boa parte da popula\u00e7\u00e3o, Dom Pedro II estava doente e desgastado.<\/p>\n<p style=\"text-align: justify;\">Comprou briga com o alto clero da Igreja Cat\u00f3lica, ao manter-se aliado \u00e0 ma\u00e7onaria, bem assim bateu de frente com alguns setores do Ex\u00e9rcito, com a aplica\u00e7\u00e3o de penas de censura.<\/p>\n<p style=\"text-align: justify;\">Paralelamente, crescia a classe m\u00e9dia formada por profissionais liberais e comerciantes, que reivindicavam maior participa\u00e7\u00e3o nos assuntos pol\u00edticos.<\/p>\n<p style=\"text-align: justify;\">Para al\u00e9m dessas quest\u00f5es, por\u00e9m, dois pontos foram fulcrais.<\/p>\n<p style=\"text-align: justify;\">Primeiro, que, com a assinatura da Lei \u00c1urea, os bar\u00f5es do caf\u00e9, insatisfeitos com a perda da m\u00e3o de obra escrava, tamb\u00e9m se sentiram tra\u00eddos pela coroa.<\/p>\n<p style=\"text-align: justify;\">Segundo, o descontentamento dos militares, desde o fim da Guerra do Paraguai, que se consideravam injusti\u00e7ados e buscavam tomar mais espa\u00e7o no poder.<\/p>\n<p style=\"text-align: justify;\">O mais intrigante, todavia, \u00e9 que a Rep\u00fablica foi proclamada pelo marechal Deodoro da Fonseca, monarquista convicto e de lealdade declarada a Pedro II, a quem devia, inclusive, favores.<\/p>\n<p style=\"text-align: justify;\">Como a gota d&#8217;\u00e1gua, espalhou-se a &#8220;fake news&#8221; de que o governo tinha ordenado a pris\u00e3o de Deodoro.<\/p>\n<p style=\"text-align: justify;\">Acreditando que esse boato (jamais comprovado) seria verdadeiro, o indeciso Deodoro juntou as tropas e proclamou a Rep\u00fablica em 15 de novembro de 1889.<\/p>\n<p style=\"text-align: justify;\">E assim nasceu a nossa Rep\u00fablica: uma interven\u00e7\u00e3o militar, sem nenhuma participa\u00e7\u00e3o popular.<\/p>\n<p style=\"text-align: justify;\">Esqueceram de convidar para a festa o personagem principal: o povo brasileiro.<\/p>\n<p style=\"text-align: justify;\">Sobral Pinto faz uma an\u00e1lise interessante.<\/p>\n<p style=\"text-align: justify;\">Segundo ele, o fato de a nossa Rep\u00fablica ter sido proclamada por militares os faz sentirem-se, at\u00e9 hoje, como os verdadeiros &#8220;donos da Rep\u00fablica&#8221;, como se s\u00f3 eles fossem capazes de dizer quais s\u00e3o os melhores rumos para a na\u00e7\u00e3o.<\/p>\n<p style=\"text-align: justify;\">Vale a reflex\u00e3o.<\/p>\n<p style=\"text-align: justify;\">Valeu, gente!<\/p>\n<p style=\"text-align: justify;\">Bom feriado!<br \/>\n.<br \/>\n.<br \/>\n<strong>Siga: @historia_em_retalhos<\/strong><\/p>\n<p><a href=\"https:\/\/www.instagram.com\/p\/DRFCE-IkeyU\/?igsh=MTV5dG5odDI1YmUydQ%3D%3D\">https:\/\/www.instagram.com\/p\/DRFCE-IkeyU\/?igsh=MTV5dG5odDI1YmUydQ%3D%3D<\/a><\/p>\n<p><img loading=\"lazy\" class=\"aligncenter wp-image-149547 size-full\" src=\"http:\/\/www.blogdopilako.com.br\/wp\/wp-content\/uploads\/2025\/11\/Pix-arte-final-2-7-768x301-20-31-22.png\" alt=\"\" width=\"768\" height=\"301\" srcset=\"https:\/\/www.blogdopilako.com.br\/wp\/wp-content\/uploads\/2025\/11\/Pix-arte-final-2-7-768x301-20-31-22.png 768w, https:\/\/www.blogdopilako.com.br\/wp\/wp-content\/uploads\/2025\/11\/Pix-arte-final-2-7-768x301-20-31-22-300x118.png 300w, https:\/\/www.blogdopilako.com.br\/wp\/wp-content\/uploads\/2025\/11\/Pix-arte-final-2-7-768x301-20-31-22-500x196.png 500w\" sizes=\"(max-width: 768px) 100vw, 768px\" \/><\/p>\n\n\t\t\t\t<div class=\"mr_social_sharing_wrapper\">\n\t\t\t\t<!-- Social Sharing Toolkit v2.2 --><span class=\"mr_social_sharing_top\"><span style=\"display: inline-block; width: 55px; height: 62px; overflow: hidden;\"><div class=\"fb-like\" data-href=\"https:\/\/www.blogdopilako.com.br\/wp\/2025\/11\/17\/proclamacao-da-republica-no-brasil-por-historia_em_retalhos\/\" data-send=\"false\" data-layout=\"box_count\" data-width=\"55\" data-show-faces=\"false\"><\/div><\/span><\/span><span class=\"mr_social_sharing_top\"><fb:share-button type=\"box_count\" href=\"https:\/\/www.blogdopilako.com.br\/wp\/2025\/11\/17\/proclamacao-da-republica-no-brasil-por-historia_em_retalhos\/\"><\/fb:share-button><\/span><span class=\"mr_social_sharing\"><a rel=\"nofollow\" class=\"linksalpha_button linksalpha_link\" href=\"\/\/www.linksalpha.com\/social\/mobile\" data-url=\"https:\/\/www.blogdopilako.com.br\/wp\/2025\/11\/17\/proclamacao-da-republica-no-brasil-por-historia_em_retalhos\/\" data-text=\"Proclama\u00e7\u00e3o da Rep\u00fablica no Brasil \u2013 por @historia_em_retalhos.\" data-desc=\"\"Liberdade, liberdade! Abre as asas sobre n\u00f3s\" O samba-enredo campe\u00e3o da Imperatriz Leopoldinense, em 1989, homenageou os 100 anos da proclama\u00e7\u00e3o da Rep\u00fablica no Brasil. Por\u00e9m, eu trago hoje a seguinte indaga\u00e7\u00e3o: teria sido a proclama\u00e7\u00e3o da nossa Rep\u00fablica um ato \u00e9pico e\" data-image=\"http:\/\/www.blogdopilako.com.br\/wp\/wp-content\/uploads\/2025\/11\/93b38102-0e9b-44d8-8f98-9f80b214ffed.jpg\" data-button=\"none\">\n\t\t\t\t\t<img src=\"\/\/www.linksalpha.com\/images\/social_share_button.png\" alt=\"Share\" class=\"linksalpha_image\" \/>\n\t\t\t\t\t<\/a><script type=\"text\/javascript\" src=\"\/\/www.linksalpha.com\/scripts\/loader_iconbox.js?v=2.4\"><\/script><\/span><\/div>","protected":false},"excerpt":{"rendered":"\n\t\t\t\t<div class=\"mr_social_sharing_wrapper\">\n\t\t\t\t<!-- Social Sharing Toolkit v2.2 --><span class=\"mr_social_sharing_top\"><span style=\"display: inline-block; width: 55px; height: 62px; overflow: hidden;\"><div class=\"fb-like\" data-href=\"https:\/\/www.blogdopilako.com.br\/wp\/2025\/11\/17\/proclamacao-da-republica-no-brasil-por-historia_em_retalhos\/\" data-send=\"false\" data-layout=\"box_count\" data-width=\"55\" data-show-faces=\"false\"><\/div><\/span><\/span><span class=\"mr_social_sharing_top\"><fb:share-button type=\"box_count\" href=\"https:\/\/www.blogdopilako.com.br\/wp\/2025\/11\/17\/proclamacao-da-republica-no-brasil-por-historia_em_retalhos\/\"><\/fb:share-button><\/span><span class=\"mr_social_sharing\"><a rel=\"nofollow\" class=\"linksalpha_button linksalpha_link\" href=\"\/\/www.linksalpha.com\/social\/mobile\" data-url=\"https:\/\/www.blogdopilako.com.br\/wp\/2025\/11\/17\/proclamacao-da-republica-no-brasil-por-historia_em_retalhos\/\" data-text=\"Proclama\u00e7\u00e3o da Rep\u00fablica no Brasil \u2013 por @historia_em_retalhos.\" data-desc=\"\"Liberdade, liberdade! Abre as asas sobre n\u00f3s\" O samba-enredo campe\u00e3o da Imperatriz Leopoldinense, em 1989, homenageou os 100 anos da proclama\u00e7\u00e3o da Rep\u00fablica no Brasil. Por\u00e9m, eu trago hoje a seguinte indaga\u00e7\u00e3o: teria sido a proclama\u00e7\u00e3o da nossa Rep\u00fablica um ato \u00e9pico e\" data-image=\"\" data-button=\"none\">\n\t\t\t\t\t<img src=\"\/\/www.linksalpha.com\/images\/social_share_button.png\" alt=\"Share\" class=\"linksalpha_image\" \/>\n\t\t\t\t\t<\/a><script type=\"text\/javascript\" src=\"\/\/www.linksalpha.com\/scripts\/loader_iconbox.js?v=2.4\"><\/script><\/span><\/div><p>&#8220;Liberdade, liberdade! Abre as asas sobre n\u00f3s&#8221; O samba-enredo campe\u00e3o da Imperatriz Leopoldinense, em 1989, homenageou os 100 anos da proclama\u00e7\u00e3o da Rep\u00fablica no Brasil. Por\u00e9m, eu trago hoje a seguinte indaga\u00e7\u00e3o: teria sido a proclama\u00e7\u00e3o da nossa Rep\u00fablica um &hellip; <a href=\"https:\/\/www.blogdopilako.com.br\/wp\/2025\/11\/17\/proclamacao-da-republica-no-brasil-por-historia_em_retalhos\/\">Continue lendo <span class=\"meta-nav\">&rarr;<\/span><\/a><\/p>\n\n\t\t\t\t<div class=\"mr_social_sharing_wrapper\">\n\t\t\t\t<!-- Social Sharing Toolkit v2.2 --><span class=\"mr_social_sharing_top\"><span style=\"display: inline-block; width: 55px; height: 62px; overflow: hidden;\"><div class=\"fb-like\" data-href=\"https:\/\/www.blogdopilako.com.br\/wp\/2025\/11\/17\/proclamacao-da-republica-no-brasil-por-historia_em_retalhos\/\" data-send=\"false\" data-layout=\"box_count\" data-width=\"55\" data-show-faces=\"false\"><\/div><\/span><\/span><span class=\"mr_social_sharing_top\"><fb:share-button type=\"box_count\" href=\"https:\/\/www.blogdopilako.com.br\/wp\/2025\/11\/17\/proclamacao-da-republica-no-brasil-por-historia_em_retalhos\/\"><\/fb:share-button><\/span><span class=\"mr_social_sharing\"><a rel=\"nofollow\" class=\"linksalpha_button linksalpha_link\" href=\"\/\/www.linksalpha.com\/social\/mobile\" data-url=\"https:\/\/www.blogdopilako.com.br\/wp\/2025\/11\/17\/proclamacao-da-republica-no-brasil-por-historia_em_retalhos\/\" data-text=\"Proclama\u00e7\u00e3o da Rep\u00fablica no Brasil \u2013 por @historia_em_retalhos.\" data-desc=\"\"Liberdade, liberdade! Abre as asas sobre n\u00f3s\" O samba-enredo campe\u00e3o da Imperatriz Leopoldinense, em 1989, homenageou os 100 anos da proclama\u00e7\u00e3o da Rep\u00fablica no Brasil. Por\u00e9m, eu trago hoje a seguinte indaga\u00e7\u00e3o: teria sido a proclama\u00e7\u00e3o da nossa Rep\u00fablica um ato \u00e9pico e\" data-image=\"\" data-button=\"none\">\n\t\t\t\t\t<img src=\"\/\/www.linksalpha.com\/images\/social_share_button.png\" alt=\"Share\" class=\"linksalpha_image\" \/>\n\t\t\t\t\t<\/a><script type=\"text\/javascript\" src=\"\/\/www.linksalpha.com\/scripts\/loader_iconbox.js?v=2.4\"><\/script><\/span><\/div>","protected":false},"author":2,"featured_media":0,"comment_status":"open","ping_status":"open","sticky":false,"template":"","format":"standard","meta":[],"categories":[21],"tags":[],"_links":{"self":[{"href":"https:\/\/www.blogdopilako.com.br\/wp\/wp-json\/wp\/v2\/posts\/149546"}],"collection":[{"href":"https:\/\/www.blogdopilako.com.br\/wp\/wp-json\/wp\/v2\/posts"}],"about":[{"href":"https:\/\/www.blogdopilako.com.br\/wp\/wp-json\/wp\/v2\/types\/post"}],"author":[{"embeddable":true,"href":"https:\/\/www.blogdopilako.com.br\/wp\/wp-json\/wp\/v2\/users\/2"}],"replies":[{"embeddable":true,"href":"https:\/\/www.blogdopilako.com.br\/wp\/wp-json\/wp\/v2\/comments?post=149546"}],"version-history":[{"count":1,"href":"https:\/\/www.blogdopilako.com.br\/wp\/wp-json\/wp\/v2\/posts\/149546\/revisions"}],"predecessor-version":[{"id":149549,"href":"https:\/\/www.blogdopilako.com.br\/wp\/wp-json\/wp\/v2\/posts\/149546\/revisions\/149549"}],"wp:attachment":[{"href":"https:\/\/www.blogdopilako.com.br\/wp\/wp-json\/wp\/v2\/media?parent=149546"}],"wp:term":[{"taxonomy":"category","embeddable":true,"href":"https:\/\/www.blogdopilako.com.br\/wp\/wp-json\/wp\/v2\/categories?post=149546"},{"taxonomy":"post_tag","embeddable":true,"href":"https:\/\/www.blogdopilako.com.br\/wp\/wp-json\/wp\/v2\/tags?post=149546"}],"curies":[{"name":"wp","href":"https:\/\/api.w.org\/{rel}","templated":true}]}}