{"id":149452,"date":"2025-11-07T09:25:00","date_gmt":"2025-11-07T12:25:00","guid":{"rendered":"https:\/\/www.blogdopilako.com.br\/wp\/?p=149452"},"modified":"2025-11-07T09:25:18","modified_gmt":"2025-11-07T12:25:18","slug":"momento-pitu-garcom-tem-pitu-a-cachaca-de-87-anos-que-virou-hino-nacional-nas-maos-e-nos-gogos-de-laercia-dantas","status":"publish","type":"post","link":"https:\/\/www.blogdopilako.com.br\/wp\/2025\/11\/07\/momento-pitu-garcom-tem-pitu-a-cachaca-de-87-anos-que-virou-hino-nacional-nas-maos-e-nos-gogos-de-laercia-dantas\/","title":{"rendered":"Momento Pit\u00fa: &#8220;Gar\u00e7om, tem Pit\u00fa&#8221;? A cacha\u00e7a de 87 anos que virou hino nacional nas m\u00e3os (e nos gog\u00f3s!) de La\u00e9rcia Dantas!"},"content":{"rendered":"\n\t\t\t\t<div class=\"mr_social_sharing_wrapper\">\n\t\t\t\t<!-- Social Sharing Toolkit v2.2 --><span class=\"mr_social_sharing_top\"><span style=\"display: inline-block; width: 55px; height: 62px; overflow: hidden;\"><div class=\"fb-like\" data-href=\"https:\/\/www.blogdopilako.com.br\/wp\/2025\/11\/07\/momento-pitu-garcom-tem-pitu-a-cachaca-de-87-anos-que-virou-hino-nacional-nas-maos-e-nos-gogos-de-laercia-dantas\/\" data-send=\"false\" data-layout=\"box_count\" data-width=\"55\" data-show-faces=\"false\"><\/div><\/span><\/span><span class=\"mr_social_sharing_top\"><fb:share-button type=\"box_count\" href=\"https:\/\/www.blogdopilako.com.br\/wp\/2025\/11\/07\/momento-pitu-garcom-tem-pitu-a-cachaca-de-87-anos-que-virou-hino-nacional-nas-maos-e-nos-gogos-de-laercia-dantas\/\"><\/fb:share-button><\/span><span class=\"mr_social_sharing\"><a rel=\"nofollow\" class=\"linksalpha_button linksalpha_link\" href=\"\/\/www.linksalpha.com\/social\/mobile\" data-url=\"https:\/\/www.blogdopilako.com.br\/wp\/2025\/11\/07\/momento-pitu-garcom-tem-pitu-a-cachaca-de-87-anos-que-virou-hino-nacional-nas-maos-e-nos-gogos-de-laercia-dantas\/\" data-text=\"Momento Pit\u00fa: \u201cGar\u00e7om, tem Pit\u00fa\u201d? A cacha\u00e7a de 87 anos que virou hino nacional nas m\u00e3os (e nos gog\u00f3s!) de La\u00e9rcia Dantas!\" data-desc=\"De um engenho de Pernambuco para o Brasil inteiro a Pit\u00fa, criada em 1938, ganhou o mundo e agora brinda com La\u00e9rcia Dantas, a musa et\u00edlica que transformou um gole em fen\u00f4meno viral! Genteee! O Brasil parou, o gar\u00e7om congelou e a internet entornou o copo com ela: La\u00e9rcia Dantas, a mulher que\" data-image=\"http:\/\/www.blogdopilako.com.br\/wp\/wp-content\/uploads\/2025\/11\/WhatsApp-Image-2025-11-02-at-10.25.59-620x620-1.jpg\" data-button=\"none\">\n\t\t\t\t\t<img src=\"\/\/www.linksalpha.com\/images\/social_share_button.png\" alt=\"Share\" class=\"linksalpha_image\" \/>\n\t\t\t\t\t<\/a><script type=\"text\/javascript\" src=\"\/\/www.linksalpha.com\/scripts\/loader_iconbox.js?v=2.4\"><\/script><\/span><\/div><p><img loading=\"lazy\" class=\"aligncenter wp-image-149454 size-full\" src=\"http:\/\/www.blogdopilako.com.br\/wp\/wp-content\/uploads\/2025\/11\/WhatsApp-Image-2025-11-02-at-10.25.59-620x620-1.jpg\" alt=\"\" width=\"620\" height=\"620\" srcset=\"https:\/\/www.blogdopilako.com.br\/wp\/wp-content\/uploads\/2025\/11\/WhatsApp-Image-2025-11-02-at-10.25.59-620x620-1.jpg 620w, https:\/\/www.blogdopilako.com.br\/wp\/wp-content\/uploads\/2025\/11\/WhatsApp-Image-2025-11-02-at-10.25.59-620x620-1-300x300.jpg 300w, https:\/\/www.blogdopilako.com.br\/wp\/wp-content\/uploads\/2025\/11\/WhatsApp-Image-2025-11-02-at-10.25.59-620x620-1-150x150.jpg 150w\" sizes=\"(max-width: 620px) 100vw, 620px\" \/><\/p>\n<p style=\"text-align: justify;\">De um engenho de Pernambuco para o Brasil inteiro a Pit\u00fa, criada em 1938, ganhou o mundo e agora brinda com La\u00e9rcia Dantas, a musa et\u00edlica que transformou um gole em fen\u00f4meno viral!<\/p>\n<p style=\"text-align: justify;\">Genteee! O Brasil parou, o gar\u00e7om congelou e a internet entornou o copo com ela: La\u00e9rcia Dantas, a mulher que perguntou \u201cGar\u00e7om, tem Pit\u00fa?\u201d e sem querer reviveu uma marca com 87 anos de hist\u00f3ria!<\/p>\n<p style=\"text-align: justify;\">Pois \u00e9, meu amor, a Pit\u00fa, nascida l\u00e1 em Vit\u00f3ria de Santo Ant\u00e3o, interior de Pernambuco, \u00e9 praticamente uma vov\u00f3 destilada do Brasil. Criada em 1938 pelos vision\u00e1rios Joel C\u00e2ndido Carneiro, Severino Ferrer e Jos\u00e9 Ferrer de Moraes, ela come\u00e7ou humilde engarrafando vinagre e bebidas de maracuj\u00e1 at\u00e9 se tornar rainha da cana-de-a\u00e7\u00facar.<\/p>\n<p style=\"text-align: justify;\">O nome veio de um camar\u00e3ozinho de rio, o \u201cpit\u00fa\u201d, e desde os anos 1950, a marca s\u00f3 fez crescer. Nos anos 1970, a aguardente come\u00e7ou a ser exportada e hoje est\u00e1 em mais de 50 pa\u00edses, de Portugal ao M\u00e9xico, da Alemanha \u00e0 Argentina. Uma verdadeira embaixadora da alegria l\u00edquida nacional!<\/p>\n<p style=\"text-align: justify;\">Mas quem precisava de comercial quando o Brasil tem La\u00e9rcia Dantas? A cantora de Picos, no Piau\u00ed, juntou teclado, sofr\u00eancia e carisma, e deu \u00e0 Pit\u00fa o maior marketing espont\u00e2neo da d\u00e9cada!<\/p>\n<p style=\"text-align: justify;\">Com o bord\u00e3o que virou meme, ela ressuscitou uma marca quase centen\u00e1ria e colocou o Nordeste e a cacha\u00e7a no topo das trends!<\/p>\n<p style=\"text-align: justify;\">\u201cGar\u00e7om, tem Pit\u00fa?\u201d virou sin\u00f4nimo de tudo o que a gente ama: drama, humor e um gole de coragem!<\/p>\n<p style=\"text-align: justify;\">Hoje, a Pit\u00fa segue firme, com 18.500 m\u00b2 de f\u00e1brica em Pernambuco e uma fila de visitantes curiosos pra ver de perto onde nasce a magia. Enquanto isso, La\u00e9rcia brinda nas redes com 1 milh\u00e3o de seguidores no Instagram e quase 750 mil no TikTok, provando que a boa m\u00fasica, a boa hist\u00f3ria e a boa dose s\u00e3o, sim, exporta\u00e7\u00e3o garantida!<\/p>\n<p><strong>Texto reprodu\u00e7\u00e3o (K\u00e1tia Fl\u00e1via).\u00a0<\/strong><\/p>\n<p><img loading=\"lazy\" class=\"alignnone wp-image-149453 size-full\" src=\"http:\/\/www.blogdopilako.com.br\/wp\/wp-content\/uploads\/2025\/11\/Pix-arte-final-2-7-768x301-20-31-9.png\" alt=\"\" width=\"768\" height=\"301\" srcset=\"https:\/\/www.blogdopilako.com.br\/wp\/wp-content\/uploads\/2025\/11\/Pix-arte-final-2-7-768x301-20-31-9.png 768w, https:\/\/www.blogdopilako.com.br\/wp\/wp-content\/uploads\/2025\/11\/Pix-arte-final-2-7-768x301-20-31-9-300x118.png 300w, https:\/\/www.blogdopilako.com.br\/wp\/wp-content\/uploads\/2025\/11\/Pix-arte-final-2-7-768x301-20-31-9-500x196.png 500w\" sizes=\"(max-width: 768px) 100vw, 768px\" \/><\/p>\n<p style=\"text-align: justify;\">\n\n\t\t\t\t<div class=\"mr_social_sharing_wrapper\">\n\t\t\t\t<!-- Social Sharing Toolkit v2.2 --><span class=\"mr_social_sharing_top\"><span style=\"display: inline-block; width: 55px; height: 62px; overflow: hidden;\"><div class=\"fb-like\" data-href=\"https:\/\/www.blogdopilako.com.br\/wp\/2025\/11\/07\/momento-pitu-garcom-tem-pitu-a-cachaca-de-87-anos-que-virou-hino-nacional-nas-maos-e-nos-gogos-de-laercia-dantas\/\" data-send=\"false\" data-layout=\"box_count\" data-width=\"55\" data-show-faces=\"false\"><\/div><\/span><\/span><span class=\"mr_social_sharing_top\"><fb:share-button type=\"box_count\" href=\"https:\/\/www.blogdopilako.com.br\/wp\/2025\/11\/07\/momento-pitu-garcom-tem-pitu-a-cachaca-de-87-anos-que-virou-hino-nacional-nas-maos-e-nos-gogos-de-laercia-dantas\/\"><\/fb:share-button><\/span><span class=\"mr_social_sharing\"><a rel=\"nofollow\" class=\"linksalpha_button linksalpha_link\" href=\"\/\/www.linksalpha.com\/social\/mobile\" data-url=\"https:\/\/www.blogdopilako.com.br\/wp\/2025\/11\/07\/momento-pitu-garcom-tem-pitu-a-cachaca-de-87-anos-que-virou-hino-nacional-nas-maos-e-nos-gogos-de-laercia-dantas\/\" data-text=\"Momento Pit\u00fa: \u201cGar\u00e7om, tem Pit\u00fa\u201d? A cacha\u00e7a de 87 anos que virou hino nacional nas m\u00e3os (e nos gog\u00f3s!) de La\u00e9rcia Dantas!\" data-desc=\"De um engenho de Pernambuco para o Brasil inteiro a Pit\u00fa, criada em 1938, ganhou o mundo e agora brinda com La\u00e9rcia Dantas, a musa et\u00edlica que transformou um gole em fen\u00f4meno viral! Genteee! O Brasil parou, o gar\u00e7om congelou e a internet entornou o copo com ela: La\u00e9rcia Dantas, a mulher que\" data-image=\"http:\/\/www.blogdopilako.com.br\/wp\/wp-content\/uploads\/2025\/11\/WhatsApp-Image-2025-11-02-at-10.25.59-620x620-1.jpg\" data-button=\"none\">\n\t\t\t\t\t<img src=\"\/\/www.linksalpha.com\/images\/social_share_button.png\" alt=\"Share\" class=\"linksalpha_image\" \/>\n\t\t\t\t\t<\/a><script type=\"text\/javascript\" src=\"\/\/www.linksalpha.com\/scripts\/loader_iconbox.js?v=2.4\"><\/script><\/span><\/div>","protected":false},"excerpt":{"rendered":"\n\t\t\t\t<div class=\"mr_social_sharing_wrapper\">\n\t\t\t\t<!-- Social Sharing Toolkit v2.2 --><span class=\"mr_social_sharing_top\"><span style=\"display: inline-block; width: 55px; height: 62px; overflow: hidden;\"><div class=\"fb-like\" data-href=\"https:\/\/www.blogdopilako.com.br\/wp\/2025\/11\/07\/momento-pitu-garcom-tem-pitu-a-cachaca-de-87-anos-que-virou-hino-nacional-nas-maos-e-nos-gogos-de-laercia-dantas\/\" data-send=\"false\" data-layout=\"box_count\" data-width=\"55\" data-show-faces=\"false\"><\/div><\/span><\/span><span class=\"mr_social_sharing_top\"><fb:share-button type=\"box_count\" href=\"https:\/\/www.blogdopilako.com.br\/wp\/2025\/11\/07\/momento-pitu-garcom-tem-pitu-a-cachaca-de-87-anos-que-virou-hino-nacional-nas-maos-e-nos-gogos-de-laercia-dantas\/\"><\/fb:share-button><\/span><span class=\"mr_social_sharing\"><a rel=\"nofollow\" class=\"linksalpha_button linksalpha_link\" href=\"\/\/www.linksalpha.com\/social\/mobile\" data-url=\"https:\/\/www.blogdopilako.com.br\/wp\/2025\/11\/07\/momento-pitu-garcom-tem-pitu-a-cachaca-de-87-anos-que-virou-hino-nacional-nas-maos-e-nos-gogos-de-laercia-dantas\/\" data-text=\"Momento Pit\u00fa: \u201cGar\u00e7om, tem Pit\u00fa\u201d? A cacha\u00e7a de 87 anos que virou hino nacional nas m\u00e3os (e nos gog\u00f3s!) de La\u00e9rcia Dantas!\" data-desc=\"De um engenho de Pernambuco para o Brasil inteiro a Pit\u00fa, criada em 1938, ganhou o mundo e agora brinda com La\u00e9rcia Dantas, a musa et\u00edlica que transformou um gole em fen\u00f4meno viral! Genteee! O Brasil parou, o gar\u00e7om congelou e a internet entornou o copo com ela: La\u00e9rcia Dantas, a mulher que\" data-image=\"\" data-button=\"none\">\n\t\t\t\t\t<img src=\"\/\/www.linksalpha.com\/images\/social_share_button.png\" alt=\"Share\" class=\"linksalpha_image\" \/>\n\t\t\t\t\t<\/a><script type=\"text\/javascript\" src=\"\/\/www.linksalpha.com\/scripts\/loader_iconbox.js?v=2.4\"><\/script><\/span><\/div><p>De um engenho de Pernambuco para o Brasil inteiro a Pit\u00fa, criada em 1938, ganhou o mundo e agora brinda com La\u00e9rcia Dantas, a musa et\u00edlica que transformou um gole em fen\u00f4meno viral! Genteee! O Brasil parou, o gar\u00e7om congelou &hellip; <a href=\"https:\/\/www.blogdopilako.com.br\/wp\/2025\/11\/07\/momento-pitu-garcom-tem-pitu-a-cachaca-de-87-anos-que-virou-hino-nacional-nas-maos-e-nos-gogos-de-laercia-dantas\/\">Continue lendo <span class=\"meta-nav\">&rarr;<\/span><\/a><\/p>\n\n\t\t\t\t<div class=\"mr_social_sharing_wrapper\">\n\t\t\t\t<!-- Social Sharing Toolkit v2.2 --><span class=\"mr_social_sharing_top\"><span style=\"display: inline-block; width: 55px; height: 62px; overflow: hidden;\"><div class=\"fb-like\" data-href=\"https:\/\/www.blogdopilako.com.br\/wp\/2025\/11\/07\/momento-pitu-garcom-tem-pitu-a-cachaca-de-87-anos-que-virou-hino-nacional-nas-maos-e-nos-gogos-de-laercia-dantas\/\" data-send=\"false\" data-layout=\"box_count\" data-width=\"55\" data-show-faces=\"false\"><\/div><\/span><\/span><span class=\"mr_social_sharing_top\"><fb:share-button type=\"box_count\" href=\"https:\/\/www.blogdopilako.com.br\/wp\/2025\/11\/07\/momento-pitu-garcom-tem-pitu-a-cachaca-de-87-anos-que-virou-hino-nacional-nas-maos-e-nos-gogos-de-laercia-dantas\/\"><\/fb:share-button><\/span><span class=\"mr_social_sharing\"><a rel=\"nofollow\" class=\"linksalpha_button linksalpha_link\" href=\"\/\/www.linksalpha.com\/social\/mobile\" data-url=\"https:\/\/www.blogdopilako.com.br\/wp\/2025\/11\/07\/momento-pitu-garcom-tem-pitu-a-cachaca-de-87-anos-que-virou-hino-nacional-nas-maos-e-nos-gogos-de-laercia-dantas\/\" data-text=\"Momento Pit\u00fa: \u201cGar\u00e7om, tem Pit\u00fa\u201d? A cacha\u00e7a de 87 anos que virou hino nacional nas m\u00e3os (e nos gog\u00f3s!) de La\u00e9rcia Dantas!\" data-desc=\"De um engenho de Pernambuco para o Brasil inteiro a Pit\u00fa, criada em 1938, ganhou o mundo e agora brinda com La\u00e9rcia Dantas, a musa et\u00edlica que transformou um gole em fen\u00f4meno viral! Genteee! O Brasil parou, o gar\u00e7om congelou e a internet entornou o copo com ela: La\u00e9rcia Dantas, a mulher que\" data-image=\"\" data-button=\"none\">\n\t\t\t\t\t<img src=\"\/\/www.linksalpha.com\/images\/social_share_button.png\" alt=\"Share\" class=\"linksalpha_image\" \/>\n\t\t\t\t\t<\/a><script type=\"text\/javascript\" src=\"\/\/www.linksalpha.com\/scripts\/loader_iconbox.js?v=2.4\"><\/script><\/span><\/div>","protected":false},"author":2,"featured_media":0,"comment_status":"open","ping_status":"open","sticky":false,"template":"","format":"standard","meta":[],"categories":[21,120],"tags":[],"_links":{"self":[{"href":"https:\/\/www.blogdopilako.com.br\/wp\/wp-json\/wp\/v2\/posts\/149452"}],"collection":[{"href":"https:\/\/www.blogdopilako.com.br\/wp\/wp-json\/wp\/v2\/posts"}],"about":[{"href":"https:\/\/www.blogdopilako.com.br\/wp\/wp-json\/wp\/v2\/types\/post"}],"author":[{"embeddable":true,"href":"https:\/\/www.blogdopilako.com.br\/wp\/wp-json\/wp\/v2\/users\/2"}],"replies":[{"embeddable":true,"href":"https:\/\/www.blogdopilako.com.br\/wp\/wp-json\/wp\/v2\/comments?post=149452"}],"version-history":[{"count":1,"href":"https:\/\/www.blogdopilako.com.br\/wp\/wp-json\/wp\/v2\/posts\/149452\/revisions"}],"predecessor-version":[{"id":149455,"href":"https:\/\/www.blogdopilako.com.br\/wp\/wp-json\/wp\/v2\/posts\/149452\/revisions\/149455"}],"wp:attachment":[{"href":"https:\/\/www.blogdopilako.com.br\/wp\/wp-json\/wp\/v2\/media?parent=149452"}],"wp:term":[{"taxonomy":"category","embeddable":true,"href":"https:\/\/www.blogdopilako.com.br\/wp\/wp-json\/wp\/v2\/categories?post=149452"},{"taxonomy":"post_tag","embeddable":true,"href":"https:\/\/www.blogdopilako.com.br\/wp\/wp-json\/wp\/v2\/tags?post=149452"}],"curies":[{"name":"wp","href":"https:\/\/api.w.org\/{rel}","templated":true}]}}