{"id":149330,"date":"2025-10-28T09:24:30","date_gmt":"2025-10-28T12:24:30","guid":{"rendered":"https:\/\/www.blogdopilako.com.br\/wp\/?p=149330"},"modified":"2025-10-28T09:24:30","modified_gmt":"2025-10-28T12:24:30","slug":"no-tempo-de-eu-menino-o-primeiro-suicidio-por-sosigenes-bittencourt","status":"publish","type":"post","link":"https:\/\/www.blogdopilako.com.br\/wp\/2025\/10\/28\/no-tempo-de-eu-menino-o-primeiro-suicidio-por-sosigenes-bittencourt\/","title":{"rendered":"NO TEMPO DE EU MENINO &#8211; (O Primeiro Suic\u00eddio) &#8211; por Sos\u00edgenes Bittencourt."},"content":{"rendered":"\n\t\t\t\t<div class=\"mr_social_sharing_wrapper\">\n\t\t\t\t<!-- Social Sharing Toolkit v2.2 --><span class=\"mr_social_sharing_top\"><span style=\"display: inline-block; width: 55px; height: 62px; overflow: hidden;\"><div class=\"fb-like\" data-href=\"https:\/\/www.blogdopilako.com.br\/wp\/2025\/10\/28\/no-tempo-de-eu-menino-o-primeiro-suicidio-por-sosigenes-bittencourt\/\" data-send=\"false\" data-layout=\"box_count\" data-width=\"55\" data-show-faces=\"false\"><\/div><\/span><\/span><span class=\"mr_social_sharing_top\"><fb:share-button type=\"box_count\" href=\"https:\/\/www.blogdopilako.com.br\/wp\/2025\/10\/28\/no-tempo-de-eu-menino-o-primeiro-suicidio-por-sosigenes-bittencourt\/\"><\/fb:share-button><\/span><span class=\"mr_social_sharing\"><a rel=\"nofollow\" class=\"linksalpha_button linksalpha_link\" href=\"\/\/www.linksalpha.com\/social\/mobile\" data-url=\"https:\/\/www.blogdopilako.com.br\/wp\/2025\/10\/28\/no-tempo-de-eu-menino-o-primeiro-suicidio-por-sosigenes-bittencourt\/\" data-text=\"NO TEMPO DE EU MENINO \u2013 (O Primeiro Suic\u00eddio) \u2013 por Sos\u00edgenes Bittencourt.\" data-desc=\"Um dia, eu era menino, vi uma prostituta pegando fogo. Foi na ladeira da Zona de Baixo Meretr\u00edcio, no tempo de N\u00fabia Lafayette cantando \u201cLama\u201d - m\u00fasica que, em desabafo, se vingava: Hoje, quem me difama, viveu na lama tamb\u00e9m. \u00c0 noite, quando N\u00fabia cantava, eu via a prostituta pegando\" data-image=\"http:\/\/www.blogdopilako.com.br\/wp\/wp-content\/uploads\/2025\/10\/571268992_24858241293871660_2067826194616097771_n-218x300.jpg\" data-button=\"none\">\n\t\t\t\t\t<img src=\"\/\/www.linksalpha.com\/images\/social_share_button.png\" alt=\"Share\" class=\"linksalpha_image\" \/>\n\t\t\t\t\t<\/a><script type=\"text\/javascript\" src=\"\/\/www.linksalpha.com\/scripts\/loader_iconbox.js?v=2.4\"><\/script><\/span><\/div><div dir=\"auto\" style=\"text-align: justify;\"><img loading=\"lazy\" class=\"wp-image-149332 size-medium alignleft\" src=\"http:\/\/www.blogdopilako.com.br\/wp\/wp-content\/uploads\/2025\/10\/571268992_24858241293871660_2067826194616097771_n-218x300.jpg\" alt=\"\" width=\"218\" height=\"300\" srcset=\"https:\/\/www.blogdopilako.com.br\/wp\/wp-content\/uploads\/2025\/10\/571268992_24858241293871660_2067826194616097771_n-218x300.jpg 218w, https:\/\/www.blogdopilako.com.br\/wp\/wp-content\/uploads\/2025\/10\/571268992_24858241293871660_2067826194616097771_n.jpg 524w\" sizes=\"(max-width: 218px) 100vw, 218px\" \/><\/div>\n<div dir=\"auto\" style=\"text-align: justify;\">Um dia, eu era menino, vi uma prostituta pegando fogo. Foi na ladeira da Zona de Baixo Meretr\u00edcio, no tempo de N\u00fabia Lafayette cantando \u201cLama\u201d &#8211; m\u00fasica que, em desabafo, se vingava: Hoje, quem me difama, viveu na lama tamb\u00e9m.<\/div>\n<div dir=\"auto\" style=\"text-align: justify;\">\u00c0 noite, quando N\u00fabia cantava, eu via a prostituta pegando fogo, a sua pele queimando, e o seu peito ondeando, sufocado. Desesperada, sa\u00edra correndo da casa, aos gritos, e ca\u00edra, no meio da rua, emudecida. Foi o meu primeiro suic\u00eddio.<\/div>\n<div dir=\"auto\" style=\"text-align: justify;\">\u00c0 sombra da muralha de adultos que se comprimia, eu olhava pela brecha, olhava&#8230; E, p\u00e1lido, meio magro, desintoxicado, em solil\u00f3quio, indagava: Cad\u00ea Deus?<\/div>\n<div dir=\"auto\" style=\"text-align: justify;\">Passei uns dias sem comer direito, com a boca amarga, pelos cantos de parede, com vontade de chorar. N\u00e3o podia ouvir N\u00fabia cantar.<\/div>\n<div dir=\"auto\" style=\"text-align: justify;\">Mas, fui crescendo, crescendo, e fiquei sabendo que foi por causa de amor. O que \u00e9 o amor? \u2013 eu me punha a perguntar.<\/div>\n<div dir=\"auto\" style=\"text-align: justify;\">Um dia, j\u00e1 menino grande, eu comecei a me explicar. O amor n\u00e3o tem explica\u00e7\u00e3o, o amor \u00e9 s\u00f3 amar. O amor arde, o amor queima, pode at\u00e9 incendiar.<\/div>\n<div dir=\"auto\"><\/div>\n<div dir=\"auto\"><strong>Sos\u00edgenes Bittencourt<\/strong><\/div>\n<div dir=\"auto\"><\/div>\n<div dir=\"auto\"><img loading=\"lazy\" class=\"aligncenter wp-image-149325 size-full\" src=\"http:\/\/www.blogdopilako.com.br\/wp\/wp-content\/uploads\/2025\/10\/Pix-arte-final-2-7-768x301-20-31-40.png\" alt=\"\" width=\"768\" height=\"301\" srcset=\"https:\/\/www.blogdopilako.com.br\/wp\/wp-content\/uploads\/2025\/10\/Pix-arte-final-2-7-768x301-20-31-40.png 768w, https:\/\/www.blogdopilako.com.br\/wp\/wp-content\/uploads\/2025\/10\/Pix-arte-final-2-7-768x301-20-31-40-300x118.png 300w, https:\/\/www.blogdopilako.com.br\/wp\/wp-content\/uploads\/2025\/10\/Pix-arte-final-2-7-768x301-20-31-40-500x196.png 500w\" sizes=\"(max-width: 768px) 100vw, 768px\" \/><\/div>\n\n\t\t\t\t<div class=\"mr_social_sharing_wrapper\">\n\t\t\t\t<!-- Social Sharing Toolkit v2.2 --><span class=\"mr_social_sharing_top\"><span style=\"display: inline-block; width: 55px; height: 62px; overflow: hidden;\"><div class=\"fb-like\" data-href=\"https:\/\/www.blogdopilako.com.br\/wp\/2025\/10\/28\/no-tempo-de-eu-menino-o-primeiro-suicidio-por-sosigenes-bittencourt\/\" data-send=\"false\" data-layout=\"box_count\" data-width=\"55\" data-show-faces=\"false\"><\/div><\/span><\/span><span class=\"mr_social_sharing_top\"><fb:share-button type=\"box_count\" href=\"https:\/\/www.blogdopilako.com.br\/wp\/2025\/10\/28\/no-tempo-de-eu-menino-o-primeiro-suicidio-por-sosigenes-bittencourt\/\"><\/fb:share-button><\/span><span class=\"mr_social_sharing\"><a rel=\"nofollow\" class=\"linksalpha_button linksalpha_link\" href=\"\/\/www.linksalpha.com\/social\/mobile\" data-url=\"https:\/\/www.blogdopilako.com.br\/wp\/2025\/10\/28\/no-tempo-de-eu-menino-o-primeiro-suicidio-por-sosigenes-bittencourt\/\" data-text=\"NO TEMPO DE EU MENINO \u2013 (O Primeiro Suic\u00eddio) \u2013 por Sos\u00edgenes Bittencourt.\" data-desc=\"Um dia, eu era menino, vi uma prostituta pegando fogo. Foi na ladeira da Zona de Baixo Meretr\u00edcio, no tempo de N\u00fabia Lafayette cantando \u201cLama\u201d - m\u00fasica que, em desabafo, se vingava: Hoje, quem me difama, viveu na lama tamb\u00e9m. \u00c0 noite, quando N\u00fabia cantava, eu via a prostituta pegando\" data-image=\"http:\/\/www.blogdopilako.com.br\/wp\/wp-content\/uploads\/2025\/10\/571268992_24858241293871660_2067826194616097771_n-218x300.jpg\" data-button=\"none\">\n\t\t\t\t\t<img src=\"\/\/www.linksalpha.com\/images\/social_share_button.png\" alt=\"Share\" class=\"linksalpha_image\" \/>\n\t\t\t\t\t<\/a><script type=\"text\/javascript\" src=\"\/\/www.linksalpha.com\/scripts\/loader_iconbox.js?v=2.4\"><\/script><\/span><\/div>","protected":false},"excerpt":{"rendered":"\n\t\t\t\t<div class=\"mr_social_sharing_wrapper\">\n\t\t\t\t<!-- Social Sharing Toolkit v2.2 --><span class=\"mr_social_sharing_top\"><span style=\"display: inline-block; width: 55px; height: 62px; overflow: hidden;\"><div class=\"fb-like\" data-href=\"https:\/\/www.blogdopilako.com.br\/wp\/2025\/10\/28\/no-tempo-de-eu-menino-o-primeiro-suicidio-por-sosigenes-bittencourt\/\" data-send=\"false\" data-layout=\"box_count\" data-width=\"55\" data-show-faces=\"false\"><\/div><\/span><\/span><span class=\"mr_social_sharing_top\"><fb:share-button type=\"box_count\" href=\"https:\/\/www.blogdopilako.com.br\/wp\/2025\/10\/28\/no-tempo-de-eu-menino-o-primeiro-suicidio-por-sosigenes-bittencourt\/\"><\/fb:share-button><\/span><span class=\"mr_social_sharing\"><a rel=\"nofollow\" class=\"linksalpha_button linksalpha_link\" href=\"\/\/www.linksalpha.com\/social\/mobile\" data-url=\"https:\/\/www.blogdopilako.com.br\/wp\/2025\/10\/28\/no-tempo-de-eu-menino-o-primeiro-suicidio-por-sosigenes-bittencourt\/\" data-text=\"NO TEMPO DE EU MENINO \u2013 (O Primeiro Suic\u00eddio) \u2013 por Sos\u00edgenes Bittencourt.\" data-desc=\"Um dia, eu era menino, vi uma prostituta pegando fogo. Foi na ladeira da Zona de Baixo Meretr\u00edcio, no tempo de N\u00fabia Lafayette cantando \u201cLama\u201d - m\u00fasica que, em desabafo, se vingava: Hoje, quem me difama, viveu na lama tamb\u00e9m. \u00c0 noite, quando N\u00fabia cantava, eu via a prostituta pegando\" data-image=\"\" data-button=\"none\">\n\t\t\t\t\t<img src=\"\/\/www.linksalpha.com\/images\/social_share_button.png\" alt=\"Share\" class=\"linksalpha_image\" \/>\n\t\t\t\t\t<\/a><script type=\"text\/javascript\" src=\"\/\/www.linksalpha.com\/scripts\/loader_iconbox.js?v=2.4\"><\/script><\/span><\/div><p>Um dia, eu era menino, vi uma prostituta pegando fogo. Foi na ladeira da Zona de Baixo Meretr\u00edcio, no tempo de N\u00fabia Lafayette cantando \u201cLama\u201d &#8211; m\u00fasica que, em desabafo, se vingava: Hoje, quem me difama, viveu na lama tamb\u00e9m. &hellip; <a href=\"https:\/\/www.blogdopilako.com.br\/wp\/2025\/10\/28\/no-tempo-de-eu-menino-o-primeiro-suicidio-por-sosigenes-bittencourt\/\">Continue lendo <span class=\"meta-nav\">&rarr;<\/span><\/a><\/p>\n\n\t\t\t\t<div class=\"mr_social_sharing_wrapper\">\n\t\t\t\t<!-- Social Sharing Toolkit v2.2 --><span class=\"mr_social_sharing_top\"><span style=\"display: inline-block; width: 55px; height: 62px; overflow: hidden;\"><div class=\"fb-like\" data-href=\"https:\/\/www.blogdopilako.com.br\/wp\/2025\/10\/28\/no-tempo-de-eu-menino-o-primeiro-suicidio-por-sosigenes-bittencourt\/\" data-send=\"false\" data-layout=\"box_count\" data-width=\"55\" data-show-faces=\"false\"><\/div><\/span><\/span><span class=\"mr_social_sharing_top\"><fb:share-button type=\"box_count\" href=\"https:\/\/www.blogdopilako.com.br\/wp\/2025\/10\/28\/no-tempo-de-eu-menino-o-primeiro-suicidio-por-sosigenes-bittencourt\/\"><\/fb:share-button><\/span><span class=\"mr_social_sharing\"><a rel=\"nofollow\" class=\"linksalpha_button linksalpha_link\" href=\"\/\/www.linksalpha.com\/social\/mobile\" data-url=\"https:\/\/www.blogdopilako.com.br\/wp\/2025\/10\/28\/no-tempo-de-eu-menino-o-primeiro-suicidio-por-sosigenes-bittencourt\/\" data-text=\"NO TEMPO DE EU MENINO \u2013 (O Primeiro Suic\u00eddio) \u2013 por Sos\u00edgenes Bittencourt.\" data-desc=\"Um dia, eu era menino, vi uma prostituta pegando fogo. Foi na ladeira da Zona de Baixo Meretr\u00edcio, no tempo de N\u00fabia Lafayette cantando \u201cLama\u201d - m\u00fasica que, em desabafo, se vingava: Hoje, quem me difama, viveu na lama tamb\u00e9m. \u00c0 noite, quando N\u00fabia cantava, eu via a prostituta pegando\" data-image=\"\" data-button=\"none\">\n\t\t\t\t\t<img src=\"\/\/www.linksalpha.com\/images\/social_share_button.png\" alt=\"Share\" class=\"linksalpha_image\" \/>\n\t\t\t\t\t<\/a><script type=\"text\/javascript\" src=\"\/\/www.linksalpha.com\/scripts\/loader_iconbox.js?v=2.4\"><\/script><\/span><\/div>","protected":false},"author":2,"featured_media":0,"comment_status":"open","ping_status":"open","sticky":false,"template":"","format":"standard","meta":[],"categories":[20],"tags":[],"_links":{"self":[{"href":"https:\/\/www.blogdopilako.com.br\/wp\/wp-json\/wp\/v2\/posts\/149330"}],"collection":[{"href":"https:\/\/www.blogdopilako.com.br\/wp\/wp-json\/wp\/v2\/posts"}],"about":[{"href":"https:\/\/www.blogdopilako.com.br\/wp\/wp-json\/wp\/v2\/types\/post"}],"author":[{"embeddable":true,"href":"https:\/\/www.blogdopilako.com.br\/wp\/wp-json\/wp\/v2\/users\/2"}],"replies":[{"embeddable":true,"href":"https:\/\/www.blogdopilako.com.br\/wp\/wp-json\/wp\/v2\/comments?post=149330"}],"version-history":[{"count":1,"href":"https:\/\/www.blogdopilako.com.br\/wp\/wp-json\/wp\/v2\/posts\/149330\/revisions"}],"predecessor-version":[{"id":149333,"href":"https:\/\/www.blogdopilako.com.br\/wp\/wp-json\/wp\/v2\/posts\/149330\/revisions\/149333"}],"wp:attachment":[{"href":"https:\/\/www.blogdopilako.com.br\/wp\/wp-json\/wp\/v2\/media?parent=149330"}],"wp:term":[{"taxonomy":"category","embeddable":true,"href":"https:\/\/www.blogdopilako.com.br\/wp\/wp-json\/wp\/v2\/categories?post=149330"},{"taxonomy":"post_tag","embeddable":true,"href":"https:\/\/www.blogdopilako.com.br\/wp\/wp-json\/wp\/v2\/tags?post=149330"}],"curies":[{"name":"wp","href":"https:\/\/api.w.org\/{rel}","templated":true}]}}